{"id":42321,"date":"2025-09-22T16:00:10","date_gmt":"2025-09-22T16:00:10","guid":{"rendered":"https:\/\/www.europesays.com\/fi\/42321\/"},"modified":"2025-09-22T16:00:10","modified_gmt":"2025-09-22T16:00:10","slug":"odotettu-star-wars-leffa-sai-trailerin-talta-nayttaa-the-mandalorian-and-grogu","status":"publish","type":"post","link":"https:\/\/www.europesays.com\/fi\/42321\/","title":{"rendered":"Odotettu Star Wars -leffa sai trailerin \u2013 t\u00e4lt\u00e4 n\u00e4ytt\u00e4\u00e4 The Mandalorian and Grogu"},"content":{"rendered":"<p>Baby Yoda valtaa valkokankaat toukokuussa. Ja onhan mukana my\u00f6s er\u00e4s Mandalorian, Din Djarin.<\/p>\n<p>Star Wars -elokuva The Mandalorian and Grogu saa USA:ssa ensi-iltansa 22. toukokuuta 2026, joten luultavasti meill\u00e4 ensi-ilta on jo 20. p\u00e4iv\u00e4.<\/p>\n<p><strong>Pedro Pascalin<\/strong> lis\u00e4ksi elokuvassa n\u00e4hd\u00e4\u00e4n<strong> Sigourney Weaver. Jeremy Allen White<\/strong> lainaa \u00e4\u00e4nens\u00e4 Jabba the Huttin pojalle Rottalle.<\/p>\n<p>Alla elokuvan juonikuvaus:<\/p>\n<p>Paha Imperiumi on kaatunut, ja imperiumin sotap\u00e4\u00e4llik\u00f6t ovat hajaantuneet ymp\u00e4ri galaksia. Vasta perustettu Uusi Tasavalta yritt\u00e4\u00e4 suojella kaikkea sit\u00e4, mink\u00e4 kapinalliset saavuttivat taistelullaan, ja on kutsunut avukseen legendaarisen mandalorialaisen palkkionmets\u00e4st\u00e4j\u00e4n Din Djarinin (Pascal) sek\u00e4 h\u00e4nen nuoren oppilaansa Grogun.<\/p>\n<p><strong>Jon Favreau <\/strong>on ohjannut elokuvan.<\/p>\n<p>Tsekkaa alta traileri ja juliste.<\/p>\n<p><img loading=\"lazy\" decoding=\"async\" alt=\"YouTube video\" width=\"480\" height=\"360\" data-pin-nopin=\"true\" nopin=\"nopin\" class=\"perfmatters-lazy\" src=\"https:\/\/www.europesays.com\/fi\/wp-content\/uploads\/2025\/09\/1758556809_337_hqdefault.jpg\"\/><\/p>\n<p><img loading=\"lazy\" height=\"960\" width=\"648\" class=\"wp-image-244331 sp-no-webp perfmatters-lazy\" alt=\"\" decoding=\"async\" src=\"https:\/\/www.europesays.com\/fi\/wp-content\/uploads\/2025\/09\/the-mandalorian-and-grogu-poster-648x960.jpg\"  data-\/> <\/p>\n<p>Lue my\u00f6s: <a href=\"https:\/\/www.episodi.fi\/uutiskirje\/?uutiskirjemainos=tekstilinkkimainos\" title=\"Tilaa Episodin uutiskirje ja voit voittaa leffalippuja! Nappaa tv-vinkit suoraan s\u00e4hk\u00f6postiin t\u00e4st\u00e4.\" class=\"underline-custom !font-montserrat !font-bold !underline-offset-4 !decoration-4 !decoration-episodi-blue !text-md\" rel=\"nofollow noopener\" target=\"_blank\">Tilaa Episodin uutiskirje ja voit voittaa leffalippuja! Nappaa katseluvinkit suoraan s\u00e4hk\u00f6postiin t\u00e4st\u00e4.<\/a><\/p>\n","protected":false},"excerpt":{"rendered":"Baby Yoda valtaa valkokankaat toukokuussa. Ja onhan mukana my\u00f6s er\u00e4s Mandalorian, Din Djarin. Star Wars -elokuva The Mandalorian&hellip;\n","protected":false},"author":2,"featured_media":42322,"comment_status":"","ping_status":"","sticky":false,"template":"","format":"standard","meta":{"footnotes":""},"categories":[131],"tags":[155,137,33,173,31,30,172,650,3058,8891,11205,32,109],"class_list":{"0":"post-42321","1":"post","2":"type-post","3":"status-publish","4":"format-standard","5":"has-post-thumbnail","7":"category-elokuvat","8":"tag-elokuvat","9":"tag-entertainment","10":"tag-fi","11":"tag-film","12":"tag-finland","13":"tag-finnish","14":"tag-movies","15":"tag-pedro-pascal","16":"tag-scifi","17":"tag-sigourney-weaver","18":"tag-star-wars-the-mandalorian-and-grogu","19":"tag-suomi","20":"tag-viihde"},"share_on_mastodon":{"url":"","error":""},"_links":{"self":[{"href":"https:\/\/www.europesays.com\/fi\/wp-json\/wp\/v2\/posts\/42321","targetHints":{"allow":["GET"]}}],"collection":[{"href":"https:\/\/www.europesays.com\/fi\/wp-json\/wp\/v2\/posts"}],"about":[{"href":"https:\/\/www.europesays.com\/fi\/wp-json\/wp\/v2\/types\/post"}],"author":[{"embeddable":true,"href":"https:\/\/www.europesays.com\/fi\/wp-json\/wp\/v2\/users\/2"}],"replies":[{"embeddable":true,"href":"https:\/\/www.europesays.com\/fi\/wp-json\/wp\/v2\/comments?post=42321"}],"version-history":[{"count":0,"href":"https:\/\/www.europesays.com\/fi\/wp-json\/wp\/v2\/posts\/42321\/revisions"}],"wp:featuredmedia":[{"embeddable":true,"href":"https:\/\/www.europesays.com\/fi\/wp-json\/wp\/v2\/media\/42322"}],"wp:attachment":[{"href":"https:\/\/www.europesays.com\/fi\/wp-json\/wp\/v2\/media?parent=42321"}],"wp:term":[{"taxonomy":"category","embeddable":true,"href":"https:\/\/www.europesays.com\/fi\/wp-json\/wp\/v2\/categories?post=42321"},{"taxonomy":"post_tag","embeddable":true,"href":"https:\/\/www.europesays.com\/fi\/wp-json\/wp\/v2\/tags?post=42321"}],"curies":[{"name":"wp","href":"https:\/\/api.w.org\/{rel}","templated":true}]}}