{"id":42424,"date":"2025-09-22T18:43:08","date_gmt":"2025-09-22T18:43:08","guid":{"rendered":"https:\/\/www.europesays.com\/fi\/42424\/"},"modified":"2025-09-22T18:43:08","modified_gmt":"2025-09-22T18:43:08","slug":"barcelonan-tahtipelaajan-synkka-loukkaantumiskierre-jatkuu-edessa-polvileikkaus-urheilua-lyhyesti","status":"publish","type":"post","link":"https:\/\/www.europesays.com\/fi\/42424\/","title":{"rendered":"Barcelonan t\u00e4htipelaajan synkk\u00e4 loukkaantumiskierre jatkuu \u2013 edess\u00e4 polvileikkaus | Urheilua lyhyesti"},"content":{"rendered":"<p class=\"aw-1gybjub aw-5vja16 cmIuaG zKETg yle__article__paragraph\">Gavi k\u00e4vi polvileikkauksessa my\u00f6s marraskuussa 2023, ja loukkaantuminen piti h\u00e4net tuolloin sivussa l\u00e4hes vuoden.<\/p>\n<p><img decoding=\"async\" alt=\"Gavi pelaamassa jalkapalloa.\" src=\"https:\/\/www.europesays.com\/fi\/wp-content\/uploads\/2025\/09\/39-152712468d18c6761d23.jpeg\" class=\"aw-1l9m598 hKVVvP\"\/><\/p>\n<p>Avaa kuvien katselu<\/p>\n<p>Gavi. Kuva: Jose Breton\/NurPhoto\/Shutterstock\/All Over Press<\/p>\n<p class=\"aw-1gybjub aw-1p7kakr cmIuaG fmSRng yle__article__paragraph\">Barcelonan ja Espanjan jalkapallomaajoukkueen keskikentt\u00e4mies <strong class=\"aw-ak79eh KyCXm yle__article__strong\">Gavi<\/strong> joutuu polven t\u00e4hystysleikkaukseen, espanjalaisseura kertoi maanantaina kotisivuillaan.<\/p>\n<p class=\"aw-1gybjub aw-1p7kakr cmIuaG fmSRng yle__article__paragraph\">Gavi, 21, on ollut pelikentilt\u00e4 sivussa elokuun loppupuolelta saakka polven nivelkierukkavamman takia. Koska muu hoito ei ole auttanut, h\u00e4n k\u00e4y tiistaina leikkauksessa.<\/p>\n<p class=\"aw-1gybjub aw-1p7kakr cmIuaG fmSRng yle__article__paragraph\">Gavi k\u00e4vi polvileikkauksessa my\u00f6s marraskuussa 2023, ja loukkaantuminen piti h\u00e4net tuolloin sivussa l\u00e4hes vuoden.<\/p>\n<p class=\"aw-1gybjub aw-1p7kakr cmIuaG fmSRng yle__article__paragraph\">Barcelona ei kertonut arviota Gavin t\u00e4m\u00e4nkertaisen toipumisen kestosta, mutta esimerkiksi ESPN-kanava kertoi l\u00e4hteisiins\u00e4 pohjautuen, ett\u00e4 keskikentt\u00e4t\u00e4hti olisi sivussa ainakin marraskuuhun.<\/p>\n<p class=\"aw-1gybjub aw-1p7kakr cmIuaG fmSRng yle__article__paragraph\">Barcelona kertoi maanantaina my\u00f6s, ett\u00e4 <strong class=\"aw-ak79eh KyCXm yle__article__strong\">Fermin Lopez<\/strong> on loukkaantumisen vuoksi peleist\u00e4 poissa kolmisen viikkoa.<\/p>\n","protected":false},"excerpt":{"rendered":"Gavi k\u00e4vi polvileikkauksessa my\u00f6s marraskuussa 2023, ja loukkaantuminen piti h\u00e4net tuolloin sivussa l\u00e4hes vuoden. Avaa kuvien katselu Gavi.&hellip;\n","protected":false},"author":2,"featured_media":42425,"comment_status":"","ping_status":"","sticky":false,"template":"","format":"standard","meta":{"footnotes":""},"categories":[158],"tags":[11230,33,31,30,11229,43,159,32,160],"class_list":{"0":"post-42424","1":"post","2":"type-post","3":"status-publish","4":"format-standard","5":"has-post-thumbnail","7":"category-urheilu","8":"tag-fc-barcelona","9":"tag-fi","10":"tag-finland","11":"tag-finnish","12":"tag-gavi","13":"tag-jalkapallo","14":"tag-sports","15":"tag-suomi","16":"tag-urheilu"},"share_on_mastodon":{"url":"","error":""},"_links":{"self":[{"href":"https:\/\/www.europesays.com\/fi\/wp-json\/wp\/v2\/posts\/42424","targetHints":{"allow":["GET"]}}],"collection":[{"href":"https:\/\/www.europesays.com\/fi\/wp-json\/wp\/v2\/posts"}],"about":[{"href":"https:\/\/www.europesays.com\/fi\/wp-json\/wp\/v2\/types\/post"}],"author":[{"embeddable":true,"href":"https:\/\/www.europesays.com\/fi\/wp-json\/wp\/v2\/users\/2"}],"replies":[{"embeddable":true,"href":"https:\/\/www.europesays.com\/fi\/wp-json\/wp\/v2\/comments?post=42424"}],"version-history":[{"count":0,"href":"https:\/\/www.europesays.com\/fi\/wp-json\/wp\/v2\/posts\/42424\/revisions"}],"wp:featuredmedia":[{"embeddable":true,"href":"https:\/\/www.europesays.com\/fi\/wp-json\/wp\/v2\/media\/42425"}],"wp:attachment":[{"href":"https:\/\/www.europesays.com\/fi\/wp-json\/wp\/v2\/media?parent=42424"}],"wp:term":[{"taxonomy":"category","embeddable":true,"href":"https:\/\/www.europesays.com\/fi\/wp-json\/wp\/v2\/categories?post=42424"},{"taxonomy":"post_tag","embeddable":true,"href":"https:\/\/www.europesays.com\/fi\/wp-json\/wp\/v2\/tags?post=42424"}],"curies":[{"name":"wp","href":"https:\/\/api.w.org\/{rel}","templated":true}]}}