{"id":42603,"date":"2025-09-22T23:36:10","date_gmt":"2025-09-22T23:36:10","guid":{"rendered":"https:\/\/www.europesays.com\/fi\/42603\/"},"modified":"2025-09-22T23:36:10","modified_gmt":"2025-09-22T23:36:10","slug":"britannian-suosituimman-puolueen-johtaja-panisi-maassa-jo-laillisesti-olevat-uuteen-vaikeampaan-testiin","status":"publish","type":"post","link":"https:\/\/www.europesays.com\/fi\/42603\/","title":{"rendered":"Britannian suosituimman puolueen johtaja panisi maassa jo laillisesti olevat uuteen, vaikeampaan testiin"},"content":{"rendered":"<p>Britannia|Reform UK puolueen Nigel Farage haluaa korvata pysyv\u00e4t oleskeluluvat ty\u00f6viisumeilla, jotka eiv\u00e4t takaa sosiaalipalveluita.<\/p>\n<p>22.9. 21:26<\/p>\n<p class=\"article-body mb-nof-24 px-nof-16\">Lontoo<\/p>\n<p>Lue tiivistelm\u00e4<\/p>\n<p>Tiivistelm\u00e4 on teko\u00e4lyn tekem\u00e4 ja ihmisen tarkistama.<\/p>\n<p class=\"article-body mb-nof-24 px-nof-16 sndp-summary-bullet-point-font\">Oikeistopopulisti Nigel Farage peruisi Britanniassa laillisesti oleskelevien maahanmuuttajien saamat oleskeluluvat.<\/p>\n<p class=\"article-body mb-nof-24 px-nof-16 sndp-summary-bullet-point-font\">Farage haluaisi korvata pysyv\u00e4t oleskeluluvat viiden vuoden v\u00e4lein uusittavalla ty\u00f6viisumeilla. Ty\u00f6viisumin saaminen edellytt\u00e4isi hyvi\u00e4 tuloja ja hyv\u00e4\u00e4 englannin kielen taitoa.<\/p>\n<p class=\"article-body mb-nof-24 px-nof-16 sndp-summary-bullet-point-font\">Faragen reformipuolue on noussut mielipidemittauksissa Britannian suosituimmaksi puolueeksi.<\/p>\n<p class=\"article-body mb-nof-24 px-nof-16\">Britannian seuraavaksi p\u00e4\u00e4ministeriksi havitteleva <a class=\"article-personlink\" href=\"https:\/\/www.hs.fi\/haku\/?query=Nigel%20Farage\" rel=\"nofollow noopener\" target=\"_blank\">Nigel Farage<\/a> <a class=\"article-genericlink\" href=\"https:\/\/www.telegraph.co.uk\/politics\/2025\/09\/22\/politics-latest-news-nigel-farage-immigration-small-boats\/\" rel=\"nofollow noopener\" target=\"_blank\">peruisi <\/a>maahanmuuttajille annetut pysyv\u00e4t oleskeluluvat ja panisi heid\u00e4t uuteen, entist\u00e4 kovempaan testiin.<\/p>\n<p class=\"article-body mb-nof-24 px-nof-16\">Pysyv\u00e4n oleskeluluvan korvaisi viiden vuoden v\u00e4lein uusittava ty\u00f6viisumi.<\/p>\n<p class=\"article-body mb-nof-24 px-nof-16\">Viisumin saaminen edellytt\u00e4isi nykyvaatimustasoa parempia tuloja sek\u00e4 parempaa englannin kielen taitoa. Viisumi ei takaisi oikeutta sosiaalipalveluihin eik\u00e4 perheenj\u00e4senten maahanmuuttoon.<\/p>\n<p class=\"article-body mb-nof-24 px-nof-16\">Farage johtaa oikeistopopulistista Reform UK -puoluetta.<\/p>\n<p class=\"article-body mb-nof-24 px-nof-16\">Reformipuolue on noussut <a class=\"article-genericlink\" href=\"https:\/\/www.politico.eu\/europe-poll-of-polls\/united-kingdom\/\" rel=\"nofollow noopener\" target=\"_blank\">mielipidemittausten <\/a>mukaan Britannian selv\u00e4sti suosituimmaksi puolueeksi. Se hakkaa suosiossa sek\u00e4 hallitusvallassa olevan ty\u00f6v\u00e4enpuolueen ett\u00e4 p\u00e4\u00e4oppositiopuolue konservatiivit.<\/p>\n<p class=\"article-body mb-nof-24 px-nof-16\">Reformipuolue kertoi maahanmuuttoon liittyvist\u00e4 suunnitelmistaan maanantaina. Faragen mukaan brittitalous ei kest\u00e4 maahanmuuttajien suurta m\u00e4\u00e4r\u00e4\u00e4.<\/p>\n<p class=\"article-body mb-nof-24 px-nof-16\">Faragen syytt\u00e4v\u00e4 sormi osoittaa niin sanotun <a class=\"article-genericlink\" href=\"https:\/\/x.com\/Nigel_Farage\/status\/1969856010245316967\" rel=\"nofollow\">\u201dBoris-aallon\u201d<\/a> maahanmuuttajiin.<\/p>\n<p class=\"article-body mb-nof-24 px-nof-16\">Entinen konservatiivip\u00e4\u00e4ministeri <a class=\"article-personlink\" href=\"https:\/\/www.hs.fi\/haku\/?query=Boris%20Johnson\" rel=\"nofollow noopener\" target=\"_blank\">Boris Johnson<\/a> ajoi EU-eroa eli brexiti\u00e4 ja lopetti EU-kansalaisten vapaan maahanmuuton. Samalla Johnsonin hallitus avasi kuitenkin ovet EU:n ulkopuoliselle maahanmuutolle.<\/p>\n<p class=\"article-body mb-nof-24 px-nof-16\">Sek\u00e4 maahanmuutto ett\u00e4 nettomaahanmuutto <a class=\"article-genericlink\" href=\"https:\/\/www.ons.gov.uk\/peoplepopulationandcommunity\/populationandmigration\/internationalmigration\/bulletins\/longterminternationalmigrationprovisional\/yearendingdecember2024\" rel=\"nofollow noopener\" target=\"_blank\">nousivat <\/a>rajusti brexitin siirtym\u00e4kauden j\u00e4lkeen, vaikka piti k\u00e4yd\u00e4 juuri p\u00e4invastoin. Huippuvuonna <a class=\"article-genericlink\" href=\"https:\/\/www.gov.uk\/government\/publications\/migration-advisory-committee-report-on-net-migration\/net-migration-report-accessible\" rel=\"nofollow noopener\" target=\"_blank\">nettomaahanmuutto <\/a>oli yli 900\u202f000 henkil\u00f6\u00e4 vuodessa.<\/p>\n<p class=\"article-body mb-nof-24 px-nof-16\">Lue lis\u00e4\u00e4: <a class=\"article-genericlink\" href=\"https:\/\/www.hs.fi\/maailma\/art-2000010993088.html\" rel=\"nofollow noopener\" target=\"_blank\">EU-kansalaiset vaihtuivat muualta tulleisiin maahan\u00admuuttajiin: t\u00e4m\u00e4 oli brexitin suurin yll\u00e4tys<\/a><\/p>\n<p><img decoding=\"async\" src=\"https:\/\/www.europesays.com\/fi\/wp-content\/uploads\/2025\/09\/1758584170_447_468.jpg\" alt=\"Britannian entinen p\u00e4\u00e4ministeri Boris Johnson ja h\u00e4nen sis\u00e4ministerins\u00e4 Priti Patel kannattivat brexiti\u00e4, mutta lis\u00e4siv\u00e4t EU:n ulkopuolelta Britanniaan saapuvaa maahanmuuttoa. Johnson oli p\u00e4\u00e4ministeri 2019\u20132022. Kuva on kes\u00e4lt\u00e4 2020.\" class=\"_Img_tdqg8_1\" style=\"aspect-ratio:1.5\" loading=\"eager\"\/><\/p>\n<p class=\"article-picture-caption\">Britannian entinen p\u00e4\u00e4ministeri Boris Johnson ja h\u00e4nen sis\u00e4ministerins\u00e4 Priti Patel kannattivat brexiti\u00e4, mutta lis\u00e4siv\u00e4t EU:n ulkopuolelta Britanniaan saapuvaa maahanmuuttoa. Johnson oli p\u00e4\u00e4ministeri 2019\u20132022. Kuva on kes\u00e4lt\u00e4 2020. Kuva:\u00a0Charlotte Graham \/ Reuters<\/p>\n<p class=\"article-body mb-nof-24 px-nof-16\">Johnsonin aikana saapuneet alkavat saada pysyvi\u00e4 oleskelulupia ensi vuoden alkupuolelta l\u00e4htien.<\/p>\n<p class=\"article-body mb-nof-24 px-nof-16\">Farage haluaisi ev\u00e4t\u00e4 oleskeluluvat, koska h\u00e4nest\u00e4 tarpeeksi moni tulijoista ei k\u00e4y t\u00f6iss\u00e4.<\/p>\n<p class=\"article-body mb-nof-24 px-nof-16\">Maanantaina tiedotustilaisuudessa puhunut Farage sanoi, ett\u00e4 h\u00e4n ei vastusta ammattitaitoista maahanmuuttoa. H\u00e4nest\u00e4 on kuitenkin myytti, ett\u00e4 kaikki tulisivat Britanniaan vain t\u00f6it\u00e4 tehd\u00e4kseen.<\/p>\n<p class=\"article-body mb-nof-24 px-nof-16\">EU:n ulkopuolelta Britanniaan on saavuttu viime vuosina etenkin opiskelija- ja ty\u00f6viisumilla.<\/p>\n<p class=\"article-body mb-nof-24 px-nof-16\">Entist\u00e4 useampi opiskelija on tullut Nigeriasta ja Intiasta, mik\u00e4 taas on johtanut perheenj\u00e4sentenkin tuloon, kertoo Britannian sis\u00e4ministeri\u00f6lle tehty riippumaton <a class=\"article-genericlink\" href=\"https:\/\/www.gov.uk\/government\/publications\/migration-advisory-committee-report-on-net-migration\/net-migration-report-accessible\" rel=\"nofollow noopener\" target=\"_blank\">nettomaahanmuuttoraportti<\/a>.<\/p>\n<p class=\"article-body mb-nof-24 px-nof-16\">Konservatiivipuoluetta l\u00e4hell\u00e4 oleva The Daily Telegraph -lehti <a class=\"article-genericlink\" href=\"https:\/\/www.telegraph.co.uk\/politics\/2025\/09\/22\/politics-latest-news-nigel-farage-immigration-small-boats\/\" rel=\"nofollow noopener\" target=\"_blank\">kysyi <\/a>Faragelta maanantain tiedotustilaisuudessa, kattaako suunnitelma my\u00f6s EU-kansalaisten pysyv\u00e4t oleskeluluvat.<\/p>\n<p class=\"article-body mb-nof-24 px-nof-16\">Faragelta ei tullut selke\u00e4\u00e4 vastausta.<\/p>\n<p class=\"article-body mb-nof-24 px-nof-16\">Reformipuolueen johtohahmoihin kuuluva <a class=\"article-personlink\" href=\"https:\/\/www.hs.fi\/haku\/?query=Zia%20Yusuf\" rel=\"nofollow noopener\" target=\"_blank\">Zia Yusuf<\/a> oli kuitenkin sanonut, ett\u00e4 EU-kansalaisten pysyv\u00e4t oleskeluluvat eiv\u00e4t ole puolueen t\u00e4ht\u00e4imess\u00e4.<\/p>\n<p class=\"article-body mb-nof-24 px-nof-16\">HS kysyi maanantaina EU-komissiolta, kuinka EU suhtautuisi siihen, ett\u00e4 EU-kansalaisten pysyvi\u00e4 oleskeluoikeuksia Britanniassa alettaisiin mit\u00e4t\u00f6id\u00e4.<\/p>\n<p class=\"article-body mb-nof-24 px-nof-16\">EU-komission tiedottaja vastasi, ett\u00e4 \u201dkomission tapana ei ole kommentoida spekulointeja\u201d.<\/p>\n<p class=\"article-body mb-nof-24 px-nof-16\">Vaikka Farage joukkoineen hallitsee Britanniassa mediatilaa, on puolueella brittiparlamentin alahuoneessa vain viisi kansanedustajaa.<\/p>\n<p class=\"article-body mb-nof-24 px-nof-16\">Vedonly\u00f6ntiyhti\u00f6iden kertoimet veikkaavat kuitenkin tulevaa menestyst\u00e4 <a class=\"article-genericlink\" href=\"https:\/\/www.oddschecker.com\/politics\/british-politics\" rel=\"nofollow noopener\" target=\"_blank\">niin <\/a>reformipuolueelle <a class=\"article-genericlink\" href=\"https:\/\/sports.williamhill.com\/betting\/en-gb\/politics\" rel=\"nofollow noopener\" target=\"_blank\">kuin <\/a>Faragellekin.<\/p>\n<p class=\"article-body mb-nof-24 px-nof-16\">Seuraavat parlamenttivaalit j\u00e4rjestet\u00e4\u00e4n Britanniassa viimeist\u00e4\u00e4n elokuussa 2029.<\/p>\n<p class=\"article-body mb-nof-24 px-nof-16\">Entinen euroedustaja eli meppi Farage tunnetaan itse brexitin kummiset\u00e4n\u00e4, sill\u00e4 h\u00e4n kampanjoi EU-eron puolesta vuosikymmenet.<\/p>\n<p class=\"article-body mb-nof-24 px-nof-16\">Mielipidemittausten <a class=\"article-genericlink\" href=\"https:\/\/www.whatukthinks.org\/eu\/opinion-polls\/poll-of-polls-uk-eu\/\" rel=\"nofollow noopener\" target=\"_blank\">mukaan <\/a>enemmist\u00f6 briteist\u00e4 on tyytym\u00e4t\u00f6n brexitiin. Brexit-kritiikki ei ole kuitenkaan sy\u00f6nyt Faragen poliittista voimaa.<\/p>\n<p class=\"article-body mb-nof-24 px-nof-16\">Nyt Faragen t\u00e4ht\u00e4imess\u00e4 ovat sek\u00e4 laillisia ett\u00e4 laittomia reittej\u00e4 saapuva maahanmuutto.<\/p>\n","protected":false},"excerpt":{"rendered":"Britannia|Reform UK puolueen Nigel Farage haluaa korvata pysyv\u00e4t oleskeluluvat ty\u00f6viisumeilla, jotka eiv\u00e4t takaa sosiaalipalveluita. 22.9. 21:26 Lontoo Lue&hellip;\n","protected":false},"author":2,"featured_media":42604,"comment_status":"","ping_status":"","sticky":false,"template":"","format":"standard","meta":{"footnotes":""},"categories":[14],"tags":[22,23,26,27,33,31,30,17,46,24,25,28,29,15,18,21,32,19,20,56,16,59,60,61],"class_list":{"0":"post-42603","1":"post","2":"type-post","3":"status-publish","4":"format-standard","5":"has-post-thumbnail","7":"category-ulkomaat","8":"tag-breaking-news","9":"tag-breakingnews","10":"tag-featured-news","11":"tag-featurednews","12":"tag-fi","13":"tag-finland","14":"tag-finnish","15":"tag-headlines","16":"tag-helsingin-sanomat","17":"tag-latest-news","18":"tag-latestnews","19":"tag-main-news","20":"tag-mainnews","21":"tag-news","22":"tag-otsikot","23":"tag-paauutiset","24":"tag-suomi","25":"tag-top-stories","26":"tag-topstories","27":"tag-ulkomaat","28":"tag-uutiset","29":"tag-world","30":"tag-world-news","31":"tag-worldnews"},"share_on_mastodon":{"url":"","error":""},"_links":{"self":[{"href":"https:\/\/www.europesays.com\/fi\/wp-json\/wp\/v2\/posts\/42603","targetHints":{"allow":["GET"]}}],"collection":[{"href":"https:\/\/www.europesays.com\/fi\/wp-json\/wp\/v2\/posts"}],"about":[{"href":"https:\/\/www.europesays.com\/fi\/wp-json\/wp\/v2\/types\/post"}],"author":[{"embeddable":true,"href":"https:\/\/www.europesays.com\/fi\/wp-json\/wp\/v2\/users\/2"}],"replies":[{"embeddable":true,"href":"https:\/\/www.europesays.com\/fi\/wp-json\/wp\/v2\/comments?post=42603"}],"version-history":[{"count":0,"href":"https:\/\/www.europesays.com\/fi\/wp-json\/wp\/v2\/posts\/42603\/revisions"}],"wp:featuredmedia":[{"embeddable":true,"href":"https:\/\/www.europesays.com\/fi\/wp-json\/wp\/v2\/media\/42604"}],"wp:attachment":[{"href":"https:\/\/www.europesays.com\/fi\/wp-json\/wp\/v2\/media?parent=42603"}],"wp:term":[{"taxonomy":"category","embeddable":true,"href":"https:\/\/www.europesays.com\/fi\/wp-json\/wp\/v2\/categories?post=42603"},{"taxonomy":"post_tag","embeddable":true,"href":"https:\/\/www.europesays.com\/fi\/wp-json\/wp\/v2\/tags?post=42603"}],"curies":[{"name":"wp","href":"https:\/\/api.w.org\/{rel}","templated":true}]}}