{"id":42613,"date":"2025-09-22T23:58:08","date_gmt":"2025-09-22T23:58:08","guid":{"rendered":"https:\/\/www.europesays.com\/fi\/42613\/"},"modified":"2025-09-22T23:58:08","modified_gmt":"2025-09-22T23:58:08","slug":"elokuva-alan-avustuksiin-kohdistuva-leikkaus-pieneni-parilla-miljoonalla-eurolla-talvitie-jatkan-toita-uutissuomalainen","status":"publish","type":"post","link":"https:\/\/www.europesays.com\/fi\/42613\/","title":{"rendered":"Elokuva-alan avustuksiin kohdistuva leikkaus pieneni parilla miljoonalla eurolla \u2013 Talvitie: Jatkan t\u00f6it\u00e4 | Uutissuomalainen"},"content":{"rendered":"<p>Tiede- ja kulttuuriministeri Mari-Leena Talvitie (kok.) kertoo pystyneens\u00e4 pienent\u00e4m\u00e4\u00e4n elokuva-alaan kohdistuvaa leikkausta merkitt\u00e4v\u00e4sti. Alkuper\u00e4inen summa oli 7,8 miljoonaa euroa ja maanantaina eduskunnalle annetussa budjettiesityksess\u00e4 se on 5,5 miljoonaa euroa.<\/p>\n<p>Talvitie sanoo STT:lle jatkavansa t\u00f6it\u00e4 edelleen, jotta summa viel\u00e4 t\u00e4st\u00e4 pienenisi.<\/p>\n<p>Ministerin mukaan nyt l\u00f6ytyneet reilut kaksi miljoonaa euroa on etsitty virkavalmistelun pohjalta muista taiteen ja kulttuurin edist\u00e4misen avustuksista.<\/p>\n<p>\u2013\u2009Se on se, mit\u00e4 henkil\u00f6kohtaisesti pystyin tekem\u00e4\u00e4n. Toki jatkan t\u00f6it\u00e4 edelleen parhaan mahdollisen lopputuloksen l\u00f6yt\u00e4miseksi. Siihen tarvitaan kuitenkin tukea koko hallitukselta.<\/p>\n<p>H\u00e4n sanoo ymm\u00e4rt\u00e4v\u00e4ns\u00e4 t\u00e4ysin kotimaisen elokuva-alan huolen tilanteesta.<\/p>\n<p>\u2013\u2009Olemme hyvin tietoisia, millaisia leikkausten vaikutukset voivat olla. Olen ollut tiiviisti yhteydess\u00e4 alan toimijoiden kanssa, mutta t\u00e4m\u00e4 on se liikkumavara, mit\u00e4 pystyin etsim\u00e4\u00e4n opetus- ja kulttuuriministeri\u00f6n kulttuurin ja taiteen puolelta.<\/p>\n<p>Elokuva-alaan kohdistuva leikkaus voi siis Talvitien mukaan viel\u00e4 t\u00e4st\u00e4 pienenty\u00e4, jos apua tulee muista ministeri\u00f6ist\u00e4. T\u00e4ydent\u00e4v\u00e4 talousarvio annetaan eduskunnalle marraskuussa.<\/p>\n<p>\t\t\t\tMerkitt\u00e4v\u00e4 isku<\/p>\n<p>Budjettiriihess\u00e4 linjattiin vajaan kahdeksan miljoonan euron yritystukileikkauksesta opetus- ja kulttuuriministeri\u00f6n my\u00f6nt\u00e4miin taiteen ja kulttuurin edist\u00e4misen avustuksiin. Siit\u00e4 valtaosa olisi kohdistunut elokuva-alaan. Alalla sen pel\u00e4ttiin tarkoittavan kotimaisen elokuvan loppua.<\/p>\n<p>Luovan ty\u00f6n tekij\u00f6it\u00e4 ja yritt\u00e4ji\u00e4 edustava Luovat ry. katsoo my\u00f6s noin 5,5 miljoonan euron suuruisen leikkauksen olevan merkitt\u00e4v\u00e4 isku audiovisuaalisen alan tuotantoon, kansainv\u00e4liseen kilpailukykyyn ja ty\u00f6paikkoihin.<\/p>\n<p>\u2013\u2009Se muodostuu p\u00e4\u00e4osin Suomen elokuvas\u00e4\u00e4ti\u00f6n tukivaroista, jotka ovat vuonna 2025 olleet 21,5 miljoonaa euroa. Siten leikkaus vastaa merkitt\u00e4v\u00e4\u00e4 osaa koko rahoituksesta, kattoj\u00e4rjest\u00f6n tiedotteessa todetaan.<\/p>\n","protected":false},"excerpt":{"rendered":"Tiede- ja kulttuuriministeri Mari-Leena Talvitie (kok.) kertoo pystyneens\u00e4 pienent\u00e4m\u00e4\u00e4n elokuva-alaan kohdistuvaa leikkausta merkitt\u00e4v\u00e4sti. Alkuper\u00e4inen summa oli 7,8 miljoonaa&hellip;\n","protected":false},"author":2,"featured_media":42614,"comment_status":"","ping_status":"","sticky":false,"template":"","format":"standard","meta":{"footnotes":""},"categories":[130],"tags":[137,33,31,30,863,1708,1707,637,888,885,887,32,862,109],"class_list":{"0":"post-42613","1":"post","2":"type-post","3":"status-publish","4":"format-standard","5":"has-post-thumbnail","7":"category-viihde","8":"tag-entertainment","9":"tag-fi","10":"tag-finland","11":"tag-finnish","12":"tag-hallitus","13":"tag-ministeriot-ja-valtioneuvosto","14":"tag-ministerit","15":"tag-politiikka","16":"tag-suomalaiset-poliitikot","17":"tag-suomen-poliittiset-puolueet","18":"tag-suomen-politiikka","19":"tag-suomi","20":"tag-tyollisyys","21":"tag-viihde"},"share_on_mastodon":{"url":"","error":""},"_links":{"self":[{"href":"https:\/\/www.europesays.com\/fi\/wp-json\/wp\/v2\/posts\/42613","targetHints":{"allow":["GET"]}}],"collection":[{"href":"https:\/\/www.europesays.com\/fi\/wp-json\/wp\/v2\/posts"}],"about":[{"href":"https:\/\/www.europesays.com\/fi\/wp-json\/wp\/v2\/types\/post"}],"author":[{"embeddable":true,"href":"https:\/\/www.europesays.com\/fi\/wp-json\/wp\/v2\/users\/2"}],"replies":[{"embeddable":true,"href":"https:\/\/www.europesays.com\/fi\/wp-json\/wp\/v2\/comments?post=42613"}],"version-history":[{"count":0,"href":"https:\/\/www.europesays.com\/fi\/wp-json\/wp\/v2\/posts\/42613\/revisions"}],"wp:featuredmedia":[{"embeddable":true,"href":"https:\/\/www.europesays.com\/fi\/wp-json\/wp\/v2\/media\/42614"}],"wp:attachment":[{"href":"https:\/\/www.europesays.com\/fi\/wp-json\/wp\/v2\/media?parent=42613"}],"wp:term":[{"taxonomy":"category","embeddable":true,"href":"https:\/\/www.europesays.com\/fi\/wp-json\/wp\/v2\/categories?post=42613"},{"taxonomy":"post_tag","embeddable":true,"href":"https:\/\/www.europesays.com\/fi\/wp-json\/wp\/v2\/tags?post=42613"}],"curies":[{"name":"wp","href":"https:\/\/api.w.org\/{rel}","templated":true}]}}