{"id":42619,"date":"2025-09-23T00:04:11","date_gmt":"2025-09-23T00:04:11","guid":{"rendered":"https:\/\/www.europesays.com\/fi\/42619\/"},"modified":"2025-09-23T00:04:11","modified_gmt":"2025-09-23T00:04:11","slug":"hallitus-esittaa-tyottomille-viikon-karenssia-ensimmaisesta-laiminlyonnista","status":"publish","type":"post","link":"https:\/\/www.europesays.com\/fi\/42619\/","title":{"rendered":"Hallitus esitt\u00e4\u00e4 ty\u00f6tt\u00f6mille viikon karenssia ensimm\u00e4isest\u00e4 laiminly\u00f6nnist\u00e4"},"content":{"rendered":"<p>    <img decoding=\"async\" class=\"responsive-image article__image-image lozad\"   src=\"https:\/\/www.europesays.com\/fi\/wp-content\/uploads\/2025\/09\/mi3G2AUHXE7LvwcQuna9Yi3WeOGve0V-tZQkP3N4ERdDe3B-hDpd4AMu_rVw-_UNUF7ZFYIOdL-9r54ahl_r4XGGYiaZ98YvSbFF.jpeg\" alt=\"Hallitus esitt\u00e4\u00e4 kiristyksi\u00e4 ty\u00f6tt\u00f6myysturvaan.\"\/><\/p>\n<p>\n                Hallitus esitt\u00e4\u00e4 kiristyksi\u00e4 ty\u00f6tt\u00f6myysturvaan.\n              <\/p>\n<p>\n                Kuva: Roni Rekomaa \/ Lehtikuva\n              <\/p>\n<p class=\"article__paragraph\">\n      Hallitus esitt\u00e4\u00e4 uudistusta, jonka mukaan ty\u00f6t\u00f6n saisi viikon karenssin ensimm\u00e4isest\u00e4 ty\u00f6nhakuun tai ty\u00f6voimapalveluihin liittyv\u00e4st\u00e4 laiminly\u00f6nnist\u00e4. Karenssi eli aika ilman ty\u00f6tt\u00f6myyskorvausta kest\u00e4isi seitsem\u00e4n p\u00e4iv\u00e4\u00e4.\n    <\/p>\n<p class=\"article__paragraph\">\n      Toisen laiminly\u00f6nnin j\u00e4lkeen oikeus ty\u00f6tt\u00f6myysetuuteen lakkaisi, kunnes hakija t\u00e4ytt\u00e4\u00e4 kuuden viikon ty\u00f6ss\u00e4olovelvoitteen.\n    <\/p>\n<p class=\"article__paragraph\">\n      Nykyisell\u00e4\u00e4n ty\u00f6tt\u00f6m\u00e4n ensimm\u00e4isest\u00e4 rikkeest\u00e4 seuraa huomautus, toisesta viikon karenssi ja kolmannesta kahden viikon karenssi. Nelj\u00e4nnest\u00e4 rikkeest\u00e4 voi menett\u00e4\u00e4 oikeuden ty\u00f6tt\u00f6myysturvaan, kunnes t\u00e4ytt\u00e4\u00e4 12 viikon ty\u00f6ss\u00e4olovelvoitteen.\n    <\/p>\n<p class=\"article__paragraph\">\n      Tahattomien unohdusten v\u00e4ltt\u00e4miseksi otettaisiin k\u00e4ytt\u00f6\u00f6n tekstiviestimuistutus velvoitteiden m\u00e4\u00e4r\u00e4ajasta ja sovituista tapaamisista.\n    <\/p>\n<p class=\"article__paragraph\">\n      Muutosten on tarkoitus tulla voimaan ensi vuoden alussa.\n    <\/p>\n<p>      Sosiaaliturvamenoista s\u00e4\u00e4st\u00f6\u00e4<\/p>\n<p class=\"article__paragraph\">\n      L\u00e4ht\u00f6kohtaisesti ty\u00f6nhakijalta edellytet\u00e4\u00e4n nelj\u00e4n ty\u00f6mahdollisuuden hakemista kuukauden aikana. Jatkossa t\u00e4t\u00e4 edellytett\u00e4isiin my\u00f6s osa-aikaty\u00f6t\u00e4 tekevilt\u00e4 ty\u00f6nhakijoilta.\n    <\/p>\n<p class=\"article__paragraph\">\n      Seuraamusten kirist\u00e4misen arvioidaan v\u00e4hent\u00e4v\u00e4n sosiaaliturvamenoja noin 14,9 miljoonalla eurolla vuodessa. Ty\u00f6llisyysvaikutus v\u00e4hent\u00e4isi julkisen talouden vuotuisia menoja arviolta 2,5\u201316,8 miljoonalla eurolla.\n    <\/p>\n<p class=\"article__paragraph\">\n      Tekstiviestimuistutuksesta aiheutuisi valtiolle noin 260\u2009000 euron kustannukset vuodessa.\n    <\/p>\n<p class=\"article__paragraph\">\n      Uudistuksen my\u00f6t\u00e4 ty\u00f6nhakijalle j\u00e4rjestett\u00e4isiin tapaamisia ty\u00f6voimaviranomaisen kanssa entist\u00e4 yksil\u00f6llisemmin nykyisen kaavamaisen palveluprosessin sijaan, kerrotaan ty\u00f6- ja elinkeinoministeri\u00f6n tiedotteessa.\n    <\/p>\n<p>      Yleistuella korvattaisiin ty\u00f6tt\u00f6myystukia<\/p>\n<p class=\"article__paragraph\">\n      Hallitus on antanut eduskunnalle esityksen my\u00f6s uudesta <a href=\"https:\/\/stm.fi\/-\/yleistuki-on-askel-kohti-yksinkertaisempaa-sosiaaliturvaa\" rel=\"nofollow noopener\" target=\"_blank\">yleistuesta<\/a>, jolla on tarkoitus korvata nykyinen Kelan ty\u00f6markkinatuki ja perusp\u00e4iv\u00e4raha. Lain on tarkoitus tulla voimaan toukokuun alussa.\n    <\/p>\n<p class=\"article__paragraph\">\n      Yleistuen saaminen edellytt\u00e4isi taloudellisen tuen tarvetta, eli siin\u00e4 huomioitaisiin esimerkiksi vuokratulot ja muut p\u00e4\u00e4omatulot.\n    <\/p>\n<p class=\"article__paragraph\">\n      Suuruudeltaan yleistuki olisi runsaat 37 euroa p\u00e4iv\u00e4ss\u00e4, eli yht\u00e4 suuri kuin ty\u00f6markkinatuki tai perusp\u00e4iv\u00e4raha nykyisin. Jatkossa my\u00f6s asumisen tuet aiotaan sis\u00e4llytt\u00e4\u00e4 yleistukeen.\n    <\/p>\n","protected":false},"excerpt":{"rendered":"Hallitus esitt\u00e4\u00e4 kiristyksi\u00e4 ty\u00f6tt\u00f6myysturvaan. Kuva: Roni Rekomaa \/ Lehtikuva Hallitus esitt\u00e4\u00e4 uudistusta, jonka mukaan ty\u00f6t\u00f6n saisi viikon karenssin&hellip;\n","protected":false},"author":2,"featured_media":42620,"comment_status":"","ping_status":"","sticky":false,"template":"","format":"standard","meta":{"footnotes":""},"categories":[5],"tags":[22,23,26,27,33,31,30,17,24,25,28,29,15,18,21,32,19,20,16],"class_list":{"0":"post-42619","1":"post","2":"type-post","3":"status-publish","4":"format-standard","5":"has-post-thumbnail","7":"category-otsikot","8":"tag-breaking-news","9":"tag-breakingnews","10":"tag-featured-news","11":"tag-featurednews","12":"tag-fi","13":"tag-finland","14":"tag-finnish","15":"tag-headlines","16":"tag-latest-news","17":"tag-latestnews","18":"tag-main-news","19":"tag-mainnews","20":"tag-news","21":"tag-otsikot","22":"tag-paauutiset","23":"tag-suomi","24":"tag-top-stories","25":"tag-topstories","26":"tag-uutiset"},"share_on_mastodon":{"url":"","error":""},"_links":{"self":[{"href":"https:\/\/www.europesays.com\/fi\/wp-json\/wp\/v2\/posts\/42619","targetHints":{"allow":["GET"]}}],"collection":[{"href":"https:\/\/www.europesays.com\/fi\/wp-json\/wp\/v2\/posts"}],"about":[{"href":"https:\/\/www.europesays.com\/fi\/wp-json\/wp\/v2\/types\/post"}],"author":[{"embeddable":true,"href":"https:\/\/www.europesays.com\/fi\/wp-json\/wp\/v2\/users\/2"}],"replies":[{"embeddable":true,"href":"https:\/\/www.europesays.com\/fi\/wp-json\/wp\/v2\/comments?post=42619"}],"version-history":[{"count":0,"href":"https:\/\/www.europesays.com\/fi\/wp-json\/wp\/v2\/posts\/42619\/revisions"}],"wp:featuredmedia":[{"embeddable":true,"href":"https:\/\/www.europesays.com\/fi\/wp-json\/wp\/v2\/media\/42620"}],"wp:attachment":[{"href":"https:\/\/www.europesays.com\/fi\/wp-json\/wp\/v2\/media?parent=42619"}],"wp:term":[{"taxonomy":"category","embeddable":true,"href":"https:\/\/www.europesays.com\/fi\/wp-json\/wp\/v2\/categories?post=42619"},{"taxonomy":"post_tag","embeddable":true,"href":"https:\/\/www.europesays.com\/fi\/wp-json\/wp\/v2\/tags?post=42619"}],"curies":[{"name":"wp","href":"https:\/\/api.w.org\/{rel}","templated":true}]}}