{"id":42621,"date":"2025-09-23T00:16:12","date_gmt":"2025-09-23T00:16:12","guid":{"rendered":"https:\/\/www.europesays.com\/fi\/42621\/"},"modified":"2025-09-23T00:16:12","modified_gmt":"2025-09-23T00:16:12","slug":"pate-mustajarvi-joutui-sairaalaan-loppuvuoden-keikat-peruttu-uutissuomalainen-2","status":"publish","type":"post","link":"https:\/\/www.europesays.com\/fi\/42621\/","title":{"rendered":"Pate Mustaj\u00e4rvi joutui sairaalaan \u2013 loppuvuoden keikat peruttu | Uutissuomalainen"},"content":{"rendered":"<p>Muusikko <strong>Pate Mustaj\u00e4rvi<\/strong>, 69, kertoo joutuneensa useaksi p\u00e4iv\u00e4ksi sairaalahoitoon murrettuaan viisi kylkiluuta. Mustaj\u00e4rvi kirjoittaa asiasta <a href=\"https:\/\/www.facebook.com\/photo?fbid=1319626416205896&amp;set=a.243130520522163&amp;locale=fi_FI\" rel=\"nofollow noopener\" target=\"_blank\">Facebookissa<\/a>.<\/p>\n<p>\u2013 M\u00e4\u00e4 menin ja kompuroin viime viikon lopulla kotona pyykkil\u00e4j\u00e4n kanssa portaikossa. Jalka tarttui lakanan reunaan ja se oli sitten menoa. Siin\u00e4 ryt\u00e4k\u00e4ss\u00e4 murtui viisi kylkiluuta, Mustaj\u00e4rvi kertoo.<\/p>\n<p>Loukkaantuminen oli niin kivulias, etteiv\u00e4t tavalliset kipul\u00e4\u00e4kkeet Mustaj\u00e4rven mukaan riitt\u00e4neet. T\u00e4m\u00e4n vuoksi Mustaj\u00e4rvi kertoo olleensa muutaman p\u00e4iv\u00e4n sairaalassa kylki puudutettuna.<\/p>\n<p>\u2013\u2009Nyt olen jo kotiutumassa, mutta sen verran pahasti on luut rikki, ettei laulamisesta tule mit\u00e4\u00e4n muutamaan viikkoon. N\u00e4in ollen joudun perumaan loppuvuoden keikat, Mustaj\u00e4rvi kirjoittaa.<\/p>\n<p>H\u00e4nen mukaansa ostohinta hyvitet\u00e4\u00e4n lipun ostaneille. Mustaj\u00e4rvell\u00e4 piti olla <a href=\"https:\/\/pate.fi\/keikat\/\" rel=\"nofollow noopener\" target=\"_blank\">keikkoja<\/a> syyskuun aikana Turussa, Nakkilassa ja K\u00f6yli\u00f6ss\u00e4 sek\u00e4 loka-marraskuussa Tampereella, Oulussa ja Lappeenrannassa.<\/p>\n<p>\u2013\u2009Palataan keikka-asioihin jahka m\u00e4\u00e4 t\u00e4st\u00e4 toivun.<\/p>\n<p><strong class=\"diks-storyline__impact\">Viime viikolla<\/strong> Mustaj\u00e4rvi ilmoitti <a href=\"https:\/\/www.facebook.com\/photo?fbid=1316494703185734&amp;set=a.243130517188830&amp;locale=fi_FI\" rel=\"nofollow noopener\" target=\"_blank\">Facebookissa<\/a>, ett\u00e4 h\u00e4nen loppuviikolle suunnitellut keikkansa joudutaan siirt\u00e4m\u00e4\u00e4n tuonnemmaksi. Mustaj\u00e4rven oli m\u00e4\u00e4r\u00e4 esiinty\u00e4 duona <strong>Matti Mikkosen<\/strong> kanssa 18. syyskuuta Lappeenrannassa ja 19. syyskuuta Tampereella. Mustaj\u00e4rvi kertoi torstaina, ett\u00e4 molemmat keikat siirret\u00e4\u00e4n tapaturman vuoksi, muttei tuolloin viel\u00e4 tarkemmin kommentoinut tapahtunutta.<\/p>\n<p>Mustaj\u00e4rvi tunnetaan parhaiten Popedan laulusolistina. H\u00e4n j\u00e4tti yhtyeen syksyll\u00e4 2023.<\/p>\n","protected":false},"excerpt":{"rendered":"Muusikko Pate Mustaj\u00e4rvi, 69, kertoo joutuneensa useaksi p\u00e4iv\u00e4ksi sairaalahoitoon murrettuaan viisi kylkiluuta. Mustaj\u00e4rvi kirjoittaa asiasta Facebookissa. \u2013 M\u00e4\u00e4&hellip;\n","protected":false},"author":2,"featured_media":42622,"comment_status":"","ping_status":"","sticky":false,"template":"","format":"standard","meta":{"footnotes":""},"categories":[136],"tags":[407,137,33,31,30,408,1446,47,3018,952,2230,2461,32,679,109],"class_list":{"0":"post-42621","1":"post","2":"type-post","3":"status-publish","4":"format-standard","5":"has-post-thumbnail","7":"category-julkkikset","8":"tag-celebrities","9":"tag-entertainment","10":"tag-fi","11":"tag-finland","12":"tag-finnish","13":"tag-julkkikset","14":"tag-lappeenranta","15":"tag-musiikki","16":"tag-muusikko","17":"tag-oulu","18":"tag-oulunkaaren-seutukunta","19":"tag-sairaalat-ja-terveyskeskukset","20":"tag-suomi","21":"tag-terveydenhuollon-toimintalaitokset","22":"tag-viihde"},"share_on_mastodon":{"url":"","error":""},"_links":{"self":[{"href":"https:\/\/www.europesays.com\/fi\/wp-json\/wp\/v2\/posts\/42621","targetHints":{"allow":["GET"]}}],"collection":[{"href":"https:\/\/www.europesays.com\/fi\/wp-json\/wp\/v2\/posts"}],"about":[{"href":"https:\/\/www.europesays.com\/fi\/wp-json\/wp\/v2\/types\/post"}],"author":[{"embeddable":true,"href":"https:\/\/www.europesays.com\/fi\/wp-json\/wp\/v2\/users\/2"}],"replies":[{"embeddable":true,"href":"https:\/\/www.europesays.com\/fi\/wp-json\/wp\/v2\/comments?post=42621"}],"version-history":[{"count":0,"href":"https:\/\/www.europesays.com\/fi\/wp-json\/wp\/v2\/posts\/42621\/revisions"}],"wp:featuredmedia":[{"embeddable":true,"href":"https:\/\/www.europesays.com\/fi\/wp-json\/wp\/v2\/media\/42622"}],"wp:attachment":[{"href":"https:\/\/www.europesays.com\/fi\/wp-json\/wp\/v2\/media?parent=42621"}],"wp:term":[{"taxonomy":"category","embeddable":true,"href":"https:\/\/www.europesays.com\/fi\/wp-json\/wp\/v2\/categories?post=42621"},{"taxonomy":"post_tag","embeddable":true,"href":"https:\/\/www.europesays.com\/fi\/wp-json\/wp\/v2\/tags?post=42621"}],"curies":[{"name":"wp","href":"https:\/\/api.w.org\/{rel}","templated":true}]}}