{"id":42638,"date":"2025-09-23T00:35:09","date_gmt":"2025-09-23T00:35:09","guid":{"rendered":"https:\/\/www.europesays.com\/fi\/42638\/"},"modified":"2025-09-23T00:35:09","modified_gmt":"2025-09-23T00:35:09","slug":"intiasta-toivonkipinaa-ilmastokamppailuun-energiantuotannon-paastot-kaantyivat-laskuun-ulkomaat","status":"publish","type":"post","link":"https:\/\/www.europesays.com\/fi\/42638\/","title":{"rendered":"Intiasta toivonkipin\u00e4\u00e4 ilmastokamppailuun: energiantuotannon p\u00e4\u00e4st\u00f6t k\u00e4\u00e4ntyiv\u00e4t laskuun | Ulkomaat"},"content":{"rendered":"<p class=\"aw-1gybjub aw-5vja16 cmIuaG zKETg yle__article__paragraph\">Vuoden ensimm\u00e4isen puoliskon aikana Intian p\u00e4\u00e4st\u00f6t v\u00e4heniv\u00e4t prosentin. 50 vuoden aikana p\u00e4\u00e4st\u00f6t ovat pudonneet vain koronavuonna 2020.<\/p>\n<p><img decoding=\"async\" alt=\"Aurinkopaneelipuiston taustalla tuuliturbiini.\" src=\"https:\/\/www.europesays.com\/fi\/wp-content\/uploads\/2025\/09\/39-102277963500a0b08ba3.jpeg\" class=\"aw-1l9m598 hKVVvP\"\/><\/p>\n<p>Avaa kuvien katselu<\/p>\n<p>Aurinkopaneelit tuottavat s\u00e4hk\u00f6\u00e4 Intian Gujaratissa. Kuva: AOP<\/p>\n<p class=\"aw-1gybjub aw-1p7kakr cmIuaG fmSRng yle__article__paragraph\">Maailman v\u00e4kirikkaimmasta maasta kuuluu ilmaston kannalta hyv\u00e4\u00e4.<\/p>\n<p class=\"aw-1gybjub aw-1p7kakr cmIuaG fmSRng yle__article__paragraph\">Tuoreen <a class=\"aw-iao6s4 iHOxEa yle__article__link\" href=\"https:\/\/energyandcleanair.org\/analysis-indias-power-sector-co2-falls-for-only-second-time-in-half-a-century\/\" role=\"link\" rel=\"nofollow noopener\" target=\"_blank\">selvityksen<\/a> mukaan Intian energiasektorin p\u00e4\u00e4st\u00f6t k\u00e4\u00e4ntyiv\u00e4t laskuun. Vuoden ensimm\u00e4isen puoliskon aikana pudotusta tuli prosentin verran, vuoden takaiseen tilanteeseen verrattuna 0,2 prosenttia.<\/p>\n<p class=\"aw-1gybjub aw-1p7kakr cmIuaG fmSRng yle__article__paragraph\">Selvityksen teki suomalainen tutkimuslaitos Crea.<\/p>\n<p class=\"aw-1gybjub aw-1p7kakr cmIuaG fmSRng yle__article__paragraph\">Intian energiasektori aiheuttaa 8 prosenttia maapallon ilmastop\u00e4\u00e4st\u00f6ist\u00e4. Intiassa asuu kuitenkin liki viidennes maapallon v\u00e4est\u00f6st\u00e4 eli sen tuotanto on huomattavasti alle maailman keskiarvon.<\/p>\n<p class=\"aw-1gybjub aw-1p7kakr cmIuaG fmSRng yle__article__paragraph\">Hiljattain Crean laskelmat kertoivat my\u00f6s maailman suurimman ilmastop\u00e4\u00e4st\u00e4j\u00e4n, Kiinan, energiasektorin p\u00e4\u00e4st\u00f6jen v\u00e4hentyneen ja sama tahti <a class=\"aw-iao6s4 iHOxEa yle__article__link\" href=\"https:\/\/www.carbonbrief.org\/analysis-record-solar-growth-keeps-chinas-co2-falling-in-first-half-of-2025\/\" role=\"link\" rel=\"nofollow noopener\" target=\"_blank\">jatkuu<\/a>. Kiinan osuus maailman ilmastop\u00e4\u00e4st\u00f6ist\u00e4 on selv\u00e4sti suurin eli noin 30 prosenttia.<\/p>\n<p class=\"aw-1gybjub aw-1p7kakr cmIuaG fmSRng yle__article__paragraph\">Intiassa rakennetaan runsaasti uusiutuvaa energiaa. Vihre\u00e4\u00e4 s\u00e4hk\u00f6\u00e4 tuotetaan nykyisell\u00e4 kapasiteetilla noin 50 terawattituntia vuodessa.<\/p>\n<p>Hiilt\u00e4 poltetaan yh\u00e4 paljon<\/p>\n<p class=\"aw-1gybjub aw-1p7kakr cmIuaG fmSRng yle__article__paragraph\">Ylivoimaisesti eniten eli noin puolet Intian hiilidioksidip\u00e4\u00e4st\u00f6ist\u00e4 syntyy hiilen k\u00e4yt\u00f6st\u00e4 s\u00e4hk\u00f6n ja l\u00e4mm\u00f6n tuotantoon.<\/p>\n<p class=\"aw-1gybjub aw-1p7kakr cmIuaG fmSRng yle__article__paragraph\">Toiseksi suurimmat fossiilisten polttoaineiden p\u00e4\u00e4st\u00f6t syntyv\u00e4t teollisuudessa. Liikenteen osuus on noin nelj\u00e4nnes.<\/p>\n<p class=\"aw-1gybjub aw-1p7kakr cmIuaG fmSRng yle__article__paragraph\">Intian energiasektorin hiilidioksidip\u00e4\u00e4st\u00f6t kasvoivat viime vuosina enn\u00e4tystahtia lukuun ottamatta koronavuotta 2020. Erityisen voimakasta kasvu oli vuosina 2021-23.<\/p>\n<p class=\"aw-1gybjub aw-1p7kakr cmIuaG fmSRng yle__article__paragraph\"><strong class=\"aw-ak79eh KyCXm yle__article__strong\">Onko sinulla meille juttuvinkki?<\/strong> Voit l\u00e4hesty\u00e4 toimitusta luottamuksella. Halutessasi voit olla yhteydess\u00e4 my\u00f6s s\u00e4hk\u00f6postitse osoitteeseen tuomo.bjorksten@yle.fi. Luemme kaikki yhteydenotot, mutta emme pysty takaamaan jokaiselle henkil\u00f6kohtaista vastausta.<\/p>\n","protected":false},"excerpt":{"rendered":"Vuoden ensimm\u00e4isen puoliskon aikana Intian p\u00e4\u00e4st\u00f6t v\u00e4heniv\u00e4t prosentin. 50 vuoden aikana p\u00e4\u00e4st\u00f6t ovat pudonneet vain koronavuonna 2020. Avaa&hellip;\n","protected":false},"author":2,"featured_media":42639,"comment_status":"","ping_status":"","sticky":false,"template":"","format":"standard","meta":{"footnotes":""},"categories":[113],"tags":[2038,446,33,31,30,6639,11252,1096,2167,118,32,119,56,447],"class_list":{"0":"post-42638","1":"post","2":"type-post","3":"status-publish","4":"format-standard","5":"has-post-thumbnail","7":"category-ymparisto","8":"tag-energia","9":"tag-environment","10":"tag-fi","11":"tag-finland","12":"tag-finnish","13":"tag-fossiiliset-polttoaineet","14":"tag-hiilidioksidipaastot","15":"tag-ilmasto","16":"tag-intia","17":"tag-science","18":"tag-suomi","19":"tag-tiede","20":"tag-ulkomaat","21":"tag-ymparisto"},"share_on_mastodon":{"url":"","error":""},"_links":{"self":[{"href":"https:\/\/www.europesays.com\/fi\/wp-json\/wp\/v2\/posts\/42638","targetHints":{"allow":["GET"]}}],"collection":[{"href":"https:\/\/www.europesays.com\/fi\/wp-json\/wp\/v2\/posts"}],"about":[{"href":"https:\/\/www.europesays.com\/fi\/wp-json\/wp\/v2\/types\/post"}],"author":[{"embeddable":true,"href":"https:\/\/www.europesays.com\/fi\/wp-json\/wp\/v2\/users\/2"}],"replies":[{"embeddable":true,"href":"https:\/\/www.europesays.com\/fi\/wp-json\/wp\/v2\/comments?post=42638"}],"version-history":[{"count":0,"href":"https:\/\/www.europesays.com\/fi\/wp-json\/wp\/v2\/posts\/42638\/revisions"}],"wp:featuredmedia":[{"embeddable":true,"href":"https:\/\/www.europesays.com\/fi\/wp-json\/wp\/v2\/media\/42639"}],"wp:attachment":[{"href":"https:\/\/www.europesays.com\/fi\/wp-json\/wp\/v2\/media?parent=42638"}],"wp:term":[{"taxonomy":"category","embeddable":true,"href":"https:\/\/www.europesays.com\/fi\/wp-json\/wp\/v2\/categories?post=42638"},{"taxonomy":"post_tag","embeddable":true,"href":"https:\/\/www.europesays.com\/fi\/wp-json\/wp\/v2\/tags?post=42638"}],"curies":[{"name":"wp","href":"https:\/\/api.w.org\/{rel}","templated":true}]}}