{"id":42651,"date":"2025-09-23T00:56:10","date_gmt":"2025-09-23T00:56:10","guid":{"rendered":"https:\/\/www.europesays.com\/fi\/42651\/"},"modified":"2025-09-23T00:56:10","modified_gmt":"2025-09-23T00:56:10","slug":"hallituksen-esitys-toimeentulotuen-saajia-patistellaan-muille-etuuksille-uutissuomalainen","status":"publish","type":"post","link":"https:\/\/www.europesays.com\/fi\/42651\/","title":{"rendered":"Hallituksen esitys: Toimeentulotuen saajia patistellaan muille etuuksille | Uutissuomalainen"},"content":{"rendered":"<p>Hallitus <a href=\"https:\/\/stm.fi\/-\/toimeentulotuen-kokonaisuudistus-etenee-eduskuntaan\" rel=\"nofollow noopener\" target=\"_blank\">esitt\u00e4\u00e4<\/a>, ett\u00e4 toimeentulotuen hakijalle tulisi aiempaa vahvempi velvoite hakea ensisijaisia etuuksia kuten ty\u00f6tt\u00f6myysturvaetuuksia ja opintotukea. Hallituksen esitys toimeentulotuen kokonaisuudistuksesta etenee seuraavaksi eduskunnan k\u00e4sittelyyn.<\/p>\n<p>Jos toimeentulotuen hakijalla ei olisi ensisijaista etuutta haettuna, Kelan tulisi arvioida, olisiko h\u00e4nell\u00e4 oikeus sellaiseen. Jos henkil\u00f6 ei Kelan kehotuksesta huolimatta hakisi kuukauden aikana toimeentulotukeen n\u00e4hden ensisijaisia etuuksia, toimeentulotuen perusosaa alennettaisiin 50 prosentilla.<\/p>\n<p>T\u00e4ll\u00e4 hetkell\u00e4 toimeentulotuen perusosa yksin asuvalle on alle 600 euroa kuukaudessa.<\/p>\n<p>Velvoite hakea ty\u00f6tt\u00f6myysturvaa ja kokop\u00e4iv\u00e4ty\u00f6t\u00e4 voisi osua kohdalle esimerkiksi silloin, kun yritystoiminta ei ole kannattavaa tai opintoihin ei ole mahdollista saada opintotukea.<\/p>\n<p>\t\t\t\tTukeen leikkauksia<\/p>\n<p>Toimeentulotuen perusosan tasoa esitet\u00e4\u00e4n leikattavaksi aikuisilta 2\u20133 prosenttia. Esimerkiksi yksin asuvan 18 vuotta t\u00e4ytt\u00e4neen osalta leikkaus tarkoittaisi hieman alle 18 euron pienennyst\u00e4 toimeentulotuen perusosaan t\u00e4m\u00e4n vuoden tasossa.<\/p>\n<p>Alle 18-vuotiaiden toimeentulotuen perusosa kasvaisi 0\u20130,7 prosenttia.<\/p>\n<p>Hallitus esitt\u00e4\u00e4 toimeentulotuen 150 euron suojaosan poistoa aikuisilta. Nykyisell\u00e4\u00e4n voi tienata kuussa 150 euroa ilman, ett\u00e4 se vaikuttaa toimeentulotuen perusosaan.<\/p>\n<p>Jatkossa my\u00f6s muut aikuisten v\u00e4h\u00e4isiksi katsottavat tulot ja avustukset huomioitaisiin tuloina t\u00e4ysim\u00e4\u00e4r\u00e4isesti.<\/p>\n<p>\t\t\t\tHaetaan s\u00e4\u00e4st\u00f6\u00e4<\/p>\n<p>Esityksell\u00e4 arvioidaan olevan 70 miljoonan euron suora julkista taloutta vahvistava vaikutus vuoden 2027 tasossa, kun huomioidaan etuuksiin ja verokertym\u00e4\u00e4n tulevat muutokset. Toisaalta toimeenpanosta tulee arviolta 18 miljoonaa euroa lis\u00e4kustannuksia.<\/p>\n<p>Kela maksoi viime vuonna perustoimeentulotukea noin 825 miljoonaa euroa.<\/p>\n<p>Sosiaaliturvamuutosten yhteisvaikutuksia arvioivan sosiaali- ja terveysministeri\u00f6n <a href=\"https:\/\/stm.fi\/-\/hallituksen-sosiaaliturvamuutosten-yhteisvaikutuksia-arvioivat-muistiot-julkaistu\" rel=\"nofollow noopener\" target=\"_blank\">muistion<\/a> mukaan hallituskauden sosiaaliturvamuutokset n\u00e4kyv\u00e4t Kelan tilastoissa. T\u00e4m\u00e4n vuoden aikana toimeentulotuen saajam\u00e4\u00e4r\u00e4t ovat k\u00e4\u00e4ntyneet nousuun erityisesti tuen saamisen pitkittymisen takia.<\/p>\n<p>Nyt eduskuntaan etenev\u00e4 toimeentulotuen kokonaisuudistus syvent\u00e4isi pienituloisuutta ja lis\u00e4isi pienituloisten m\u00e4\u00e4r\u00e4\u00e4 v\u00e4h\u00e4isesti.<\/p>\n<p>Lakien on tarkoitus tulla voimaan p\u00e4\u00e4osin helmikuun alussa.<\/p>\n","protected":false},"excerpt":{"rendered":"Hallitus esitt\u00e4\u00e4, ett\u00e4 toimeentulotuen hakijalle tulisi aiempaa vahvempi velvoite hakea ensisijaisia etuuksia kuten ty\u00f6tt\u00f6myysturvaetuuksia ja opintotukea. Hallituksen esitys&hellip;\n","protected":false},"author":2,"featured_media":42652,"comment_status":"","ping_status":"","sticky":false,"template":"","format":"standard","meta":{"footnotes":""},"categories":[5],"tags":[22,23,26,27,33,31,30,17,2644,587,2646,24,25,28,29,15,18,21,2645,103,32,19,20,860,16,796],"class_list":{"0":"post-42651","1":"post","2":"type-post","3":"status-publish","4":"format-standard","5":"has-post-thumbnail","7":"category-otsikot","8":"tag-breaking-news","9":"tag-breakingnews","10":"tag-featured-news","11":"tag-featurednews","12":"tag-fi","13":"tag-finland","14":"tag-finnish","15":"tag-headlines","16":"tag-kotitalouksien-tulot-ja-rahankaytto","17":"tag-koyhyys-ja-sosiaaliturva","18":"tag-kuluttajakayttaytyminen","19":"tag-latest-news","20":"tag-latestnews","21":"tag-main-news","22":"tag-mainnews","23":"tag-news","24":"tag-otsikot","25":"tag-paauutiset","26":"tag-palkka-ja-tyosuhde-edut","27":"tag-sosiaalikysymykset","28":"tag-suomi","29":"tag-top-stories","30":"tag-topstories","31":"tag-tyoelama","32":"tag-uutiset","33":"tag-yhteiskunta"},"share_on_mastodon":{"url":"","error":""},"_links":{"self":[{"href":"https:\/\/www.europesays.com\/fi\/wp-json\/wp\/v2\/posts\/42651","targetHints":{"allow":["GET"]}}],"collection":[{"href":"https:\/\/www.europesays.com\/fi\/wp-json\/wp\/v2\/posts"}],"about":[{"href":"https:\/\/www.europesays.com\/fi\/wp-json\/wp\/v2\/types\/post"}],"author":[{"embeddable":true,"href":"https:\/\/www.europesays.com\/fi\/wp-json\/wp\/v2\/users\/2"}],"replies":[{"embeddable":true,"href":"https:\/\/www.europesays.com\/fi\/wp-json\/wp\/v2\/comments?post=42651"}],"version-history":[{"count":0,"href":"https:\/\/www.europesays.com\/fi\/wp-json\/wp\/v2\/posts\/42651\/revisions"}],"wp:featuredmedia":[{"embeddable":true,"href":"https:\/\/www.europesays.com\/fi\/wp-json\/wp\/v2\/media\/42652"}],"wp:attachment":[{"href":"https:\/\/www.europesays.com\/fi\/wp-json\/wp\/v2\/media?parent=42651"}],"wp:term":[{"taxonomy":"category","embeddable":true,"href":"https:\/\/www.europesays.com\/fi\/wp-json\/wp\/v2\/categories?post=42651"},{"taxonomy":"post_tag","embeddable":true,"href":"https:\/\/www.europesays.com\/fi\/wp-json\/wp\/v2\/tags?post=42651"}],"curies":[{"name":"wp","href":"https:\/\/api.w.org\/{rel}","templated":true}]}}