{"id":42678,"date":"2025-09-23T01:46:17","date_gmt":"2025-09-23T01:46:17","guid":{"rendered":"https:\/\/www.europesays.com\/fi\/42678\/"},"modified":"2025-09-23T01:46:17","modified_gmt":"2025-09-23T01:46:17","slug":"kolme-kuoli-venajan-iskuissa-mtv-uutiset","status":"publish","type":"post","link":"https:\/\/www.europesays.com\/fi\/42678\/","title":{"rendered":"Kolme kuoli Ven\u00e4j\u00e4n iskuissa. | MTV Uutiset"},"content":{"rendered":"<p><strong class=\"typography-bold\">Ven\u00e4j\u00e4n aamuiset iskut tappoivat kolme ihmist\u00e4 Ukrainassa.<\/strong><\/p>\n<p>Ven\u00e4j\u00e4 iski maanantai-aamuna Kaakkois-Ukrainassa sijaitsevaan Zaporizhzhjan kaupunkiin tappaen kolme ihmist\u00e4. Kahden ihmisen kerrotaan lis\u00e4ksi loukkaantuneen iskuissa.<\/p>\n<p>Aiheesta kertoo uutistoimisto Reuters.<\/p>\n<p>Alueen kuvern\u00f6\u00f6ri <strong class=\"typography-bold\">Ivan Fedorovin<\/strong> mukaan iskut vaurioittivat 15 kerrostaloa, 10 asuinrakennusta sek\u00e4 muita rakennuksia ja ajoneuvoja.<\/p>\n<p>\u2013 Maanantaiaamu Zaporizhzhjassa alkoi r\u00e4j\u00e4hdyksill\u00e4 ja tulipaloilla, Fedorov kertoi.<\/p>\n<p>Ukrainalaisviranomaisten mukaan Ven\u00e4j\u00e4 iski y\u00f6n aikana 132 droonilla, joista yhdeks\u00e4n kerrotaan iskeneen seitsem\u00e4\u00e4n paikkaan.\u00a0<\/p>\n<p>Kiev Independent -lehden <a class=\"underline\" data-testid=\"external-link\" href=\"https:\/\/kyivindependent.com\/russia-strikes-zaporizhzhia-sumy-kyiv-oblasts-overnight-killing-at-least-2\/\" rel=\"noopener noreferrer nofollow\" target=\"_blank\" data-sentry-component=\"ExternalLink\" data-sentry-source-file=\"ExternalLink.tsx\">mukaan<\/a> iskuja raportoitiin my\u00f6s Kiovan ja Sumyn alueilla.<\/p>\n<p>Ven\u00e4j\u00e4n viranomaisten mukaan maa torjui 114 ukrainalaisdroonia y\u00f6n aikana.<\/p>\n<p>Ukrainan kerrotaan iskeneen Krasnodar Krain alueella sijaitsevaan s\u00e4hk\u00f6laitokseen. Ukraina ei ole kommentoinut mahdollista iskua.<\/p>\n<p>Lue my\u00f6s: <a class=\"underline\" data-testid=\"external-link\" href=\"https:\/\/www.mtvuutiset.fi\/artikkeli\/isw-venalaisjoukot-naamioituivat-siviileiksi-ja-teloittivat-ukrainalaisia\/9226748\" rel=\"noopener noreferrer nofollow\" target=\"_blank\" data-sentry-component=\"ExternalLink\" data-sentry-source-file=\"ExternalLink.tsx\">ISW: Ven\u00e4l\u00e4isjoukot naamioituivat siviileiksi ja teloittivat ukrainalaisia<\/a><\/p>\n","protected":false},"excerpt":{"rendered":"Ven\u00e4j\u00e4n aamuiset iskut tappoivat kolme ihmist\u00e4 Ukrainassa. Ven\u00e4j\u00e4 iski maanantai-aamuna Kaakkois-Ukrainassa sijaitsevaan Zaporizhzhjan kaupunkiin tappaen kolme ihmist\u00e4. Kahden&hellip;\n","protected":false},"author":2,"featured_media":42679,"comment_status":"","ping_status":"","sticky":false,"template":"","format":"standard","meta":{"footnotes":""},"categories":[14],"tags":[22,23,26,27,33,31,30,17,24,25,28,29,15,18,21,32,19,20,56,16,59,60,61],"class_list":{"0":"post-42678","1":"post","2":"type-post","3":"status-publish","4":"format-standard","5":"has-post-thumbnail","7":"category-ulkomaat","8":"tag-breaking-news","9":"tag-breakingnews","10":"tag-featured-news","11":"tag-featurednews","12":"tag-fi","13":"tag-finland","14":"tag-finnish","15":"tag-headlines","16":"tag-latest-news","17":"tag-latestnews","18":"tag-main-news","19":"tag-mainnews","20":"tag-news","21":"tag-otsikot","22":"tag-paauutiset","23":"tag-suomi","24":"tag-top-stories","25":"tag-topstories","26":"tag-ulkomaat","27":"tag-uutiset","28":"tag-world","29":"tag-world-news","30":"tag-worldnews"},"share_on_mastodon":{"url":"","error":""},"_links":{"self":[{"href":"https:\/\/www.europesays.com\/fi\/wp-json\/wp\/v2\/posts\/42678","targetHints":{"allow":["GET"]}}],"collection":[{"href":"https:\/\/www.europesays.com\/fi\/wp-json\/wp\/v2\/posts"}],"about":[{"href":"https:\/\/www.europesays.com\/fi\/wp-json\/wp\/v2\/types\/post"}],"author":[{"embeddable":true,"href":"https:\/\/www.europesays.com\/fi\/wp-json\/wp\/v2\/users\/2"}],"replies":[{"embeddable":true,"href":"https:\/\/www.europesays.com\/fi\/wp-json\/wp\/v2\/comments?post=42678"}],"version-history":[{"count":0,"href":"https:\/\/www.europesays.com\/fi\/wp-json\/wp\/v2\/posts\/42678\/revisions"}],"wp:featuredmedia":[{"embeddable":true,"href":"https:\/\/www.europesays.com\/fi\/wp-json\/wp\/v2\/media\/42679"}],"wp:attachment":[{"href":"https:\/\/www.europesays.com\/fi\/wp-json\/wp\/v2\/media?parent=42678"}],"wp:term":[{"taxonomy":"category","embeddable":true,"href":"https:\/\/www.europesays.com\/fi\/wp-json\/wp\/v2\/categories?post=42678"},{"taxonomy":"post_tag","embeddable":true,"href":"https:\/\/www.europesays.com\/fi\/wp-json\/wp\/v2\/tags?post=42678"}],"curies":[{"name":"wp","href":"https:\/\/api.w.org\/{rel}","templated":true}]}}