{"id":42721,"date":"2025-09-23T03:04:10","date_gmt":"2025-09-23T03:04:10","guid":{"rendered":"https:\/\/www.europesays.com\/fi\/42721\/"},"modified":"2025-09-23T03:04:10","modified_gmt":"2025-09-23T03:04:10","slug":"yhdysvallat-peruuttaa-brasilian-valtionsyyttajan-viisumin-uutisia-lyhyesti","status":"publish","type":"post","link":"https:\/\/www.europesays.com\/fi\/42721\/","title":{"rendered":"Yhdysvallat peruuttaa Brasilian valtionsyytt\u00e4j\u00e4n viisumin | Uutisia lyhyesti"},"content":{"rendered":"<p class=\"aw-1gybjub aw-5vja16 cmIuaG zKETg yle__article__paragraph\">Yhdysvaltain ja Brasilian v\u00e4lit ovat viilentyneet, kun Brasilian korkein oikeus totesi entisen presidentti Jair Bolsonaron syylliseksi vallankaappausyritykseen.<\/p>\n<p><img decoding=\"async\" alt=\"Brasilian valtionsyytt\u00e4j\u00e4 Jorge Messias.\" src=\"https:\/\/www.europesays.com\/fi\/wp-content\/uploads\/2025\/09\/39-152711568d1879db2cd3.jpeg\" class=\"aw-1l9m598 hKVVvP\"\/><\/p>\n<p>Avaa kuvien katselu<\/p>\n<p>Brasilian valtionsyytt\u00e4j\u00e4 Jorge Messias. Arkistokuva helmikuulta 2024. Kuva: Ton Molina \/ AOP<\/p>\n<p class=\"aw-1gybjub aw-1p7kakr cmIuaG fmSRng yle__article__paragraph\">Yhdysvallat peruuttaa Brasilian valtionsyytt\u00e4j\u00e4 <strong class=\"aw-ak79eh KyCXm yle__article__strong\">Jorge Messiasin<\/strong> ja viiden muun entisen ja nykyisen brasilialaisen oikeusviranomaisen viisumit, Trumpin hallinnon korkea-arvoinen virkamies kertoi Reutersille maanantaina.<\/p>\n<p class=\"aw-1gybjub aw-1p7kakr cmIuaG fmSRng yle__article__paragraph\">Yhdysvaltain ja Brasilian v\u00e4lit ovat viilentyneet sen j\u00e4lkeen, kun Brasilian korkein oikeus totesi entisen presidentti <strong class=\"aw-ak79eh KyCXm yle__article__strong\">Jair Bolsonaron<\/strong> <a class=\"aw-iao6s4 iHOxEa yle__article__link\" href=\"https:\/\/yle.fi\/a\/74-20182494\" role=\"link\" rel=\"nofollow noopener\" target=\"_blank\">syylliseksi vallankaappausyritykseen <\/a>ja langetti t\u00e4lle pitk\u00e4n vankeusrangaistuksen.<\/p>\n<p class=\"aw-1gybjub aw-1p7kakr cmIuaG fmSRng yle__article__paragraph\">Presidentti <strong class=\"aw-ak79eh KyCXm yle__article__strong\">Donald Trump<\/strong> ja h\u00e4nen liittolaisensa pit\u00e4v\u00e4t Bolsonaron tuomiota poliittisen noitavainon tuloksena. Brasilian viranomaiset ovat torjuneet v\u00e4itteen.<\/p>\n<p class=\"aw-1gybjub aw-1p7kakr cmIuaG fmSRng yle__article__paragraph\">Trumpin hallinto peruuttaa viisumit Messiasin lis\u00e4ksi entiselt\u00e4 valtionsyytt\u00e4j\u00e4lt\u00e4 <strong class=\"aw-ak79eh KyCXm yle__article__strong\">Jose Levilt\u00e4<\/strong>, entiselt\u00e4 vaalituomioistuimen tuomarilta <strong class=\"aw-ak79eh KyCXm yle__article__strong\">Benedito Goncalvesilta<\/strong>, apulaistuomarilta ja korkeimman oikeuden avustajalta <strong class=\"aw-ak79eh KyCXm yle__article__strong\">Airton Vieiralta<\/strong>, entiselt\u00e4 vaalituomioistuimen avustajalta <strong class=\"aw-ak79eh KyCXm yle__article__strong\">Marco Antonio Martin Vargasilta<\/strong> ja oikeuden avustajalta <strong class=\"aw-ak79eh KyCXm yle__article__strong\">Rafael Henrique Janela Tamai Rochalta<\/strong>.<\/p>\n<p class=\"aw-1gybjub aw-1p7kakr cmIuaG fmSRng yle__article__paragraph\">Useat heist\u00e4 ovat Brasilian korkeimman oikeuden tuomarin <strong class=\"aw-ak79eh KyCXm yle__article__strong\">Alexandre de Moraesin<\/strong> nykyisi\u00e4 tai entisi\u00e4 avustajia tai liittolaisia. Moraes johti Bolsonaron oikeudenk\u00e4ynti\u00e4.<\/p>\n<p class=\"aw-1gybjub aw-1p7kakr cmIuaG fmSRng yle__article__paragraph\">Trumpin hallinto asetti Moraesin pakotteiden alaiseksi <a class=\"aw-iao6s4 iHOxEa yle__article__link\" href=\"https:\/\/yle.fi\/a\/74-20175156\" role=\"link\" rel=\"nofollow noopener\" target=\"_blank\">hein\u00e4kuussa<\/a>. H\u00e4nen viisuminsa on peruutettu, samoin kuin useiden muiden Brasilian korkeimman oikeuden tuomareiden.<\/p>\n<p class=\"aw-1gybjub aw-1p7kakr cmIuaG fmSRng yle__article__paragraph\">Yhdysvaltain valtiovarainministeri\u00f6 on my\u00f6s asettanut pakotteita Moraesin vaimolle.<\/p>\n<p class=\"aw-1gybjub aw-1p7kakr cmIuaG fmSRng yle__article__paragraph\">L\u00e4hde: Reuters<\/p>\n","protected":false},"excerpt":{"rendered":"Yhdysvaltain ja Brasilian v\u00e4lit ovat viilentyneet, kun Brasilian korkein oikeus totesi entisen presidentti Jair Bolsonaron syylliseksi vallankaappausyritykseen. Avaa&hellip;\n","protected":false},"author":2,"featured_media":42722,"comment_status":"","ping_status":"","sticky":false,"template":"","format":"standard","meta":{"footnotes":""},"categories":[14],"tags":[2741,22,23,585,26,27,33,31,30,17,6495,70,24,25,28,29,15,18,21,32,19,20,56,16,4271,59,60,61,619],"class_list":{"0":"post-42721","1":"post","2":"type-post","3":"status-publish","4":"format-standard","5":"has-post-thumbnail","7":"category-ulkomaat","8":"tag-brasilia","9":"tag-breaking-news","10":"tag-breakingnews","11":"tag-donald-trump","12":"tag-featured-news","13":"tag-featurednews","14":"tag-fi","15":"tag-finland","16":"tag-finnish","17":"tag-headlines","18":"tag-jair-bolsonaro","19":"tag-kansainvalinen-politiikka","20":"tag-latest-news","21":"tag-latestnews","22":"tag-main-news","23":"tag-mainnews","24":"tag-news","25":"tag-otsikot","26":"tag-paauutiset","27":"tag-suomi","28":"tag-top-stories","29":"tag-topstories","30":"tag-ulkomaat","31":"tag-uutiset","32":"tag-viisumit","33":"tag-world","34":"tag-world-news","35":"tag-worldnews","36":"tag-yhdysvallat"},"share_on_mastodon":{"url":"","error":""},"_links":{"self":[{"href":"https:\/\/www.europesays.com\/fi\/wp-json\/wp\/v2\/posts\/42721","targetHints":{"allow":["GET"]}}],"collection":[{"href":"https:\/\/www.europesays.com\/fi\/wp-json\/wp\/v2\/posts"}],"about":[{"href":"https:\/\/www.europesays.com\/fi\/wp-json\/wp\/v2\/types\/post"}],"author":[{"embeddable":true,"href":"https:\/\/www.europesays.com\/fi\/wp-json\/wp\/v2\/users\/2"}],"replies":[{"embeddable":true,"href":"https:\/\/www.europesays.com\/fi\/wp-json\/wp\/v2\/comments?post=42721"}],"version-history":[{"count":0,"href":"https:\/\/www.europesays.com\/fi\/wp-json\/wp\/v2\/posts\/42721\/revisions"}],"wp:featuredmedia":[{"embeddable":true,"href":"https:\/\/www.europesays.com\/fi\/wp-json\/wp\/v2\/media\/42722"}],"wp:attachment":[{"href":"https:\/\/www.europesays.com\/fi\/wp-json\/wp\/v2\/media?parent=42721"}],"wp:term":[{"taxonomy":"category","embeddable":true,"href":"https:\/\/www.europesays.com\/fi\/wp-json\/wp\/v2\/categories?post=42721"},{"taxonomy":"post_tag","embeddable":true,"href":"https:\/\/www.europesays.com\/fi\/wp-json\/wp\/v2\/tags?post=42721"}],"curies":[{"name":"wp","href":"https:\/\/api.w.org\/{rel}","templated":true}]}}