{"id":42725,"date":"2025-09-23T03:06:07","date_gmt":"2025-09-23T03:06:07","guid":{"rendered":"https:\/\/www.europesays.com\/fi\/42725\/"},"modified":"2025-09-23T03:06:07","modified_gmt":"2025-09-23T03:06:07","slug":"trump-kehottaa-raskaana-olevia-valttamaan-parasetamolia-toisin-kuin-laakarit","status":"publish","type":"post","link":"https:\/\/www.europesays.com\/fi\/42725\/","title":{"rendered":"Trump kehottaa raskaana olevia v\u00e4ltt\u00e4m\u00e4\u00e4n parasetamolia \u2013 toisin kuin l\u00e4\u00e4k\u00e4rit"},"content":{"rendered":"<p>Yhdysvallat|J\u00e4rjest\u00f6t tuomitsivat Trumpin linjaukset l\u00e4\u00e4ketieteest\u00e4.<\/p>\n<p>Lue tiivistelm\u00e4<\/p>\n<p>Tiivistelm\u00e4 on teko\u00e4lyn tekem\u00e4 ja ihmisen tarkistama.<\/p>\n<p class=\"article-body mb-nof-24 px-nof-16 sndp-summary-bullet-point-font\">Yhdysvaltain presidentti Donald Trump kehottaa raskaana olevia v\u00e4ltt\u00e4m\u00e4\u00e4n parasetamolia v\u00e4itt\u00e4en sen lis\u00e4\u00e4v\u00e4n autismin riski\u00e4.<\/p>\n<p class=\"article-body mb-nof-24 px-nof-16 sndp-summary-bullet-point-font\">L\u00e4\u00e4k\u00e4rit ja tutkijat kiist\u00e4v\u00e4t Trumpin v\u00e4itteet parasetamolin ja autismin yhteydest\u00e4.<\/p>\n<p class=\"article-body mb-nof-24 px-nof-16 sndp-summary-bullet-point-font\">Useat l\u00e4\u00e4ketieteen ja autismin etuj\u00e4rjest\u00f6t ovat tuominneet presidentin linjaukset.<\/p>\n<p class=\"article-body mb-nof-24 px-nof-16\">Yhdysvaltojen presidentti <a class=\"article-personlink\" href=\"https:\/\/www.hs.fi\/haku\/?query=Donald%20Trump\" rel=\"nofollow noopener\" target=\"_blank\">Donald Trump<\/a> kehotti maanantaina raskaana olevia v\u00e4ltt\u00e4m\u00e4\u00e4n parasetamolia sis\u00e4lt\u00e4v\u00e4\u00e4 s\u00e4rkyl\u00e4\u00e4kett\u00e4. Trump v\u00e4itt\u00e4\u00e4, ett\u00e4 l\u00e4\u00e4ke kasvattaa autismin riski\u00e4 lapsella.<\/p>\n<p class=\"article-body mb-nof-24 px-nof-16\">Monet l\u00e4\u00e4k\u00e4rit ovat kyseenalaistaneet v\u00e4itteen, kertoo uutistoimisto Reuters.<\/p>\n<p class=\"article-body mb-nof-24 px-nof-16\">Presidentti puhui asiasta tiedotustilaisuudessa, jonka h\u00e4n piti my\u00f6h\u00e4\u00e4n maanantai-iltana Suomen aikaa Valkoisessa talossa Washingtonissa.<\/p>\n<p class=\"article-body mb-nof-24 px-nof-16\">Samalla Trump ehdotti foliinihappoa eli leukovoriinia hoidoksi autismin oireisiin. T\u00e4h\u00e4n asti foliinihappoa on k\u00e4ytetty muun muassa sy\u00f6p\u00e4hoidoissa.<\/p>\n<p class=\"article-body mb-nof-24 px-nof-16\">Trump ilmoitti my\u00f6s muutoksista lasten rokotussuosituksiin. Trumpin mukaan \u201dei ole syyt\u00e4\u201d rokottaa vastasyntyneit\u00e4 B-hepatiitti-maksatulehdusta vastaan. H\u00e4n ei kertonut, mihin p\u00e4\u00e4telm\u00e4 perustuu.<\/p>\n<p class=\"article-body mb-nof-24 px-nof-16\">Rokotussuosituksen muuttaminen heijastelee Trumpin terveysministerin <a class=\"article-personlink\" href=\"https:\/\/www.hs.fi\/haku\/?query=Robert%20Kennedyn\" rel=\"nofollow noopener\" target=\"_blank\">Robert Kennedyn<\/a> n\u00e4kemyksi\u00e4. H\u00e4net on tunnetaan rokotekriitikkona.<\/p>\n<p class=\"article-body mb-nof-24 px-nof-16\">Raskaana olevien tulisi Trumpin mukaan v\u00e4ltt\u00e4\u00e4 Tylenol-nimist\u00e4 l\u00e4\u00e4kett\u00e4, joka h\u00e4nen mukaansa liittyy autismiin.<\/p>\n<p class=\"article-body mb-nof-24 px-nof-16\">Kyseess\u00e4 on s\u00e4rkyl\u00e4\u00e4ke, jonka vaikuttava aine on parasetamoli. Parasetamoli on Suomessakin paljon k\u00e4ytetty ja verrattain turvallisena pidetty, kuumetta alentava s\u00e4rkyl\u00e4\u00e4ke. Aineesta k\u00e4ytet\u00e4\u00e4n my\u00f6s nimityst\u00e4 asetaminofeeni.<\/p>\n<p class=\"article-body mb-nof-24 px-nof-16\">\u201dTylenolin ottaminen ei ole hyv\u00e4. Sanon sen \u2013 se ei ole hyv\u00e4ksi\u201d, Trump sanoi uutistoimisto Reutersin mukaan.<\/p>\n<p class=\"article-body mb-nof-24 px-nof-16\">\u201dT\u00e4st\u00e4 syyst\u00e4, aletaan vahvasti suositella, ett\u00e4 naiset rajoittaisivat Tylenolin k\u00e4ytt\u00f6\u00e4 raskauden aikana, ellei se ole l\u00e4\u00e4ketieteellisesti tarpeellista\u201d, Trump sanoi.<\/p>\n<p class=\"article-body mb-nof-24 px-nof-16\">Tutkijoiden mukaan ei ole selke\u00e4\u00e4 n\u00e4ytt\u00f6\u00e4 siit\u00e4, ett\u00e4 Tylenolin k\u00e4yt\u00f6n ja autismin v\u00e4lill\u00e4 olisi yhteys, kertoo Reuters. Viime vuonna julkaistussa ruotsalaistutkimuksessa todettiin, ett\u00e4 yhteytt\u00e4 parasetamolin ja autismin v\u00e4lill\u00e4 ei ole, kertoo sanomalehti <a class=\"article-genericlink\" href=\"https:\/\/www.aftonbladet.se\/nyheter\/a\/5E9pmK\/trump-kopplar-autism-till-paracetamol-ta-inte-tylenol\" rel=\"nofollow noopener\" target=\"_blank\">Aftonbladet<\/a>.<\/p>\n<p class=\"article-body mb-nof-24 px-nof-16\">Tutkijoiden yleisesti jakama k\u00e4sitys on, ett\u00e4 autismi johtuu monimutkaisesta geneettisten tekij\u00f6iden ja ymp\u00e4rist\u00f6tekij\u00f6iden summasta, eik\u00e4 sit\u00e4 voi panna vain yhden tekij\u00e4n syyksi, <a class=\"article-genericlink\" href=\"https:\/\/www.nytimes.com\/2025\/09\/22\/health\/kennedy-autism-tylenol-trump.html\" rel=\"nofollow noopener\" target=\"_blank\">The New York Times <\/a>kertoo.<\/p>\n<p class=\"article-body mb-nof-24 px-nof-16\">Kymmenet l\u00e4\u00e4ketieteen, tutkimuksen ja autismin etuj\u00e4rjest\u00f6t tuomitsivat presidentin ilmoituksen, kertoo Reuters.<\/p>\n<p class=\"article-body mb-nof-24 px-nof-16\">Sen mukaan tuomitsijoiden joukossa olivat esimerkiksi lastenl\u00e4\u00e4k\u00e4rij\u00e4rjest\u00f6 American Academy of Pediatrics sek\u00e4 synnytysl\u00e4\u00e4k\u00e4rien ja naistentautien erikoisl\u00e4\u00e4k\u00e4rien j\u00e4rjest\u00f6 American College of Obstetricians and Gynecologists.<\/p>\n<p class=\"article-body mb-nof-24 px-nof-16\">\u201dViitattu data ei tue v\u00e4itett\u00e4, ett\u00e4 Tylenol aiheuttaa autismia ja ett\u00e4 leukovoriini on parannuskeino, vaan ainoastaan lietsoo pelkoa ja antaa v\u00e4\u00e4ri\u00e4 toiveita, kun yksinkertaista vastausta ei ole\u201d, kirjoitti puolestaan autismitutkijoiden j\u00e4rjest\u00f6 Coalition of Autism Scientists kommentissaan Reutersin mukaan.<\/p>\n","protected":false},"excerpt":{"rendered":"Yhdysvallat|J\u00e4rjest\u00f6t tuomitsivat Trumpin linjaukset l\u00e4\u00e4ketieteest\u00e4. Lue tiivistelm\u00e4 Tiivistelm\u00e4 on teko\u00e4lyn tekem\u00e4 ja ihmisen tarkistama. Yhdysvaltain presidentti Donald Trump&hellip;\n","protected":false},"author":2,"featured_media":42726,"comment_status":"","ping_status":"","sticky":false,"template":"","format":"standard","meta":{"footnotes":""},"categories":[5],"tags":[22,23,26,27,33,31,30,17,46,24,25,28,29,15,18,21,32,19,20,16],"class_list":{"0":"post-42725","1":"post","2":"type-post","3":"status-publish","4":"format-standard","5":"has-post-thumbnail","7":"category-otsikot","8":"tag-breaking-news","9":"tag-breakingnews","10":"tag-featured-news","11":"tag-featurednews","12":"tag-fi","13":"tag-finland","14":"tag-finnish","15":"tag-headlines","16":"tag-helsingin-sanomat","17":"tag-latest-news","18":"tag-latestnews","19":"tag-main-news","20":"tag-mainnews","21":"tag-news","22":"tag-otsikot","23":"tag-paauutiset","24":"tag-suomi","25":"tag-top-stories","26":"tag-topstories","27":"tag-uutiset"},"share_on_mastodon":{"url":"","error":""},"_links":{"self":[{"href":"https:\/\/www.europesays.com\/fi\/wp-json\/wp\/v2\/posts\/42725","targetHints":{"allow":["GET"]}}],"collection":[{"href":"https:\/\/www.europesays.com\/fi\/wp-json\/wp\/v2\/posts"}],"about":[{"href":"https:\/\/www.europesays.com\/fi\/wp-json\/wp\/v2\/types\/post"}],"author":[{"embeddable":true,"href":"https:\/\/www.europesays.com\/fi\/wp-json\/wp\/v2\/users\/2"}],"replies":[{"embeddable":true,"href":"https:\/\/www.europesays.com\/fi\/wp-json\/wp\/v2\/comments?post=42725"}],"version-history":[{"count":0,"href":"https:\/\/www.europesays.com\/fi\/wp-json\/wp\/v2\/posts\/42725\/revisions"}],"wp:featuredmedia":[{"embeddable":true,"href":"https:\/\/www.europesays.com\/fi\/wp-json\/wp\/v2\/media\/42726"}],"wp:attachment":[{"href":"https:\/\/www.europesays.com\/fi\/wp-json\/wp\/v2\/media?parent=42725"}],"wp:term":[{"taxonomy":"category","embeddable":true,"href":"https:\/\/www.europesays.com\/fi\/wp-json\/wp\/v2\/categories?post=42725"},{"taxonomy":"post_tag","embeddable":true,"href":"https:\/\/www.europesays.com\/fi\/wp-json\/wp\/v2\/tags?post=42725"}],"curies":[{"name":"wp","href":"https:\/\/api.w.org\/{rel}","templated":true}]}}