{"id":42727,"date":"2025-09-23T03:17:06","date_gmt":"2025-09-23T03:17:06","guid":{"rendered":"https:\/\/www.europesays.com\/fi\/42727\/"},"modified":"2025-09-23T03:17:06","modified_gmt":"2025-09-23T03:17:06","slug":"xiaomi-vahvisti-julkistavansa-17-sarjan-huippupuhelimensa-kiinassa-25-syyskuuta-varustettu-ensimmaisena-qualcommin-uudella-huippupiirilla-mobiili-fi","status":"publish","type":"post","link":"https:\/\/www.europesays.com\/fi\/42727\/","title":{"rendered":"Xiaomi vahvisti julkistavansa 17-sarjan huippupuhelimensa Kiinassa 25. syyskuuta \u2013 varustettu ensimm\u00e4isen\u00e4 Qualcommin uudella huippupiirill\u00e4 &#8211; Mobiili.fi"},"content":{"rendered":"<ol>\n<li><a href=\"https:\/\/news.google.com\/rss\/articles\/CBMi_AFBVV95cUxQVDM4NHVscnBjQTBiTGxaYU1BTDlheU5CN3FyS3pSaWdIU0tTUW5MekZveTJPSk1QUHNfWlR1SHhROFF4ZmJVT0Y2RUY4eGtYLUVweU5Zd1BBWFhYdTRGcEZnVXB4SHphbFFRNnk3b0Q5VC1tSzFHSzJ6LXBLY0lJQ2k4ZEVZcjIxeVFOay1tSFFXb3BkbnlLRVUxUTBFMGhQLVZVSDk4QWowbDY4dmViWUotZ0pqdXVTYmlWMVYwTkRvMmNZMm1pX3p6MWk0R25LdUhQNWFyb0JDRVdXTDFLc0tfZXZZd1dBVDViOTd2WHM5bWJLbFRfOGpCdjM?oc=5\" target=\"_blank\" rel=\"nofollow noopener\">Xiaomi vahvisti julkistavansa 17-sarjan huippupuhelimensa Kiinassa 25. syyskuuta \u2013 varustettu ensimm\u00e4isen\u00e4 Qualcommin uudella huippupiirill\u00e4<\/a>&nbsp;&nbsp;Mobiili.fi<\/li>\n<li><a href=\"https:\/\/news.google.com\/rss\/articles\/CBMitAFBVV95cUxNcXVla0E2X0xRcl9PSmdmUG53LWtzNDZ4N1N6NmdELWF3WmtrcEFGWXRsN0F4dEI2VVRaQ2YyMlRBUENnQUlFWE1PMVJLbW1FdW9xTEdjZkdzQkFxQUFndkdNa3FsVWh4aS1wOU02VlBCa0Q4ZUhCVm9COHRZLVd0SjNYUk1NUHZteFdIaFVwbWVKdnJBZ0FfVWJyU2tYSW1POVRocC1felpyd3M2WmhEUV8zUTc?oc=5\" target=\"_blank\" rel=\"nofollow noopener\">Huhu: Honor Magic 8 -sarja esitell\u00e4\u00e4n jo 15. lokakuuta &#8211; mukana uusin Snapdragon 8 Elite Gen 5<\/a>&nbsp;&nbsp;SuomiMobiili<\/li>\n<li><a href=\"https:\/\/news.google.com\/rss\/articles\/CBMivgFBVV95cUxPTWtZNGgzT2t5S0RhVVNvMlZoRlJ3SFptSmhPTF9NWDVGaFRUQWh2TUpSNFlkdEMxZF9ndVZ2WUZqNFFsVW51VEpyN0gtZlFKQ1pTT3FmX1lGcGhZVHdUWjhQRGhDT25sMlVlbkhkMDlTUzhnb09CbHlNbG5VNG10bm5SMlM3TkxhNzZVR3N3UDVnU2JmQm9hcGpuZnBheXBRTUpLdklHN2hndmtWMDdvQmkwRElKd0g5UnBORHF3?oc=5\" target=\"_blank\" rel=\"nofollow noopener\">Qualcomm vahvisti uusimman huippupiirins\u00e4 nimen ja t\u00e4rkeimm\u00e4t ominaisuudet<\/a>&nbsp;&nbsp;Muropaketti.com<\/li>\n<li><a href=\"https:\/\/news.google.com\/rss\/articles\/CBMingFBVV95cUxNNzhSWGJRNnUyMFFIWmRkOVJtTzczVzVSejdaeEFHYmNJcFpRWXdrS1lMenEyTlpnVldLSWRiSmtLYU14SHgxNmJibVFqUDY1Z2RmbjRzZUxBOWUtQTZNMDJFX1NWV2NKcFJvbk8wWmZjLU9nVGF0UFBkeHExQjJXanJ1cmsyLWt2SUJtckFuWDNHMEFBOHhlSVdXNVJrZw?oc=5\" target=\"_blank\" rel=\"nofollow noopener\">Qualcomm nimesi tulevan lippulaivansa Snapdragon 8 Elite Gen 5:ksi<\/a>&nbsp;&nbsp;io-tech.fi<\/li>\n<li><a href=\"https:\/\/news.google.com\/rss\/articles\/CBMiyAFBVV95cUxQVkVBRjhhT25yWnp3T1RFaV9mNW9lTElxbDJWSUhlRHVPb3dBYVQ0WGltMnkwTjYtNlh4MllJU0RsSjNVNjNwbHhvb1pZSnVwaEJSdklxZVdrTk43aVJkNkltZGVyVkU4ZmVoWjdseGtJeDFyc3prTUxwbGJjM2dGQllyYXFKTnJDMjkyalFhM0NraGtYOVpNV0VZLVQtQ1hpWUZRbjNaT0N6YXRNQWpTUmU4alBaQWxOUTZPakZNaVVrTE9sTWVqQg?oc=5\" target=\"_blank\" rel=\"nofollow noopener\">Xiaomi paljasti ensimm\u00e4isen vilauksen uusista 17-sarjan huippuhelimistaan \u2013 erikoisuutena takan\u00e4ytt\u00f6<\/a>&nbsp;&nbsp;Mobiili.fi<\/li>\n<\/ol>\n","protected":false},"excerpt":{"rendered":"Xiaomi vahvisti julkistavansa 17-sarjan huippupuhelimensa Kiinassa 25. syyskuuta \u2013 varustettu ensimm\u00e4isen\u00e4 Qualcommin uudella huippupiirill\u00e4&nbsp;&nbsp;Mobiili.fi Huhu: Honor Magic 8&hellip;\n","protected":false},"author":2,"featured_media":194,"comment_status":"","ping_status":"","sticky":false,"template":"","format":"standard","meta":{"footnotes":""},"categories":[85],"tags":[33,31,30,419,418,32,91,92],"class_list":{"0":"post-42727","1":"post","2":"type-post","3":"status-publish","4":"format-standard","5":"has-post-thumbnail","7":"category-mobiili","8":"tag-fi","9":"tag-finland","10":"tag-finnish","11":"tag-mobiili","12":"tag-mobile","13":"tag-suomi","14":"tag-technology","15":"tag-teknologia"},"share_on_mastodon":{"url":"","error":""},"_links":{"self":[{"href":"https:\/\/www.europesays.com\/fi\/wp-json\/wp\/v2\/posts\/42727","targetHints":{"allow":["GET"]}}],"collection":[{"href":"https:\/\/www.europesays.com\/fi\/wp-json\/wp\/v2\/posts"}],"about":[{"href":"https:\/\/www.europesays.com\/fi\/wp-json\/wp\/v2\/types\/post"}],"author":[{"embeddable":true,"href":"https:\/\/www.europesays.com\/fi\/wp-json\/wp\/v2\/users\/2"}],"replies":[{"embeddable":true,"href":"https:\/\/www.europesays.com\/fi\/wp-json\/wp\/v2\/comments?post=42727"}],"version-history":[{"count":0,"href":"https:\/\/www.europesays.com\/fi\/wp-json\/wp\/v2\/posts\/42727\/revisions"}],"wp:featuredmedia":[{"embeddable":true,"href":"https:\/\/www.europesays.com\/fi\/wp-json\/wp\/v2\/media\/194"}],"wp:attachment":[{"href":"https:\/\/www.europesays.com\/fi\/wp-json\/wp\/v2\/media?parent=42727"}],"wp:term":[{"taxonomy":"category","embeddable":true,"href":"https:\/\/www.europesays.com\/fi\/wp-json\/wp\/v2\/categories?post=42727"},{"taxonomy":"post_tag","embeddable":true,"href":"https:\/\/www.europesays.com\/fi\/wp-json\/wp\/v2\/tags?post=42727"}],"curies":[{"name":"wp","href":"https:\/\/api.w.org\/{rel}","templated":true}]}}