{"id":42743,"date":"2025-09-23T03:33:07","date_gmt":"2025-09-23T03:33:07","guid":{"rendered":"https:\/\/www.europesays.com\/fi\/42743\/"},"modified":"2025-09-23T03:33:07","modified_gmt":"2025-09-23T03:33:07","slug":"metsahallitus-kutsuu-tule-avoimeen-yleisotilaisuuteen-keskustelemaan-tiilikkajarven-kansallispuiston-hoito-ja-kayttosuunnitelman-paivityksesta","status":"publish","type":"post","link":"https:\/\/www.europesays.com\/fi\/42743\/","title":{"rendered":"Mets\u00e4hallitus kutsuu: tule avoimeen yleis\u00f6tilaisuuteen keskustelemaan Tiilikkaj\u00e4rven kansallispuiston hoito- ja k\u00e4ytt\u00f6suunnitelman p\u00e4ivityksest\u00e4"},"content":{"rendered":"<p><strong>Mets\u00e4hallituksen Luontopalvelut p\u00e4ivitt\u00e4\u00e4 parhaillaan Tiilikkaj\u00e4rven kansallispuiston hoito- ja k\u00e4ytt\u00f6suunnitelmaa. Mets\u00e4hallitus esittelee alueen luonto-, kulttuuriperint\u00f6- ja virkistysarvoja, niit\u00e4 koskevia uhkia ja suunnitelman p\u00e4ivityksen p\u00e4iv\u00e4m\u00e4\u00e4ri\u00e4 erityisesti paikallisille asukkaille ja yritt\u00e4jille suunnatussa avoimessa keskustelutilaisuudessa Mets\u00e4kartanolla lokakuun lopulla.<\/strong><\/p>\n<p>Kansallispuiston hoito- ja k\u00e4ytt\u00f6suunnitelma sovittaa yhteen alueen luonnon- ja kulttuuriperinn\u00f6nsuojelua, virkistysk\u00e4ytt\u00f6\u00e4 sek\u00e4 erilaisten k\u00e4ytt\u00e4j\u00e4- ja sidosryhmien tarpeita seuraavien 10\u201315 vuoden ajalle. Hoito- ja k\u00e4ytt\u00f6suunnitelma on t\u00e4rkein kansallispuiston tulevaisuutta ja yll\u00e4pitoa ohjaava suunnitelma. Suunnitelmassa otetaan huomioon Tiilikkaj\u00e4rveen kohdistuvia luonnon, kulttuuriperinn\u00f6n, virkistyksen, er\u00e4talouden sek\u00e4 matkailun arvoja.<\/p>\n<p>Hoito- ja k\u00e4ytt\u00f6suunnitelmaa varten alueen nykytilaa ja arvoja on ty\u00f6stetty t\u00e4m\u00e4n vuoden aikana Mets\u00e4hallituksen asiantuntijoista koostuvan ryhm\u00e4n kanssa. Asiantuntijat ovat lis\u00e4ksi m\u00e4\u00e4ritelleet uhkia, jotka voivat vaikuttaa kansallispuiston eri arvoihin negatiivisesti.<\/p>\n<p>Hoito- ja k\u00e4ytt\u00f6suunnitelman suunnitelmaluonnos valmistuu kev\u00e4\u00e4ll\u00e4 2026 lausunnoille. Mets\u00e4hallituksen Luontopalvelujen arvion mukaan hoito- ja k\u00e4ytt\u00f6suunnitelma valmistuu vuoden 2026 aikana.<\/p>\n<p>Mets\u00e4hallituksen Luontopalvelut hoitaa l\u00e4hes koko maamme luonnonsuojelualueita kuten kaikkia kansallispuistoja ja tuottaa maksuttomia retkeilypalveluja. Luontopalveluilla on my\u00f6s vastuu lukuisista kulttuuriperint\u00f6kohteista.<\/p>\n<p><strong>Hoidon ja k\u00e4yt\u00f6n suunnitelmaa esitell\u00e4\u00e4n avoimessa yleis\u00f6tilaisuudessa <\/strong><\/p>\n<p>Kaikille avoimessa hoito- ja k\u00e4ytt\u00f6suunnitelman esittelytilaisuudessa esitell\u00e4\u00e4n asiantuntijaryhm\u00e4n ty\u00f6t\u00e4, mutta my\u00f6s kes\u00e4ll\u00e4 kaikille avoinna olleen karttapohjaisen kyselyn tulokset, joiden avulla pyrittiin kartoittamaan k\u00e4ytt\u00e4j\u00e4kokemuksia ja kansallispuistoon liittyvi\u00e4 toiveita laajemmin.<\/p>\n<p>\u201dTiilikkaj\u00e4rven hoito- ja k\u00e4ytt\u00f6suunnitelman ty\u00f6st\u00e4minen etenee ja kiinnostus on ollut suurta, sill\u00e4 saimme melkein 200 vastausta verkkokyselyymme. Vastaukset on nyt analysoitu, ja ne huomioidaan hoidon ja k\u00e4yt\u00f6n suunnittelussa, maank\u00e4yt\u00f6n erityisasiantuntija <strong>Roosa Mikkola<\/strong> Mets\u00e4hallituksen Luontopalveluista kertoo.<\/p>\n<p>Kaikille avoin yleis\u00f6tilaisuus j\u00e4rjestet\u00e4\u00e4n keskiviikkona 29.10.2025 Mets\u00e4kartanolla, kokoustila Paljakassa klo 17\u201320. Tilaisuudessa on kahvitarjoilu. Mets\u00e4hallitus pyyt\u00e4\u00e4 kiinnostuneita ilmoittautumaan tapahtumaan etuk\u00e4teen, jotta se pystyy arvioimaan tarjoilujen m\u00e4\u00e4r\u00e4n. Ilmoittautua voi Tiilikkaj\u00e4rven hoito- ja k\u00e4ytt\u00f6suunnitelman p\u00e4ivityksen verkkosivulla: <a href=\"https:\/\/www.metsa.fi\/projekti\/tiilikkajarven-kansallispuiston-hoidon-ja-kayton-suunnittelu\/\" rel=\"nofollow noopener\" target=\"_blank\">Tiilikkaj\u00e4rven kansallispuiston hoidon ja k\u00e4yt\u00f6n suunnittelu<\/a><\/p>\n<p><strong>Lis\u00e4tiedot<\/strong><\/p>\n<p>Roosa Mikkola, maank\u00e4yt\u00f6n erityisasiantuntija, Mets\u00e4hallituksen Luontopalvelut, <a href=\"https:\/\/www.epressi.com\/cdn-cgi\/l\/email-protection\" class=\"__cf_email__\" data-cfemail=\"204554554e494d490e53554b554e494d49604d455453410e4649\" rel=\"nofollow noopener\" target=\"_blank\">[email\u00a0protected]<\/a>, +358 (0)40 156 1772. Parhaiten tavoitettavissa tiistaina 23.9.2025 klo 8-12 ja klo 15-16.<\/p>\n<p>\t\t\t\t\tTietoa julkaisijasta<\/p>\n<p>Mets\u00e4hallitus on valtion liikelaitos, jonka hoidossa on kolmasosa Suomen maa- ja vesialueita. Mets\u00e4hallituksen tarkoitus on luonnon arvon ja yhteisen varallisuuden vastuullinen kehitt\u00e4minen yli sukupolvien. 980 mets\u00e4hallituslaista eri puolilla Suomea vastaavat alueiden kest\u00e4v\u00e4st\u00e4 k\u00e4yt\u00f6st\u00e4, hoidosta ja suojelusta &#8211; erilaiset tarpeet ja odotukset yhteensovittaen.<\/p>\n<p>Mets\u00e4hallituksen Luontopalvelut tarjoaa kest\u00e4v\u00e4n tavan nauttia Suomen kauneimmasta luonnosta. Suojelemme arvokkainta luontoa ja vastuullamme ovat maamme kansallispuistot, luonnonpuistot ja muut valtion suojelualueet, pohjoiset er\u00e4maa-alueet sek\u00e4 monet merkitt\u00e4v\u00e4t historiakohteet.<\/p>\n","protected":false},"excerpt":{"rendered":"Mets\u00e4hallituksen Luontopalvelut p\u00e4ivitt\u00e4\u00e4 parhaillaan Tiilikkaj\u00e4rven kansallispuiston hoito- ja k\u00e4ytt\u00f6suunnitelmaa. Mets\u00e4hallitus esittelee alueen luonto-, kulttuuriperint\u00f6- ja virkistysarvoja, niit\u00e4 koskevia&hellip;\n","protected":false},"author":2,"featured_media":42744,"comment_status":"","ping_status":"","sticky":false,"template":"","format":"standard","meta":{"footnotes":""},"categories":[117],"tags":[33,31,30,72,476,118,32,119,477],"class_list":{"0":"post-42743","1":"post","2":"type-post","3":"status-publish","4":"format-standard","5":"has-post-thumbnail","7":"category-luonto","8":"tag-fi","9":"tag-finland","10":"tag-finnish","11":"tag-luonto","12":"tag-nature","13":"tag-science","14":"tag-suomi","15":"tag-tiede","16":"tag-wildlife"},"share_on_mastodon":{"url":"","error":""},"_links":{"self":[{"href":"https:\/\/www.europesays.com\/fi\/wp-json\/wp\/v2\/posts\/42743","targetHints":{"allow":["GET"]}}],"collection":[{"href":"https:\/\/www.europesays.com\/fi\/wp-json\/wp\/v2\/posts"}],"about":[{"href":"https:\/\/www.europesays.com\/fi\/wp-json\/wp\/v2\/types\/post"}],"author":[{"embeddable":true,"href":"https:\/\/www.europesays.com\/fi\/wp-json\/wp\/v2\/users\/2"}],"replies":[{"embeddable":true,"href":"https:\/\/www.europesays.com\/fi\/wp-json\/wp\/v2\/comments?post=42743"}],"version-history":[{"count":0,"href":"https:\/\/www.europesays.com\/fi\/wp-json\/wp\/v2\/posts\/42743\/revisions"}],"wp:featuredmedia":[{"embeddable":true,"href":"https:\/\/www.europesays.com\/fi\/wp-json\/wp\/v2\/media\/42744"}],"wp:attachment":[{"href":"https:\/\/www.europesays.com\/fi\/wp-json\/wp\/v2\/media?parent=42743"}],"wp:term":[{"taxonomy":"category","embeddable":true,"href":"https:\/\/www.europesays.com\/fi\/wp-json\/wp\/v2\/categories?post=42743"},{"taxonomy":"post_tag","embeddable":true,"href":"https:\/\/www.europesays.com\/fi\/wp-json\/wp\/v2\/tags?post=42743"}],"curies":[{"name":"wp","href":"https:\/\/api.w.org\/{rel}","templated":true}]}}