{"id":42759,"date":"2025-09-23T03:56:08","date_gmt":"2025-09-23T03:56:08","guid":{"rendered":"https:\/\/www.europesays.com\/fi\/42759\/"},"modified":"2025-09-23T03:56:08","modified_gmt":"2025-09-23T03:56:08","slug":"axios-trump-aikoo-esitella-yhdysvaltain-ehdotuksen-gazan-sodan-lopettamisesta-joukolle-johtajia-uutisia-lyhyesti","status":"publish","type":"post","link":"https:\/\/www.europesays.com\/fi\/42759\/","title":{"rendered":"Axios: Trump aikoo esitell\u00e4 Yhdysvaltain ehdotuksen Gazan sodan lopettamisesta joukolle johtajia | Uutisia lyhyesti"},"content":{"rendered":"<p class=\"aw-1gybjub aw-5vja16 cmIuaG zKETg yle__article__paragraph\">Axios kirjoittaa, ett\u00e4 Yhdysvallat haluaa arabi- ja muslimimaiden johtajia suostumaan joukkojen l\u00e4hett\u00e4miseen Gazan kaistalle.<\/p>\n<p class=\"aw-1gybjub aw-1p7kakr cmIuaG fmSRng yle__article__paragraph\">Presidentti <strong class=\"aw-ak79eh KyCXm yle__article__strong\">Donald Trump<\/strong> aikoo esitell\u00e4 Yhdysvaltojen ehdotuksen rauhasta ja sodan j\u00e4lkeisest\u00e4 hallinnosta Gazan kaistalle joukolle arabi- ja muslimimaiden johtajia. Asiasta kertoo <a class=\"aw-iao6s4 iHOxEa yle__article__link\" href=\"https:\/\/www.axios.com\/2025\/09\/22\/trump-gaza-peace-plan-un-general-assembly\" role=\"link\" rel=\"nofollow noopener\" target=\"_blank\">Axios<\/a> viitaten virkamiesl\u00e4hteisiins\u00e4 Yhdysvalloissa ja arabimaissa.<\/p>\n<p class=\"aw-1gybjub aw-1p7kakr cmIuaG fmSRng yle__article__paragraph\">Trump tapaa johtajat YK:n yleiskokouksen puitteissa New Yorkissa tiistain aikana.<\/p>\n<p class=\"aw-1gybjub aw-1p7kakr cmIuaG fmSRng yle__article__paragraph\">Axioksen mukaan kokoukseen osallistuu johtajia Saudi-Arabiasta, Yhdistyneist\u00e4 arabiemiraateista, Qatarista, Jordaniasta, Turkista, Indonesiasta ja Pakistanista.<\/p>\n<p class=\"aw-1gybjub aw-1p7kakr cmIuaG fmSRng yle__article__paragraph\">Panttivankien vapauttamisen ja sodan lopettamisen lis\u00e4ksi Trumpin odotetaan keskustelevan periaatteista koskien Israelin vet\u00e4ytymist\u00e4 Gazasta sek\u00e4 sodan j\u00e4lkeisest\u00e4 hallinnosta Gazassa ilman terroristij\u00e4rjest\u00f6 Hamasin osallisuutta, Axios lis\u00e4\u00e4.<\/p>\n<p class=\"aw-1gybjub aw-1p7kakr cmIuaG fmSRng yle__article__paragraph\">Axios kirjoittaa, ett\u00e4 Yhdysvallat my\u00f6s haluaa arabi- ja muslimimaita suostumaan joukkojen l\u00e4hett\u00e4miseen Gazan kaistalle. T\u00e4ll\u00e4 halutaan taata kyseisten maiden osallistuminen ja rahoitus Gazan uudelleenrakentamiseen ja hallinnon vaihtumiseen, Axios lis\u00e4\u00e4.<\/p>\n<p class=\"aw-1gybjub aw-1p7kakr cmIuaG fmSRng yle__article__paragraph\">L\u00e4hde: Reuters<\/p>\n","protected":false},"excerpt":{"rendered":"Axios kirjoittaa, ett\u00e4 Yhdysvallat haluaa arabi- ja muslimimaiden johtajia suostumaan joukkojen l\u00e4hett\u00e4miseen Gazan kaistalle. Presidentti Donald Trump aikoo&hellip;\n","protected":false},"author":2,"featured_media":74,"comment_status":"","ping_status":"","sticky":false,"template":"","format":"standard","meta":{"footnotes":""},"categories":[14],"tags":[4193,22,23,585,26,27,33,31,30,994,505,17,70,992,24,25,28,29,15,18,21,32,19,20,56,16,59,60,61,619],"class_list":{"0":"post-42759","1":"post","2":"type-post","3":"status-publish","4":"format-standard","5":"has-post-thumbnail","7":"category-ulkomaat","8":"tag-arabimaat","9":"tag-breaking-news","10":"tag-breakingnews","11":"tag-donald-trump","12":"tag-featured-news","13":"tag-featurednews","14":"tag-fi","15":"tag-finland","16":"tag-finnish","17":"tag-gazan-kaista","18":"tag-gazan-sota","19":"tag-headlines","20":"tag-kansainvalinen-politiikka","21":"tag-lahi-ita","22":"tag-latest-news","23":"tag-latestnews","24":"tag-main-news","25":"tag-mainnews","26":"tag-news","27":"tag-otsikot","28":"tag-paauutiset","29":"tag-suomi","30":"tag-top-stories","31":"tag-topstories","32":"tag-ulkomaat","33":"tag-uutiset","34":"tag-world","35":"tag-world-news","36":"tag-worldnews","37":"tag-yhdysvallat"},"share_on_mastodon":{"url":"","error":""},"_links":{"self":[{"href":"https:\/\/www.europesays.com\/fi\/wp-json\/wp\/v2\/posts\/42759","targetHints":{"allow":["GET"]}}],"collection":[{"href":"https:\/\/www.europesays.com\/fi\/wp-json\/wp\/v2\/posts"}],"about":[{"href":"https:\/\/www.europesays.com\/fi\/wp-json\/wp\/v2\/types\/post"}],"author":[{"embeddable":true,"href":"https:\/\/www.europesays.com\/fi\/wp-json\/wp\/v2\/users\/2"}],"replies":[{"embeddable":true,"href":"https:\/\/www.europesays.com\/fi\/wp-json\/wp\/v2\/comments?post=42759"}],"version-history":[{"count":0,"href":"https:\/\/www.europesays.com\/fi\/wp-json\/wp\/v2\/posts\/42759\/revisions"}],"wp:featuredmedia":[{"embeddable":true,"href":"https:\/\/www.europesays.com\/fi\/wp-json\/wp\/v2\/media\/74"}],"wp:attachment":[{"href":"https:\/\/www.europesays.com\/fi\/wp-json\/wp\/v2\/media?parent=42759"}],"wp:term":[{"taxonomy":"category","embeddable":true,"href":"https:\/\/www.europesays.com\/fi\/wp-json\/wp\/v2\/categories?post=42759"},{"taxonomy":"post_tag","embeddable":true,"href":"https:\/\/www.europesays.com\/fi\/wp-json\/wp\/v2\/tags?post=42759"}],"curies":[{"name":"wp","href":"https:\/\/api.w.org\/{rel}","templated":true}]}}