{"id":42766,"date":"2025-09-23T04:10:11","date_gmt":"2025-09-23T04:10:11","guid":{"rendered":"https:\/\/www.europesays.com\/fi\/42766\/"},"modified":"2025-09-23T04:10:11","modified_gmt":"2025-09-23T04:10:11","slug":"mika-myllylan-poika-avautuu-alkoholismistaan-sisko-todisti-pysayttavaa-nakya","status":"publish","type":"post","link":"https:\/\/www.europesays.com\/fi\/42766\/","title":{"rendered":"Mika Myllyl\u00e4n poika avautuu alkoholismistaan \u2013 sisko todisti pys\u00e4ytt\u00e4v\u00e4\u00e4 n\u00e4ky\u00e4"},"content":{"rendered":"<p>            Tero Kyll\u00f6nen \/ Yle\n        <\/p>\n<p class=\"subtitle \">Myllyl\u00e4n perhe kertoo tv:ss\u00e4 karuista tapahtumista.<\/p>\n<p class=\"article-content article-content-width !bg-background\">Vuonna 2011 kuolleen huippuhiiht\u00e4j\u00e4  poika  ajautui is\u00e4ns\u00e4 tapaan vakavaan alkoholismiin, ja raitistui vasta usean yrityksen j\u00e4lkeen.\u00a0Wiljami kertoo omasta p\u00e4ihderiippuvuudestaan Ylen Akuutti-ohjelmassa.<\/p>\n<p class=\"italic m-italic article-content article-content-width !bg-background\">Video: Pasi Nurminen avautuu el\u00e4m\u00e4st\u00e4\u00e4n.<\/p>\n<p class=\"article-content article-content-width !bg-background\">Lupaava j\u00e4\u00e4kiekkoilija tiesi nelj\u00e4 vuotta sitten astuessaan kolmatta kertaa p\u00e4ihdeklinikan ovesta sis\u00e4\u00e4n, ett\u00e4 se on h\u00e4nen viimeinen mahdollisuutensa raitistua. Sit\u00e4 ennen h\u00e4n oli tehnyt jo kaksi ep\u00e4onnistunutta raitistumisyrityst\u00e4.<\/p>\n<p class=\"article-content article-content-width !bg-background\">Apua h\u00e4n sai omasta p\u00e4ihderiippuvuudestaan irti p\u00e4\u00e4sseelt\u00e4 entiselt\u00e4 j\u00e4\u00e4kiekkoilijalta . Wiljamin raitistuminen onnistui lopulta kuitenkin vasta, kun h\u00e4n itse otti vastuun el\u00e4m\u00e4st\u00e4\u00e4n.<\/p>\n<p>Bilett\u00e4minen karkasi k\u00e4sist\u00e4 jo nuorena<\/p>\n<p class=\"article-content article-content-width !bg-background\">Wiljami teki ammattilaissopimuksen Helsingin IFK:n j\u00e4\u00e4kiekkojoukkueen kanssa 17-vuotiaana kes\u00e4ll\u00e4 2018. H\u00e4n itse muistelee uhranneensa kaiken kiekkouralle. Koulunk\u00e4yntikin oli toisarvoista.<\/p>\n<p class=\"article-content article-content-width !bg-background\">\u2013\u00a0Ensimm\u00e4iset pari vuotta meni ihan mallikkaasti, h\u00e4n muistelee tv-ohjelmassa.<\/p>\n<p class=\"article-content article-content-width !bg-background\">Sitten kuvioihin astui alkoholi. Aluksi kyse oli Wiljamin mukaan hauskanpidosta. 18-vuotiaalla kiekkoilijalla riitti rahaa bilett\u00e4miseen.\u00a0<\/p>\n<p>        <a itemprop=\"url\" href=\"https:\/\/www.seiska.fi\/kotimaa\/mika-myllylan-olivia-tyttarelta-koskettava-avautuminen\/1930726\" rel=\"nofollow noopener\" target=\"_blank\"><\/p>\n<p>\nMika Myllyl\u00e4n Olivia-tyt\u00e4r\n<\/p>\n<p class=\"section-date\">\n        <strong class=\"article-section\" data-section=\"kotimaa\"><br \/>\n            kotimaa<br \/>\n        <\/strong><br \/>\n        13.9. 10:30\n    <\/p>\n<p>    Mika Myllyl\u00e4n Olivia-tytt\u00e4relt\u00e4 koskettava avautuminen<\/p>\n<p itemprop=\"description\" class=\"subtitle \">\n    Hiiht\u00e4j\u00e4legenda olisi juhlistanut 12. syyskuuta syntym\u00e4p\u00e4iv\u00e4\u00e4ns\u00e4.\n<\/p>\n<p>        <\/a><\/p>\n<p>                <img decoding=\"async\" src=\"https:\/\/www.europesays.com\/fi\/wp-content\/uploads\/2025\/09\/1938802.webp\" width=\"576\" height=\"322\" alt=\"Sisarukset Wiljami ja Olivia Myllyl\u00e4 kertovat avoimesti p\u00e4ihteiden vaikutuksesta el\u00e4m\u00e4\u00e4ns\u00e4.\" loading=\"lazy\" \/>            <\/p>\n<p>\n            Sisarukset Wiljami ja Olivia Myllyl\u00e4 kertovat avoimesti p\u00e4ihteiden vaikutuksesta el\u00e4m\u00e4\u00e4ns\u00e4.<br \/>\n            Tero Kyll\u00f6nen \/ Yle\n        <\/p>\n<p class=\"article-content article-content-width !bg-background\">Isosisko  n\u00e4ki kuitenkin bilett\u00e4misen v\u00e4hemm\u00e4n hauskat seuraukset<\/p>\n<p class=\"article-content article-content-width !bg-background\">\u2013\u00a0Kun n\u00e4kee toisen nukkuvan omassa oksennuksessaan, m\u00e4 olin aika varma, ett\u00e4 t\u00e4ss\u00e4 menn\u00e4\u00e4n nyt pahasti pieleen, Olivia muistelee havahtumistaan veljens\u00e4 alkoholiongelmaan.<\/p>\n<p class=\"article-content article-content-width !bg-background\">H\u00e4n pohtii Akuutissa olleensa ehk\u00e4 ensimm\u00e4inen perheenj\u00e4sen, joka tajusi asioiden olevan menossa pahasti pieleen. H\u00e4n alkoi n\u00e4hd\u00e4 samanlaisia merkkej\u00e4 kuin is\u00e4ss\u00e4\u00e4n Mikassa aikoinaan. <\/p>\n<p class=\"article-content article-content-width !bg-background\">\u2013\u00a0Wiljamihan on kuin isk\u00e4. T\u00e4ss\u00e4 pahasti n\u00e4ytt\u00e4\u00e4 silt\u00e4, ett\u00e4 l\u00e4hdet\u00e4\u00e4n samaan suuntaan, Olivia muistelee pikkuveljest\u00e4\u00e4n tekem\u00e4\u00e4ns\u00e4 j\u00e4rkytt\u00e4v\u00e4\u00e4 havaintoa.<\/p>\n<p>Perhesuhteet k\u00e4rsiv\u00e4t<\/p>\n<p class=\"article-content article-content-width !bg-background\">Olivia kertoo miten h\u00e4n k\u00e4\u00e4ntyi kaupungilla \u00e4itins\u00e4  ja toisen veljens\u00e4  kanssa pois kun n\u00e4ki Wiljamin.<\/p>\n<p class=\"article-content article-content-width !bg-background\">Lopulta Suvi pyysi apua ex-j\u00e4\u00e4kiekkoilija Marko Jantuselta, joka on p\u00e4\u00e4ssyt irti omasta p\u00e4ihderiippuvuudestaan. My\u00f6s Wiljamin joukkue HIFK oli mukana auttamassa.\u00a0<\/p>\n<p class=\"article-content article-content-width !bg-background\">HIFK asetti ehdoksi, ett\u00e4 Wiljamin on sitouduttava p\u00e4ihteett\u00f6myyteen ja vuodeksi hoitoon. Hoitojakson j\u00e4lkeen Wiljami kuitenkin retkahti uudelleen.<\/p>\n<p>                <img loading=\"lazy\" decoding=\"async\" src=\"https:\/\/www.europesays.com\/fi\/wp-content\/uploads\/2025\/09\/1938812.webp\" width=\"576\" height=\"322\" alt=\"Omasta p\u00e4ihderiippuvuudestaan eroon p\u00e4\u00e4ssyt ex-j\u00e4\u00e4kiekkoilija Marko Jantunen (oik.) on auttanut Wiljamia raitistumaan.\" \/>            <\/p>\n<p>\n            Omasta p\u00e4ihderiippuvuudestaan eroon p\u00e4\u00e4ssyt ex-j\u00e4\u00e4kiekkoilija Marko Jantunen (oik.) on auttanut Wiljamia raitistumaan.<br \/>\n            Tero Kyll\u00f6nen \/ Yle\n        <\/p>\n<p>        <a itemprop=\"url\" href=\"https:\/\/www.seiska.fi\/urheilu\/mika-myllylan-pojalta-sydantasarkeva-ulostulo-isastaan\/1860423\" rel=\"nofollow noopener\" target=\"_blank\"><\/p>\n<p>\nMika Myllyl\u00e4n Benjami-poika\n<\/p>\n<p class=\"section-date\">\n        <strong class=\"article-section\" data-section=\"urheilu\"><br \/>\n            urheilu<br \/>\n        <\/strong><br \/>\n        6.7. 20:00\n    <\/p>\n<p>    Mika Myllyl\u00e4n pojalta syd\u00e4nt\u00e4s\u00e4rkev\u00e4 ulostulo is\u00e4st\u00e4\u00e4n<\/p>\n<p itemprop=\"description\" class=\"subtitle \">\n    Mika Myllyl\u00e4 on j\u00e4lleen ajankohtainen, sill\u00e4 h\u00e4nest\u00e4 on tulossa per\u00e4ti kaksi el\u00e4m\u00e4kertaa, jotka ilmestyv\u00e4t vain parin p\u00e4iv\u00e4n erolla syys\u2013lokakuun vaihteessa.\n<\/p>\n<p>        <\/a><\/p>\n<p class=\"article-content article-content-width !bg-background\">\u2013\u00a0Aamusta iltaan niin kauan kuin jaksoi, sitten sammui, her\u00e4si ja jatkoi uudestaan, Wiljami muistelee retkahtamistaan seurannutta ryypp\u00e4\u00e4mist\u00e4.<\/p>\n<p class=\"article-content article-content-width !bg-background\">Retkahduksen j\u00e4lkeen Marko sopi Wiljamin kanssa, ett\u00e4 h\u00e4net otetaan uudelleen hoitoon. Kun hoito sitten loppui, l\u00e4hti Wiljami suoraan juhlimaan.<\/p>\n<p class=\"article-content article-content-width !bg-background\">\u2013\u00a0Ei ollut oikeestaan mit\u00e4\u00e4n muuta kuin se alkoholi, Wiljami tunnustaa.<\/p>\n<p>Alkoholismi p\u00e4\u00e4tti pelaajasopimukset<\/p>\n<p>                <img loading=\"lazy\" decoding=\"async\" src=\"https:\/\/www.europesays.com\/fi\/wp-content\/uploads\/2025\/09\/1938826.webp\" width=\"576\" height=\"322\" alt=\"P\u00e4ihdekierteest\u00e4 selvinnyt Wiljami Myllyl\u00e4 osaa kertoa tarkan p\u00e4iv\u00e4m\u00e4\u00e4r\u00e4n raitistumiselleen.\" \/>            <\/p>\n<p>\n            P\u00e4ihdekierteest\u00e4 selvinnyt Wiljami Myllyl\u00e4 osaa kertoa tarkan p\u00e4iv\u00e4m\u00e4\u00e4r\u00e4n raitistumiselleen.<br \/>\n            Tero Kyll\u00f6nen \/ Yle\n        <\/p>\n<p>        <a itemprop=\"url\" href=\"https:\/\/www.seiska.fi\/kotimaa\/me-naiset-mika-myllylan-ex-vaimo-ja-tytar-tallaista-oli-karu-arki-alkoholisoituneen-mikan-kanssa\/1379064\" rel=\"nofollow noopener\" target=\"_blank\"><\/p>\n<p class=\"section-date\">\n        <strong class=\"article-section\" data-section=\"kotimaa\"><br \/>\n            kotimaa<br \/>\n        <\/strong><br \/>\n        12.6.2024 09:05\n    <\/p>\n<p>    Me Naiset: Mika Myllyl\u00e4n ex-vaimo ja tyt\u00e4r: t\u00e4llaista oli karu arki alkoholisoituneen Mikan kanssa<\/p>\n<p itemprop=\"description\" class=\"subtitle \">\n    Dopingista narahtaneen hiiht\u00e4j\u00e4sankarin ex-puoliso ja tyt\u00e4r muistelevat Me Naisille vaikeita aikoja.\n<\/p>\n<p>        <\/a><\/p>\n<p class=\"article-content article-content-width !bg-background\">H\u00e4n menetti lopulta sopimuksensa HIFK:n kanssa.<\/p>\n<p class=\"article-content article-content-width !bg-background\">\u2013\u00a0Velkaa oli hirveesti, laskut maksamatta. En ollu yhteydess\u00e4 \u00e4itiin tai muuhun perheeseen kuukausiin, h\u00e4n muistelee tuota aikaa.<\/p>\n<p class=\"article-content article-content-width !bg-background\">Wiljami sai viel\u00e4 uuden pelaajasopimuksen Rauman Lukon kanssa, mutta h\u00e4n retkahti j\u00e4lleen ja menetti sopimuksensa.<\/p>\n<p class=\"article-content article-content-width !bg-background\">\u2013\u00a0Sit oli silleen, ett\u00e4 ei hitto t\u00e4ss\u00e4 menee kaikki asiat, Wiljami muistelee tv-ohjelmassa hetke\u00e4, jolloin h\u00e4n vihdoin otti itse\u00e4\u00e4n niskasta kiinni.<\/p>\n<p class=\"article-content article-content-width !bg-background\">\u2013\u00a0Silloin m\u00e4 p\u00e4\u00e4tin, ett\u00e4 nyt m\u00e4 annan itselleni aidon mahdollisuuden. Teen kaikkeni, etten en\u00e4\u00e4 joisi, Wiljami muistelee hetke\u00e4, jolloin haki apua p\u00e4ihdeongelmaansa.<\/p>\n<p class=\"article-content article-content-width !bg-background\">\u2013\u00a0Siit\u00e4 se l\u00e4hti rullautumaan. M\u00e4 itse otin tosissaan sen hoidon.<\/p>\n<p class=\"article-content article-content-width !bg-background\">P\u00e4iv\u00e4, jolloin Wiljami raitistui oli 17.11.2021.<\/p>\n<p class=\"article-content article-content-width !bg-background\">\u2013\u00a0Se on mulle t\u00e4rke\u00e4 p\u00e4iv\u00e4.<\/p>\n<p class=\"article-content article-content-width !bg-background\">Akuutti: El\u00e4m\u00e4 ei ole selv\u00e4 peli TV1:ss\u00e4 tiistaina 23.9. kello 20.00. Katsottavissa Yle Areenassa.<\/p>\n<p>        <a itemprop=\"url\" href=\"https:\/\/www.seiska.fi\/kotimaa\/seiska-30-vuotta-sitten-mika-myllylan-mahtihaat\/1854074\" rel=\"nofollow noopener\" target=\"_blank\"><\/p>\n<p>\nSeiska 30 vuotta sitten\n<\/p>\n<p class=\"section-date\">\n        <strong class=\"article-section\" data-section=\"kotimaa\"><br \/>\n            kotimaa<br \/>\n        <\/strong><br \/>\n        20.7. 13:00\n    <\/p>\n<p>    Seiska 30 vuotta sitten: Mika Myllyl\u00e4n mahtih\u00e4\u00e4t!<\/p>\n<p itemprop=\"description\" class=\"subtitle \">\n    Hiihtolegenda lupasi osallistua kotit\u00f6ihin h\u00e4\u00e4kes\u00e4n\u00e4 1995.\n<\/p>\n<p>        <\/a><\/p>\n","protected":false},"excerpt":{"rendered":"Tero Kyll\u00f6nen \/ Yle Myllyl\u00e4n perhe kertoo tv:ss\u00e4 karuista tapahtumista. Vuonna 2011 kuolleen huippuhiiht\u00e4j\u00e4 poika ajautui is\u00e4ns\u00e4 tapaan&hellip;\n","protected":false},"author":2,"featured_media":42767,"comment_status":"","ping_status":"","sticky":false,"template":"","format":"standard","meta":{"footnotes":""},"categories":[136],"tags":[407,137,33,31,30,7525,408,11265,3021,3077,32,109,9841,1149,913,2588],"class_list":{"0":"post-42766","1":"post","2":"type-post","3":"status-publish","4":"format-standard","5":"has-post-thumbnail","7":"category-julkkikset","8":"tag-celebrities","9":"tag-entertainment","10":"tag-fi","11":"tag-finland","12":"tag-finnish","13":"tag-hifk","14":"tag-julkkikset","15":"tag-marko-jantunen","16":"tag-mika-myllyla","17":"tag-raitistuminen","18":"tag-suomi","19":"tag-viihde","20":"tag-wiljami-myllyla","21":"tag-yle","22":"tag-yle-areena","23":"tag-yle-tv1"},"share_on_mastodon":{"url":"","error":""},"_links":{"self":[{"href":"https:\/\/www.europesays.com\/fi\/wp-json\/wp\/v2\/posts\/42766","targetHints":{"allow":["GET"]}}],"collection":[{"href":"https:\/\/www.europesays.com\/fi\/wp-json\/wp\/v2\/posts"}],"about":[{"href":"https:\/\/www.europesays.com\/fi\/wp-json\/wp\/v2\/types\/post"}],"author":[{"embeddable":true,"href":"https:\/\/www.europesays.com\/fi\/wp-json\/wp\/v2\/users\/2"}],"replies":[{"embeddable":true,"href":"https:\/\/www.europesays.com\/fi\/wp-json\/wp\/v2\/comments?post=42766"}],"version-history":[{"count":0,"href":"https:\/\/www.europesays.com\/fi\/wp-json\/wp\/v2\/posts\/42766\/revisions"}],"wp:featuredmedia":[{"embeddable":true,"href":"https:\/\/www.europesays.com\/fi\/wp-json\/wp\/v2\/media\/42767"}],"wp:attachment":[{"href":"https:\/\/www.europesays.com\/fi\/wp-json\/wp\/v2\/media?parent=42766"}],"wp:term":[{"taxonomy":"category","embeddable":true,"href":"https:\/\/www.europesays.com\/fi\/wp-json\/wp\/v2\/categories?post=42766"},{"taxonomy":"post_tag","embeddable":true,"href":"https:\/\/www.europesays.com\/fi\/wp-json\/wp\/v2\/tags?post=42766"}],"curies":[{"name":"wp","href":"https:\/\/api.w.org\/{rel}","templated":true}]}}