{"id":42960,"date":"2025-09-23T08:43:07","date_gmt":"2025-09-23T08:43:07","guid":{"rendered":"https:\/\/www.europesays.com\/fi\/42960\/"},"modified":"2025-09-23T08:43:07","modified_gmt":"2025-09-23T08:43:07","slug":"osa-laakareista-alkaa-yrittajiksi-helsingin-terveysasemilla","status":"publish","type":"post","link":"https:\/\/www.europesays.com\/fi\/42960\/","title":{"rendered":"Osa l\u00e4\u00e4k\u00e4reist\u00e4 alkaa yritt\u00e4jiksi Helsingin terveysasemilla"},"content":{"rendered":"<p>Terveydenhoito|Helsinki on ottamassa k\u00e4ytt\u00f6\u00f6n jossain muodossa ammatinharjoittajamallin, jota on jo kokeiltu Espoossa.<\/p>\n<p>Lue tiivistelm\u00e4<\/p>\n<p>Tiivistelm\u00e4 on teko\u00e4lyn tekem\u00e4 ja ihmisen tarkistama.<\/p>\n<p class=\"article-body mb-nof-24 px-nof-16 sndp-summary-bullet-point-font\">Helsingin kaupunki suunnittelee kokeilevansa mallia, jossa terveysasemilla ty\u00f6skentelee l\u00e4\u00e4k\u00e4reit\u00e4 yritt\u00e4jin\u00e4.<\/p>\n<p class=\"article-body mb-nof-24 px-nof-16 sndp-summary-bullet-point-font\">Terveys- ja p\u00e4ihdepalvelujen johtaja Leena Turpeinen kertoo, ett\u00e4 kokeilun yksityiskohdat suunnitellaan tarkemmin ensi vuonna.<\/p>\n<p class=\"article-body mb-nof-24 px-nof-16 sndp-summary-bullet-point-font\">Tavoitteena on nopeuttaa hoitoon p\u00e4\u00e4sy\u00e4 ja parantaa hoidon jatkuvuutta tutun omal\u00e4\u00e4k\u00e4rin avulla.<\/p>\n<p class=\"article-body mb-nof-24 px-nof-16 sndp-summary-bullet-point-font\">Helsinki on my\u00f6s palkkaamassa kymmeni\u00e4 uusia l\u00e4\u00e4k\u00e4reit\u00e4 perusterveydenhuoltoon t\u00e4n\u00e4 ja ensi vuonna.<\/p>\n<p class=\"article-body mb-nof-24 px-nof-16\">Helsingin kaupunki on l\u00e4hitulevaisuudessa kokeilemassa mallia, joissa kaupungin omilla terveysasemilla ty\u00f6skentelee l\u00e4\u00e4k\u00e4reit\u00e4 my\u00f6s yritt\u00e4jin\u00e4.<\/p>\n<p class=\"article-body mb-nof-24 px-nof-16\">Kaupunki on siis toisin sanoen rakentamassa omaa versiotaan ammatinharjoittajamallista, jota on ensimm\u00e4isen\u00e4 Suomessa testattu espoolaisella Kalaj\u00e4rven terveysasemalla L\u00e4nsi-Uudenmaan hyvinvointialueella.<\/p>\n<p class=\"article-body mb-nof-24 px-nof-16\">Asia mainitaan valtuustostrategiassa. Terveys- ja p\u00e4ihdepalvelujen johtaja <a class=\"article-personlink\" href=\"https:\/\/www.hs.fi\/haku\/?query=Leena%20Turpeinen\" rel=\"nofollow noopener\" target=\"_blank\">Leena Turpeinen<\/a> kertoo, ett\u00e4 ensi vuonna suunnitellaan tarkemmin mit\u00e4 tehd\u00e4\u00e4n, mill\u00e4 terveysasemalla ja miss\u00e4 laajuudessa.<\/p>\n<p class=\"article-body mb-nof-24 px-nof-16\">\u201dT\u00e4m\u00e4 on hyvin j\u00e4rkev\u00e4 kokeilu. Meid\u00e4n kannattaa selvitt\u00e4\u00e4, pystyt\u00e4\u00e4nk\u00f6 t\u00e4ll\u00e4 tavalla ratkaisemaan sit\u00e4, ett\u00e4 ihmiset p\u00e4\u00e4sev\u00e4t hoitoon nopeammin, kun he hoitoa tarvitsevat\u201d, Turpeinen sanoo.<\/p>\n<p class=\"article-body mb-nof-24 px-nof-16\">Toinen ammatinharjoittajamallin vahvuus on hoidon jatkuvuus. Se on yksi tapa j\u00e4rjest\u00e4\u00e4 ihmisille tuttu omal\u00e4\u00e4k\u00e4ri, mik\u00e4 tutkitusti sek\u00e4 tekee hoidosta laadukkaampaa ett\u00e4 pitk\u00e4n p\u00e4\u00e4lle s\u00e4\u00e4st\u00e4\u00e4 rahaa.<\/p>\n<p class=\"article-body mb-nof-24 px-nof-16\">Helsingiss\u00e4 pit\u00e4\u00e4 kuitenkin viel\u00e4 ratkaista viel\u00e4 monta k\u00e4yt\u00e4nn\u00f6n asiaa. Ei viel\u00e4 tiedet\u00e4 esimerkiksi, miten monta yritt\u00e4j\u00e4l\u00e4\u00e4k\u00e4reit\u00e4 olisi ja miss\u00e4 p\u00e4in kaupunkia kokeilu j\u00e4rjestett\u00e4isiin.<\/p>\n<p class=\"article-body mb-nof-24 px-nof-16\">Turpeinen sanoo, ett\u00e4 Helsingin kokoisessa kaupungissa ei ehk\u00e4 saada mit\u00e4\u00e4n olennaista uutta selville, jos kokeiluun l\u00e4hdet\u00e4\u00e4n vain yhdell\u00e4 tai kahdella yritt\u00e4j\u00e4l\u00e4\u00e4k\u00e4rill\u00e4.<\/p>\n<p class=\"article-body mb-nof-24 px-nof-16\">L\u00e4nsi-Uudenmaan hyvinvointialueen ensimm\u00e4iset yritt\u00e4j\u00e4l\u00e4\u00e4k\u00e4rit aloittivat tosiaan Kalaj\u00e4rven terveysasemalla viime vuoden loppupuolella. Kokemukset olivat niin hyvi\u00e4, ett\u00e4 toukokuussa valittiin kuusi ammatinharjoittajaa lis\u00e4\u00e4 muualle Espooseen.<\/p>\n<p class=\"article-body mb-nof-24 px-nof-16\">Espoossa malli toimii niin, ett\u00e4 l\u00e4\u00e4k\u00e4ri on t\u00f6iss\u00e4 terveysaseman tiloissa ja vastuussa tietyst\u00e4 v\u00e4est\u00f6st\u00e4, mutta h\u00e4n ei ole hyvinvointialueen palkkalistoilla. H\u00e4nen ty\u00f6parinaan toimii kuitenkin hoitaja, joka on terveysasemalla ihan normaalisti t\u00f6iss\u00e4.<\/p>\n<p class=\"article-body mb-nof-24 px-nof-16\">Helsingiss\u00e4 mietit\u00e4\u00e4n nyt my\u00f6s, j\u00e4rjestet\u00e4\u00e4nk\u00f6 ty\u00f6parit n\u00e4in vai jotenkin muuten.<\/p>\n<p class=\"article-body mb-nof-24 px-nof-16\">Turpeinen arvioi, ett\u00e4 suunnittelu p\u00e4\u00e4see kunnolla vauhtiin ensi vuoden alussa, kun Helsingin terveysasemille on valittu uusi johtajal\u00e4\u00e4k\u00e4ri.<\/p>\n<p class=\"article-body mb-nof-24 px-nof-16\">Helsingin terveysasemilla on vuosia ollut pulaa l\u00e4\u00e4k\u00e4reist\u00e4. Turpeinen sanoo, ett\u00e4 viime aikoina tilanne on hiukan helpottanut. Tai tarkemmin h\u00e4n muotoilee asian niin, ett\u00e4 tekij\u00f6it\u00e4 on tarpeeksi, mutta vakituisia l\u00e4\u00e4k\u00e4reit\u00e4 yh\u00e4 liian v\u00e4h\u00e4n.<\/p>\n<p class=\"article-body mb-nof-24 px-nof-16\">Helsinki siis houkuttelee siis t\u00e4ll\u00e4 hetkell\u00e4 hyvin t\u00f6ihin nuoria l\u00e4\u00e4k\u00e4reit\u00e4, jotka suorittavat erikoistumiseensa kuuluvaa jaksoa terveysasemalla. Kokeneempia ammattilaisia sen sijaan saisi olla enemm\u00e4n.<\/p>\n<p class=\"article-body mb-nof-24 px-nof-16\">T\u00e4n\u00e4 ja ensi vuonna kaupunki on kuitenkin palkkaamassa kymmeni\u00e4 l\u00e4\u00e4k\u00e4reit\u00e4 lis\u00e4\u00e4 perusterveydenhuoltoon.<\/p>\n<p class=\"article-body mb-nof-24 px-nof-16\">Turpeinen arvelee, ett\u00e4 t\u00e4m\u00e4 itse asiassa helpottaa rekrytointia. Useampi haluaa hakea Helsinkiin, kun tiet\u00e4\u00e4, ett\u00e4 ty\u00f6taakka ei kasva kohtuuttoman suureksi.<\/p>\n<p class=\"article-body mb-nof-24 px-nof-16\">Helsinki py\u00f6ritt\u00e4\u00e4 suurinta osaa terveysasemistaan itse, mutta ostaa kahden terveysaseman palvelut yksityiselt\u00e4. Vuokraty\u00f6voimaa k\u00e4ytet\u00e4\u00e4n It\u00e4-Helsingiss\u00e4, mutta sen osuus on hyvin pieni.<\/p>\n","protected":false},"excerpt":{"rendered":"Terveydenhoito|Helsinki on ottamassa k\u00e4ytt\u00f6\u00f6n jossain muodossa ammatinharjoittajamallin, jota on jo kokeiltu Espoossa. Lue tiivistelm\u00e4 Tiivistelm\u00e4 on teko\u00e4lyn tekem\u00e4&hellip;\n","protected":false},"author":2,"featured_media":42961,"comment_status":"","ping_status":"","sticky":false,"template":"","format":"standard","meta":{"footnotes":""},"categories":[12],"tags":[22,23,26,27,33,31,30,17,46,24,25,28,29,15,18,21,32,19,20,16],"class_list":{"0":"post-42960","1":"post","2":"type-post","3":"status-publish","4":"format-standard","5":"has-post-thumbnail","7":"category-suomi","8":"tag-breaking-news","9":"tag-breakingnews","10":"tag-featured-news","11":"tag-featurednews","12":"tag-fi","13":"tag-finland","14":"tag-finnish","15":"tag-headlines","16":"tag-helsingin-sanomat","17":"tag-latest-news","18":"tag-latestnews","19":"tag-main-news","20":"tag-mainnews","21":"tag-news","22":"tag-otsikot","23":"tag-paauutiset","24":"tag-suomi","25":"tag-top-stories","26":"tag-topstories","27":"tag-uutiset"},"share_on_mastodon":{"url":"","error":""},"_links":{"self":[{"href":"https:\/\/www.europesays.com\/fi\/wp-json\/wp\/v2\/posts\/42960","targetHints":{"allow":["GET"]}}],"collection":[{"href":"https:\/\/www.europesays.com\/fi\/wp-json\/wp\/v2\/posts"}],"about":[{"href":"https:\/\/www.europesays.com\/fi\/wp-json\/wp\/v2\/types\/post"}],"author":[{"embeddable":true,"href":"https:\/\/www.europesays.com\/fi\/wp-json\/wp\/v2\/users\/2"}],"replies":[{"embeddable":true,"href":"https:\/\/www.europesays.com\/fi\/wp-json\/wp\/v2\/comments?post=42960"}],"version-history":[{"count":0,"href":"https:\/\/www.europesays.com\/fi\/wp-json\/wp\/v2\/posts\/42960\/revisions"}],"wp:featuredmedia":[{"embeddable":true,"href":"https:\/\/www.europesays.com\/fi\/wp-json\/wp\/v2\/media\/42961"}],"wp:attachment":[{"href":"https:\/\/www.europesays.com\/fi\/wp-json\/wp\/v2\/media?parent=42960"}],"wp:term":[{"taxonomy":"category","embeddable":true,"href":"https:\/\/www.europesays.com\/fi\/wp-json\/wp\/v2\/categories?post=42960"},{"taxonomy":"post_tag","embeddable":true,"href":"https:\/\/www.europesays.com\/fi\/wp-json\/wp\/v2\/tags?post=42960"}],"curies":[{"name":"wp","href":"https:\/\/api.w.org\/{rel}","templated":true}]}}