{"id":43023,"date":"2025-09-23T10:21:09","date_gmt":"2025-09-23T10:21:09","guid":{"rendered":"https:\/\/www.europesays.com\/fi\/43023\/"},"modified":"2025-09-23T10:21:09","modified_gmt":"2025-09-23T10:21:09","slug":"hifk-hankki-kaksi-uutta-pelaajaa","status":"publish","type":"post","link":"https:\/\/www.europesays.com\/fi\/43023\/","title":{"rendered":"HIFK hankki kaksi uutta pelaajaa"},"content":{"rendered":"<p>HIFK on vahvistanut sek\u00e4 hy\u00f6kk\u00e4ys- ett\u00e4 puolustuskalustoaan.<\/p>\n<p><img decoding=\"async\" class=\"image image-show image-preview\" src=\"https:\/\/www.europesays.com\/fi\/wp-content\/uploads\/2025\/09\/ebecc49d115dd80f19a6ac1d62336e4b671f5beecace4d1993320f3d0cb17afd.jpg\" alt=\"\"\/><img decoding=\"async\" class=\"image image-show\" src=\"https:\/\/www.europesays.com\/fi\/wp-content\/uploads\/2025\/09\/1758622868_701_ebecc49d115dd80f19a6ac1d62336e4b671f5beecace4d1993320f3d0cb17afd.jpg\" alt=\"\"\/><\/p>\n<p>Jere Karjalainen siirtyy HIFK:hon. Niklas Pehkonen \/ AOP<\/p>\n<p class=\"paragraph\">\u2013 HIFK on tehnyt loppukauden mittaiset sopimukset hy\u00f6kk\u00e4\u00e4j\u00e4 <strong>Jere Karjalaisen<\/strong> sek\u00e4 puolustaja <strong>Kalle Ervastin<\/strong> kanssa, <a href=\"https:\/\/hifk.fi\/liiga\/2025\/jere-karjalainen-ja-kalle-ervasti-stadiin\/\" rel=\"noopener nofollow\" target=\"_blank\">seura kertoo verkkosivuillaan<\/a>.<\/p>\n<p class=\"paragraph\">Pelaajat liittyv\u00e4t joukkueen vahvuuteen v\u00e4litt\u00f6m\u00e4sti.<\/p>\n<p class=\"paragraph\">\u2013 Jere ett\u00e4 Kalle ovat olleet seurannassa. He vahvistavat joukkuettamme etenkin t\u00e4m\u00e4n hetken tilanteessa, HIFK:n urheilujohtaja <strong>Janne Pesonen<\/strong> kommentoi uusia hankintoja.<\/p>\n<p class=\"paragraph\">Karjalainen ei ole pelannut alkukaudella miss\u00e4\u00e4n. Viime kaudella 33-vuotias peluri voitti SM-kultaa KalPan paidassa. Laitahy\u00f6kk\u00e4\u00e4j\u00e4 teki kev\u00e4\u00e4n pudotuspeleiss\u00e4 tehot 4+6=10. Karjalaisella on lis\u00e4ksi kaksi SM-kultaa Tapparasta vuosilta 2016 ja 2017.<\/p>\n<p class=\"paragraph\">Ervasti, 22, puolestaan liittyy HIFK:n vahvuuteen Lukosta, jossa h\u00e4n on kiekkoillut jo viisi kautta. Nuorukainen on pelannut runkosarjassa 142 peli\u00e4 tehoilla 8+17=25.<\/p>\n<p class=\"paragraph\">Lis\u00e4ksi HIFK kutsui maanantaina slovakialaismaalivahti <strong>Rastislav Eli\u00e1\u0161in<\/strong> takaisin lainalta Mestis-joukkue Kiekko-Vantaasta.<\/p>\n<p class=\"paragraph\">Vahvistukset ovat tervetulleita, sill\u00e4 HIFK k\u00e4rsii karmeasta loukkaantumissumasta. Joukkueen kokoonpanosta ovat vammojen vuoksi t\u00e4ll\u00e4 hetkell\u00e4 sivussa puolustajat <strong>Arttu K\u00e4rki<\/strong>, <strong>Petteri Lindbohm<\/strong>, <strong>Ilari Melart<\/strong>, <strong>Aron Kiviharju<\/strong> sek\u00e4 hy\u00f6kk\u00e4<\/p>\n","protected":false},"excerpt":{"rendered":"HIFK on vahvistanut sek\u00e4 hy\u00f6kk\u00e4ys- ett\u00e4 puolustuskalustoaan. Jere Karjalainen siirtyy HIFK:hon. Niklas Pehkonen \/ AOP \u2013 HIFK on&hellip;\n","protected":false},"author":2,"featured_media":43024,"comment_status":"","ping_status":"","sticky":false,"template":"","format":"standard","meta":{"footnotes":""},"categories":[158],"tags":[35,33,31,30,1143,41,1146,159,4686,32,1145,160],"class_list":{"0":"post-43023","1":"post","2":"type-post","3":"status-publish","4":"format-standard","5":"has-post-thumbnail","7":"category-urheilu","8":"tag-24h","9":"tag-fi","10":"tag-finland","11":"tag-finnish","12":"tag-jaakiekko","13":"tag-liikunta-ja-urheilu","14":"tag-miesten-jaakiekko","15":"tag-sports","16":"tag-suomen-jaakiekko","17":"tag-suomi","18":"tag-talviurheilu","19":"tag-urheilu"},"share_on_mastodon":{"url":"","error":""},"_links":{"self":[{"href":"https:\/\/www.europesays.com\/fi\/wp-json\/wp\/v2\/posts\/43023","targetHints":{"allow":["GET"]}}],"collection":[{"href":"https:\/\/www.europesays.com\/fi\/wp-json\/wp\/v2\/posts"}],"about":[{"href":"https:\/\/www.europesays.com\/fi\/wp-json\/wp\/v2\/types\/post"}],"author":[{"embeddable":true,"href":"https:\/\/www.europesays.com\/fi\/wp-json\/wp\/v2\/users\/2"}],"replies":[{"embeddable":true,"href":"https:\/\/www.europesays.com\/fi\/wp-json\/wp\/v2\/comments?post=43023"}],"version-history":[{"count":0,"href":"https:\/\/www.europesays.com\/fi\/wp-json\/wp\/v2\/posts\/43023\/revisions"}],"wp:featuredmedia":[{"embeddable":true,"href":"https:\/\/www.europesays.com\/fi\/wp-json\/wp\/v2\/media\/43024"}],"wp:attachment":[{"href":"https:\/\/www.europesays.com\/fi\/wp-json\/wp\/v2\/media?parent=43023"}],"wp:term":[{"taxonomy":"category","embeddable":true,"href":"https:\/\/www.europesays.com\/fi\/wp-json\/wp\/v2\/categories?post=43023"},{"taxonomy":"post_tag","embeddable":true,"href":"https:\/\/www.europesays.com\/fi\/wp-json\/wp\/v2\/tags?post=43023"}],"curies":[{"name":"wp","href":"https:\/\/api.w.org\/{rel}","templated":true}]}}