{"id":43085,"date":"2025-09-23T11:58:07","date_gmt":"2025-09-23T11:58:07","guid":{"rendered":"https:\/\/www.europesays.com\/fi\/43085\/"},"modified":"2025-09-23T11:58:07","modified_gmt":"2025-09-23T11:58:07","slug":"minna-koskela-julkaisi-nuoruuskuvan-tunnistaisitko","status":"publish","type":"post","link":"https:\/\/www.europesays.com\/fi\/43085\/","title":{"rendered":"Minna Koskela julkaisi nuoruuskuvan &#8211; tunnistaisitko?"},"content":{"rendered":"<p>            <img decoding=\"async\" src=\"https:\/\/www.europesays.com\/fi\/wp-content\/uploads\/2025\/09\/1827961.webp\" width=\"620\" height=\"348\" alt=\"Minna Koskela julkaisi nuoruuskuvan - tunnistaisitko?\"  fetchpriority=\"high\"\/>        <\/p>\n<p>\n            20250522, Helsinki. Salatut el\u00e4m\u00e4t haastattelup\u00e4iv\u00e4. Kuvassa Minna Koskela.<br \/>\n            Timo Korhonen\n        <\/p>\n<p class=\"subtitle \">Kumman kaa -t\u00e4hti poseeraa kuvassa uransa alkuaikoina.<\/p>\n<p class=\"article-content article-content-width !bg-background\">Muun muassa ikonisen Kumman kaa -sarjan roolistaan tunnettu <a alt=\"Haku\" class=\"text-primary-red font-extrabold\" href=\"https:\/\/www.seiska.fi\/haku?q=Minna Koskela\" rel=\"nofollow noopener\" target=\"_blank\">Minna Koskela<\/a> t\u00e4hditt\u00e4\u00e4 nykyisin my\u00f6s Salatut el\u00e4m\u00e4t -sarjaa. H\u00e4n n\u00e4yttelee Iisa Havu -nimist\u00e4 hahmoa sarjassa.\u00a0<\/p>\n<p class=\"article-content article-content-width !bg-background\">Pitk\u00e4n uran tehnyt n\u00e4yttelij\u00e4 julkaisi <a href=\"https:\/\/www.instagram.com\/p\/DNKqYKYtQu2\/?hl=en&amp;img_index=1\" target=\"_blank\" rel=\"nofollow noopener\">Instagram-tilill\u00e4\u00e4n<\/a> nuoruuskuvan ajalta, jolloin h\u00e4n oli p\u00e4\u00e4ssyt opiskelemaan Teatterikorkeakouluun. Minna valmistui opinahjosta 1990-luvun alussa.<\/p>\n<p>Kaksoisolento<\/p>\n<p class=\"article-content article-content-width !bg-background\">Mustavalkoisessa kuvassa Minna poseeraa hellan \u00e4\u00e4rell\u00e4 y\u00f6leninki ja aamutakki p\u00e4\u00e4ll\u00e4\u00e4n, kurkkuviipaleet otsallaan. H\u00e4nell\u00e4 on kasvoillaan huolestunut ilme. Minna kertoo, ett\u00e4 kuva on otos n\u00e4ytelm\u00e4st\u00e4 Donna, jonka ohjaajana toimi <a alt=\"Haku\" class=\"text-primary-red font-extrabold\" href=\"https:\/\/www.seiska.fi\/haku?q=Atte Aarniokoski\" rel=\"nofollow noopener\" target=\"_blank\">Atte Aarniokoski<\/a>.<\/p>\n<p class=\"article-content article-content-width !bg-background\">\u2013\tJ\u00e4nnitys on ihan samanlaista kuin silloinkin, odottavaa ja pelottavaa samaan aikaan! K\u00e4\u00e4k! Minna kirjoittaa kuvaansa.<\/p>\n<p class=\"article-content article-content-width !bg-background\">Kuvap\u00e4ivitys on ker\u00e4nnyt lukuisia tykk\u00e4yksi\u00e4 ja kommentteja. Moni n\u00e4kee n\u00e4yttelij\u00e4ss\u00e4 tuttuja piirteit\u00e4.<\/p>\n<p class=\"article-content article-content-width !bg-background\">\u2013\t<a alt=\"Haku\" class=\"text-primary-red font-extrabold\" href=\"https:\/\/www.seiska.fi\/haku?q=Krista Kososen\" rel=\"nofollow noopener\" target=\"_blank\">Krista Kososen<\/a> ja <a alt=\"Haku\" class=\"text-primary-red font-extrabold\" href=\"https:\/\/www.seiska.fi\/haku?q=Katariina Havukaisen\" rel=\"nofollow noopener\" target=\"_blank\">Katariina Havukaisen<\/a> serkku, n\u00e4yttelij\u00e4 <a alt=\"Haku\" class=\"text-primary-red font-extrabold\" href=\"https:\/\/www.seiska.fi\/haku?q=Sanna Stellan\" rel=\"nofollow noopener\" target=\"_blank\">Sanna Stellan<\/a> kirjoittaa.<\/p>\n<p class=\"article-content article-content-width !bg-background\">\u2013\tKatoin, et onko <a alt=\"Haku\" class=\"text-primary-red font-extrabold\" href=\"https:\/\/www.seiska.fi\/haku?q=Niina Lahtinen\" rel=\"nofollow noopener\" target=\"_blank\">Niina Lahtinen<\/a>! sosiaalisessa mediassa h\u00e4mm\u00e4stell\u00e4\u00e4n.<\/p>\n<p class=\"italic m-italic article-content article-content-width !bg-background\">Salatut el\u00e4m\u00e4t arkisin MTV3-kanavalla ja MTV Katsomossa.\u00a0<\/p>\n<p><script async src=\"\/\/www.instagram.com\/embed.js\"><\/script><\/p>\n","protected":false},"excerpt":{"rendered":"20250522, Helsinki. Salatut el\u00e4m\u00e4t haastattelup\u00e4iv\u00e4. Kuvassa Minna Koskela. Timo Korhonen Kumman kaa -t\u00e4hti poseeraa kuvassa uransa alkuaikoina. Muun&hellip;\n","protected":false},"author":2,"featured_media":43086,"comment_status":"","ping_status":"","sticky":false,"template":"","format":"standard","meta":{"footnotes":""},"categories":[136],"tags":[11305,407,137,33,31,30,408,11306,11308,941,11309,3183,209,32,11307,109],"class_list":{"0":"post-43085","1":"post","2":"type-post","3":"status-publish","4":"format-standard","5":"has-post-thumbnail","7":"category-julkkikset","8":"tag-atte-aarniokoski","9":"tag-celebrities","10":"tag-entertainment","11":"tag-fi","12":"tag-finland","13":"tag-finnish","14":"tag-julkkikset","15":"tag-kumman-kaa","16":"tag-minna-koskela","17":"tag-nostalgia","18":"tag-nostalgiakuva","19":"tag-nuoruuskuva","20":"tag-salatut-elamat","21":"tag-suomi","22":"tag-teatterikorkeakoulu","23":"tag-viihde"},"share_on_mastodon":{"url":"","error":""},"_links":{"self":[{"href":"https:\/\/www.europesays.com\/fi\/wp-json\/wp\/v2\/posts\/43085","targetHints":{"allow":["GET"]}}],"collection":[{"href":"https:\/\/www.europesays.com\/fi\/wp-json\/wp\/v2\/posts"}],"about":[{"href":"https:\/\/www.europesays.com\/fi\/wp-json\/wp\/v2\/types\/post"}],"author":[{"embeddable":true,"href":"https:\/\/www.europesays.com\/fi\/wp-json\/wp\/v2\/users\/2"}],"replies":[{"embeddable":true,"href":"https:\/\/www.europesays.com\/fi\/wp-json\/wp\/v2\/comments?post=43085"}],"version-history":[{"count":0,"href":"https:\/\/www.europesays.com\/fi\/wp-json\/wp\/v2\/posts\/43085\/revisions"}],"wp:featuredmedia":[{"embeddable":true,"href":"https:\/\/www.europesays.com\/fi\/wp-json\/wp\/v2\/media\/43086"}],"wp:attachment":[{"href":"https:\/\/www.europesays.com\/fi\/wp-json\/wp\/v2\/media?parent=43085"}],"wp:term":[{"taxonomy":"category","embeddable":true,"href":"https:\/\/www.europesays.com\/fi\/wp-json\/wp\/v2\/categories?post=43085"},{"taxonomy":"post_tag","embeddable":true,"href":"https:\/\/www.europesays.com\/fi\/wp-json\/wp\/v2\/tags?post=43085"}],"curies":[{"name":"wp","href":"https:\/\/api.w.org\/{rel}","templated":true}]}}