{"id":43117,"date":"2025-09-23T12:36:11","date_gmt":"2025-09-23T12:36:11","guid":{"rendered":"https:\/\/www.europesays.com\/fi\/43117\/"},"modified":"2025-09-23T12:36:11","modified_gmt":"2025-09-23T12:36:11","slug":"ydinaseilla-varustettuja-havittajia-voidaan-sijoittaa-viroon","status":"publish","type":"post","link":"https:\/\/www.europesays.com\/fi\/43117\/","title":{"rendered":"Ydinaseilla varustettuja h\u00e4vitt\u00e4ji\u00e4 voidaan sijoittaa Viroon"},"content":{"rendered":"<p class=\"ai-optimize-6 ai-optimize-introduction\">Viron puolustusministeri <strong>Hanno Pevkurin<\/strong> mukaan maahan mahdollisesti sijoitetaan tulevaisuudessa Britannian h\u00e4vitt\u00e4j\u00e4koneita, jotka voidaan varustaa ydinaseilla.<\/p>\n<p class=\"ai-optimize-8\">\u2013 Suhtaudun asiaan avoimesti. Ovemme on aina avoinna liittolaisille, Pevkur sanoi <a href=\"https:\/\/www.telegraph.co.uk\/world-news\/2025\/09\/23\/estonia-open-to-hosting-british-nuclear-weapons\/\" target=\"_blank\" rel=\"noopener nofollow\">Telegraph<\/a>-lehdelle.<\/p>\n<p class=\"ai-optimize-7\">Britannia on hankkimassa ainakin kaksitoista F-35A-h\u00e4ivekonetta vahvistamaan omaa pelotettaan. Ne pystyv\u00e4t kuljettamaan B61-ydinpommeja. Yhdysvallat hallitsee molempien tuotantoa, joten B61:n k\u00e4ytt\u00f6 edellytt\u00e4isi Valkoisen talon erillist\u00e4 hyv\u00e4ksynt\u00e4\u00e4. Lupa olisi saatava my\u00f6s Naton johdolta ja Britannian p\u00e4\u00e4ministerilt\u00e4.<\/p>\n<p class=\"ai-optimize-7\">Federation of American Scientists -ajatuspajan <a href=\"https:\/\/theaviationist.com\/2025\/02\/22\/b61-12-production-completion-switch-to-sustainment\/\" target=\"_blank\" rel=\"noopener nofollow\">mukaan<\/a> taktinen asej\u00e4rjestelm\u00e4 voidaan varustaa 0,3\u201350 kilotonnin ydink\u00e4rjell\u00e4. B61-12 pohjautuu vanhempaan B61-4-pommiin, jonka tuotanto alkoi vuonna 1979.<\/p>\n<p class=\"ai-optimize-7\">Tuorein malli sis\u00e4lt\u00e4\u00e4 modernin ohjausj\u00e4rjestelm\u00e4n, uutta elektroniikkaa ja kaksi lentorataa vakauttavaa moottoria. Tarkkuudeksi arvioidaan 30 metri\u00e4. <a href=\"https:\/\/www.bbc.com\/news\/articles\/c335406gxdvo\" target=\"_blank\" rel=\"noopener nofollow\">BBC:n<\/a> mukaan amerikkalaisia B61-pommeja on t\u00e4ll\u00e4 hetkell\u00e4 sijoitettuna varastoihin Euroopassa.<\/p>\n<p class=\"ai-optimize-9\">Puolustusliitto Naton j\u00e4senmaat ovat keskustelleet tulevista vastatoimista Ven\u00e4j\u00e4n uusiin ilmatilaloukkauksiin. Kolme MiG-31-h\u00e4vitt\u00e4j\u00e4\u00e4 loukkasi Viron ilmatilaa viime viikolla 12 minuutin ajan. Osa on vaatinut koneiden alasampumista, jos vastaavia tapauksia ilmaantuu lis\u00e4\u00e4.<\/p>\n<p class=\"ai-optimize-9\">Naton nykyinen\u00a0toimintamalli perustuu porrastettuun reagointiin, jossa painotetaan eskalaation v\u00e4ltt\u00e4mist\u00e4 ja diplomatian tukemista.<\/p>\n<p class=\"ai-optimize-10\">Ven\u00e4j\u00e4n odotetaan reagoivan raivokkaasti kaikkiin viitteisiin siit\u00e4, ett\u00e4 sen naapurimaihin sijoitettaisiin uusia ydinaseita. Britannian F-35-h\u00e4vitt\u00e4j\u00e4t ovat olleet pitk\u00e4\u00e4n mukana Naton ilmavalvontateht\u00e4viss\u00e4 Baltian maissa.<\/p>\n<p class=\"ai-optimize-11\">On my\u00f6s mahdollista, ettei uusia F-35A-h\u00e4vitt\u00e4ji\u00e4 sijoiteta koskaan Viroon. Britannian asevoimien l\u00e4hde sanoo Telegraphille, ett\u00e4 ei ole mit\u00e4\u00e4n tarvetta sijoittaa strategista ydinasepelotetta \u201dtaktiseen etuasemaan\u201d Virossa. Koneet olisivat l\u00e4hinn\u00e4 provokatiivisia eiv\u00e4tk\u00e4 pelotevaikutusta vahvistavia.<\/p>\n<p class=\"ai-optimize-11\">Ne olisivat my\u00f6s alttiita Ven\u00e4j\u00e4n ensi-iskulle rajaa l\u00e4hell\u00e4 sijaitsevissa tukikohdissa.<\/p>\n<p class=\"ai-optimize-12\">Hanno Pevkur rahoitteli itse tilannetta tiedotustilaisuudessa. H\u00e4nen mukaansa Naton vastauksen tulisi olla suhteellinen, ja siit\u00e4 pit\u00e4isi p\u00e4\u00e4tt\u00e4\u00e4 tapauskohtaisesti.<\/p>\n<p class=\"ai-optimize-13\">\u2013 Ven\u00e4j\u00e4n MiG-31-h\u00e4vitt\u00e4j\u00e4t eiv\u00e4t lent\u00e4neet kohti p\u00e4\u00e4kaupunkiamme, eiv\u00e4tk\u00e4 niiden kuljettamat aseet muodostaneet akuuttia uhkaa Viron suvereniteetille ja kansalliselle turvallisuudelle, Pevkur sanoi.<\/p>\n<p class=\"ai-optimize-14\">Puolustusministerin mukaan Viron ilmatorjunta ei ep\u00e4r\u00f6isi ven\u00e4l\u00e4iskoneiden alasampumisen suhteen, jos niiden arvioitaisiin muodostavan t\u00e4m\u00e4nkaltaisen uhkan.<\/p>\n<p>Poimintoja videosis\u00e4ll\u00f6ist\u00e4mme<\/p>\n<p><img fetchpriority=\"high\" decoding=\"async\" class=\"size-full wp-image-759090\" src=\"https:\/\/www.europesays.com\/fi\/wp-content\/uploads\/2025\/09\/b61-scaled.jpg\" alt=\"\" width=\"2560\" height=\"1603\"  \/>B61-ydinpommeja. \/ US DOD \/ SSGT Phil Schmitten<\/p>\n","protected":false},"excerpt":{"rendered":"Viron puolustusministeri Hanno Pevkurin mukaan maahan mahdollisesti sijoitetaan tulevaisuudessa Britannian h\u00e4vitt\u00e4j\u00e4koneita, jotka voidaan varustaa ydinaseilla. \u2013 Suhtaudun asiaan&hellip;\n","protected":false},"author":2,"featured_media":43118,"comment_status":"","ping_status":"","sticky":false,"template":"","format":"standard","meta":{"footnotes":""},"categories":[14],"tags":[22,23,26,27,33,31,30,17,24,25,28,29,2579,15,18,21,32,19,20,56,16,547,59,60,61],"class_list":{"0":"post-43117","1":"post","2":"type-post","3":"status-publish","4":"format-standard","5":"has-post-thumbnail","7":"category-ulkomaat","8":"tag-breaking-news","9":"tag-breakingnews","10":"tag-featured-news","11":"tag-featurednews","12":"tag-fi","13":"tag-finland","14":"tag-finnish","15":"tag-headlines","16":"tag-latest-news","17":"tag-latestnews","18":"tag-main-news","19":"tag-mainnews","20":"tag-nato","21":"tag-news","22":"tag-otsikot","23":"tag-paauutiset","24":"tag-suomi","25":"tag-top-stories","26":"tag-topstories","27":"tag-ulkomaat","28":"tag-uutiset","29":"tag-venaja","30":"tag-world","31":"tag-world-news","32":"tag-worldnews"},"share_on_mastodon":{"url":"","error":""},"_links":{"self":[{"href":"https:\/\/www.europesays.com\/fi\/wp-json\/wp\/v2\/posts\/43117","targetHints":{"allow":["GET"]}}],"collection":[{"href":"https:\/\/www.europesays.com\/fi\/wp-json\/wp\/v2\/posts"}],"about":[{"href":"https:\/\/www.europesays.com\/fi\/wp-json\/wp\/v2\/types\/post"}],"author":[{"embeddable":true,"href":"https:\/\/www.europesays.com\/fi\/wp-json\/wp\/v2\/users\/2"}],"replies":[{"embeddable":true,"href":"https:\/\/www.europesays.com\/fi\/wp-json\/wp\/v2\/comments?post=43117"}],"version-history":[{"count":0,"href":"https:\/\/www.europesays.com\/fi\/wp-json\/wp\/v2\/posts\/43117\/revisions"}],"wp:featuredmedia":[{"embeddable":true,"href":"https:\/\/www.europesays.com\/fi\/wp-json\/wp\/v2\/media\/43118"}],"wp:attachment":[{"href":"https:\/\/www.europesays.com\/fi\/wp-json\/wp\/v2\/media?parent=43117"}],"wp:term":[{"taxonomy":"category","embeddable":true,"href":"https:\/\/www.europesays.com\/fi\/wp-json\/wp\/v2\/categories?post=43117"},{"taxonomy":"post_tag","embeddable":true,"href":"https:\/\/www.europesays.com\/fi\/wp-json\/wp\/v2\/tags?post=43117"}],"curies":[{"name":"wp","href":"https:\/\/api.w.org\/{rel}","templated":true}]}}