{"id":43123,"date":"2025-09-23T12:50:08","date_gmt":"2025-09-23T12:50:08","guid":{"rendered":"https:\/\/www.europesays.com\/fi\/43123\/"},"modified":"2025-09-23T12:50:08","modified_gmt":"2025-09-23T12:50:08","slug":"anna-puu-antoi-tyttarelleen-ikimuistoisen-lahjan-rahaa-menee","status":"publish","type":"post","link":"https:\/\/www.europesays.com\/fi\/43123\/","title":{"rendered":"Anna Puu antoi tytt\u00e4relleen ikimuistoisen lahjan \u2013 &#8221;Rahaa menee!&#8221;"},"content":{"rendered":"<p>            ATTE KAJOVA\n        <\/p>\n<p class=\"subtitle \">Anna antoi tytt\u00e4relleen rippilahjaksi jotain unohtumatonta.<\/p>\n<p class=\"article-content article-content-width !bg-background\">Nykyisin Rodeo-yhtyeest\u00e4kin tunnettavan laulaja-lauluntekij\u00e4  (oik. ) 14-vuotias esikoistyt\u00e4r p\u00e4\u00e4si ripilt\u00e4 kuluneen kes\u00e4n aikana.<\/p>\n<p class=\"font-weight-bold m-font-weight-bold article-content article-content-width !bg-background\">Mik\u00e4 Voice of Finlandissa j\u00e4nnitt\u00e4\u00e4 eniten? N\u00e4in Anna Puu vastaa (2020).<\/p>\n<p class=\"article-content article-content-width !bg-background\">Anna halusi tarjota t\u00e4rke\u00e4n virstaanpylv\u00e4\u00e4n saavuttaneelle tytt\u00e4relleen lahjaksi jotain ikimuistoista.<\/p>\n<p>        <a itemprop=\"url\" href=\"https:\/\/www.seiska.fi\/kotimaa\/anna-puu-julkaisi-kuvan-teinityttarestaan-harvinainen-ulostulo\/1496802\" rel=\"nofollow noopener\" target=\"_blank\"><\/p>\n<p class=\"section-date\">\n        <strong class=\"article-section\" data-section=\"kotimaa\"><br \/>\n            kotimaa<br \/>\n        <\/strong><br \/>\n        23.10.2024 10:32\n    <\/p>\n<p>    Anna Puu julkaisi kuvan teinitytt\u00e4rest\u00e4\u00e4n \u2013 harvinainen ulostulo<\/p>\n<p itemprop=\"description\" class=\"subtitle \">\n    Anna Puu julkaisi paljonpuhuvan p\u00e4ivityksen esikoisestaan.\n<\/p>\n<p>        <\/a><\/p>\n<p>&#8221;Tyt\u00f6t sai p\u00e4\u00e4tt\u00e4\u00e4&#8221;<\/p>\n<p class=\"article-content article-content-width !bg-background\">Kes\u00e4- ja syksykiertueen v\u00e4list\u00e4, kuukauden mittaista lomaansa viett\u00e4v\u00e4 Anna kertoo k\u00e4yneens\u00e4 vastik\u00e4\u00e4n viiden p\u00e4iv\u00e4n pyr\u00e4hdyksen New Yorkissa. Kyseess\u00e4 ei kuitenkaan ollut tavallinen matka, vaan rippilahja tytt\u00e4relle.<\/p>\n<p>                <img decoding=\"async\" src=\"https:\/\/www.europesays.com\/fi\/wp-content\/uploads\/2025\/09\/1938004.webp\" width=\"576\" height=\"720\" alt=\"Seiska tapasi Annan keskiviikkona (17.9.) T\u00e4ydelliset vieraat -komediaelokuvan kutsuvierasensi-illassa. Anna kertoi saapuneensa New Yorkista Suomeen vain kaksi p\u00e4iv\u00e4\u00e4 aiemmin.\" loading=\"lazy\" \/>            <\/p>\n<p>\n            Seiska tapasi Annan keskiviikkona (17.9.) T\u00e4ydelliset vieraat -komediaelokuvan kutsuvierasensi-illassa. Anna kertoi saapuneensa New Yorkista Suomeen vain kaksi p\u00e4iv\u00e4\u00e4 aiemmin.<br \/>\n            ATTE KAJOVA\n        <\/p>\n<p class=\"article-content article-content-width !bg-background\">Mukana matkassa oli my\u00f6s toinen \u00e4iti-tyt\u00e4r kombo, kun Annan yst\u00e4v\u00e4 ja h\u00e4nen niin ik\u00e4\u00e4n rippikouluik\u00e4inentytt\u00e4rens\u00e4 l\u00e4htiv\u00e4t matkalle mukaan.<\/p>\n<p class=\"article-content article-content-width !bg-background\">\u2013 Me ollaan tehty paljon matkoja yhdess\u00e4, ja nyt tyt\u00f6t sai p\u00e4\u00e4tt\u00e4\u00e4 mihin halusivat rippimatkalle, Anna kertoo.<\/p>\n<p>        <a itemprop=\"url\" href=\"https:\/\/www.seiska.fi\/terveys\/anna-puulta-ikava-terveysuutinen-kesa-2024-jaa-siita-mieleen-etta\/1402819\" rel=\"nofollow noopener\" target=\"_blank\"><\/p>\n<p class=\"section-date\">\n        <strong class=\"article-section\" data-section=\"terveys\"><br \/>\n            terveys<br \/>\n        <\/strong><br \/>\n        9.7.2024 14:00\n    <\/p>\n<p>    Anna Puulta ik\u00e4v\u00e4 terveysuutinen: &#8221;Kes\u00e4 2024 j\u00e4\u00e4 siit\u00e4 mieleen, ett\u00e4&#8230;&#8221;<\/p>\n<p itemprop=\"description\" class=\"subtitle \">\n    Laulaja harmittelee takaiskua ja on nyt toipilaana.\n<\/p>\n<p>        <\/a><\/p>\n<p>&#8221;Ei tarvitse kuin seist\u00e4 kadulla&#8230;&#8221;<\/p>\n<p class=\"article-content article-content-width !bg-background\">Anna kertoo k\u00e4yneens\u00e4 New Yorkissa viimeksi 13 vuotta sitten.<\/p>\n<p class=\"article-content article-content-width !bg-background\">\u2013 Siell\u00e4 oli paljon turvallisempaa, mit\u00e4 tuntuu ett\u00e4 pelotellaan, Anna pohtii.<\/p>\n<p class=\"article-content article-content-width !bg-background\">Matkan aikana kaupungissa parhaillaan k\u00e4ynniss\u00e4 olleet muotiviikot olivat kirsikka kakun p\u00e4\u00e4ll\u00e4. Rahaakin kului Annan mukaan riitt\u00e4v\u00e4sti.<\/p>\n<p class=\"article-content article-content-width !bg-background\">\u2013 Siell\u00e4 ei tarvitse kuin seist\u00e4 kadulla, niin rahaa menee!, h\u00e4n naurahtaa.<\/p>\n<p>                <img decoding=\"async\" src=\"https:\/\/www.europesays.com\/fi\/wp-content\/uploads\/2025\/09\/1938019.webp\" width=\"576\" height=\"720\" alt=\"Anna on pit\u00e4nyt yht\u00e4 kumppaninsa, tuottaja Jukka Immosen kanssa jo noin kahdeksan vuoden ajan.\" loading=\"lazy\" \/>            <\/p>\n<p>\n            Anna on pit\u00e4nyt yht\u00e4 kumppaninsa, tuottaja Jukka Immosen kanssa jo noin kahdeksan vuoden ajan.<br \/>\n            TIMO KORHONEN\n        <\/p>\n<p class=\"article-content article-content-width !bg-background\">Rahanmenosta huolimatta matka oli Annan mukaan onnistunut.<\/p>\n<p class=\"article-content article-content-width !bg-background\">\u2013 Tykk\u00e4sin ihan sikana, se on ihana kaupunki, h\u00e4n summaa.<\/p>\n<p>        <a itemprop=\"url\" href=\"https:\/\/www.seiska.fi\/kotimaa\/anna-puu-yllatti-sanna-marinin-rakkaan-kanssa\/1708711\" rel=\"nofollow noopener\" target=\"_blank\"><\/p>\n<p>\nOho!\n<\/p>\n<p class=\"section-date\">\n        <strong class=\"article-section\" data-section=\"kotimaa\"><br \/>\n            kotimaa<br \/>\n        <\/strong><br \/>\n        21.5. 10:31\n    <\/p>\n<p>    Anna Puu yll\u00e4tti Sanna Marinin rakkaan kanssa<\/p>\n<p itemprop=\"description\" class=\"subtitle \">\n    Laulaja oli tyytyv\u00e4inen Joni-rakkaan k\u00e4sittelyyn.\n<\/p>\n<p>        <\/a><\/p>\n<p>Kahden lapsen \u00e4iti<\/p>\n<p class=\"article-content article-content-width !bg-background\"> Annan esikoistyt\u00e4r syntyi vuonna 2010 Annan edellisest\u00e4 liitosta \u00a0kanssa. Anna oli lapsensa is\u00e4n kanssa naimisissa vuodesta 2008 vuoteen 2013.\u00a0<\/p>\n<p class=\"article-content article-content-width !bg-background\">Vuonna 2015 Anna alkoi seurustella tuottaja  kanssa. Pari avioitui vuonna 2022. Annalla ja Jukalla on kev\u00e4\u00e4ll\u00e4 2021 syntynyt poika.<\/p>\n","protected":false},"excerpt":{"rendered":"ATTE KAJOVA Anna antoi tytt\u00e4relleen rippilahjaksi jotain unohtumatonta. Nykyisin Rodeo-yhtyeest\u00e4kin tunnettavan laulaja-lauluntekij\u00e4 (oik. ) 14-vuotias esikoistyt\u00e4r p\u00e4\u00e4si ripilt\u00e4&hellip;\n","protected":false},"author":2,"featured_media":43124,"comment_status":"","ping_status":"","sticky":false,"template":"","format":"standard","meta":{"footnotes":""},"categories":[136],"tags":[6664,407,137,33,31,30,9321,408,212,11317,5995,11316,32,109],"class_list":{"0":"post-43123","1":"post","2":"type-post","3":"status-publish","4":"format-standard","5":"has-post-thumbnail","7":"category-julkkikset","8":"tag-anna-puu","9":"tag-celebrities","10":"tag-entertainment","11":"tag-fi","12":"tag-finland","13":"tag-finnish","14":"tag-jukka-immonen","15":"tag-julkkikset","16":"tag-lifestyle","17":"tag-muotiviikot","18":"tag-new-york","19":"tag-rippilahja","20":"tag-suomi","21":"tag-viihde"},"share_on_mastodon":{"url":"","error":""},"_links":{"self":[{"href":"https:\/\/www.europesays.com\/fi\/wp-json\/wp\/v2\/posts\/43123","targetHints":{"allow":["GET"]}}],"collection":[{"href":"https:\/\/www.europesays.com\/fi\/wp-json\/wp\/v2\/posts"}],"about":[{"href":"https:\/\/www.europesays.com\/fi\/wp-json\/wp\/v2\/types\/post"}],"author":[{"embeddable":true,"href":"https:\/\/www.europesays.com\/fi\/wp-json\/wp\/v2\/users\/2"}],"replies":[{"embeddable":true,"href":"https:\/\/www.europesays.com\/fi\/wp-json\/wp\/v2\/comments?post=43123"}],"version-history":[{"count":0,"href":"https:\/\/www.europesays.com\/fi\/wp-json\/wp\/v2\/posts\/43123\/revisions"}],"wp:featuredmedia":[{"embeddable":true,"href":"https:\/\/www.europesays.com\/fi\/wp-json\/wp\/v2\/media\/43124"}],"wp:attachment":[{"href":"https:\/\/www.europesays.com\/fi\/wp-json\/wp\/v2\/media?parent=43123"}],"wp:term":[{"taxonomy":"category","embeddable":true,"href":"https:\/\/www.europesays.com\/fi\/wp-json\/wp\/v2\/categories?post=43123"},{"taxonomy":"post_tag","embeddable":true,"href":"https:\/\/www.europesays.com\/fi\/wp-json\/wp\/v2\/tags?post=43123"}],"curies":[{"name":"wp","href":"https:\/\/api.w.org\/{rel}","templated":true}]}}