{"id":43169,"date":"2025-09-23T13:57:09","date_gmt":"2025-09-23T13:57:09","guid":{"rendered":"https:\/\/www.europesays.com\/fi\/43169\/"},"modified":"2025-09-23T13:57:09","modified_gmt":"2025-09-23T13:57:09","slug":"trumpin-autosaattue-esti-macronin-matkan-kaikki-on-suljettu-sinun-takiasi","status":"publish","type":"post","link":"https:\/\/www.europesays.com\/fi\/43169\/","title":{"rendered":"Trumpin autosaattue esti Macronin matkan: \u201dKaikki on suljettu sinun takiasi\u201d"},"content":{"rendered":"<p>Macron oli kertomansa mukaan matkalla Ranskan suurl\u00e4hetyst\u00f6\u00f6n, kun matka tyss\u00e4si.<\/p>\n<p class=\"article-body mb-nof-24 px-nof-16\">Ranskan presidentin<a class=\"article-personlink\" href=\"https:\/\/www.is.fi\/haku\/?query=%20Emmanuel%20Macronin\" rel=\"nofollow noopener\" target=\"_blank\"> Emmanuel Macronin<\/a> joutui erikoiseen tilanteeseen New Yorkissa. Laajasti sosiaalisessa mediassa levinneell\u00e4 videolla poliisi sulki liikenteen tiell\u00e4 pys\u00e4ytt\u00e4en Macronin matkan. Syy tien sulkemiselle oli Yhdysvaltain presidentin <a class=\"article-personlink\" href=\"https:\/\/www.is.fi\/haku\/?query=Donald%20Trumpin\" rel=\"nofollow noopener\" target=\"_blank\">Donald Trumpin<\/a> autosaattue.<\/p>\n<p class=\"article-body mb-nof-24 px-nof-16\">Macron kertoo olevansa matkalla Ranskan suurl\u00e4hetyst\u00f6\u00f6n, mutta poliisi sanoo, ettei voi p\u00e4\u00e4st\u00e4\u00e4 ket\u00e4\u00e4n eteenp\u00e4in.<\/p>\n<p class=\"article-body mb-nof-24 px-nof-16\">\u2013\u2009Olen todella pahoillani herra presidentti, kaikki on nyt suljettu, koska autosaattue on tulossa, poliisi pahoittelee.<\/p>\n<p class=\"article-body mb-nof-24 px-nof-16\">\u2013\u2009Jos et n\u00e4e sit\u00e4, anna minun menn\u00e4, Macron yritt\u00e4\u00e4.<\/p>\n<p class=\"article-body mb-nof-24 px-nof-16\">Poliisi ei kuitenkaan anna lupaa.<\/p>\n<p class=\"article-body mb-nof-24 px-nof-16\">T\u00e4m\u00e4n j\u00e4lkeen Macron ottaa puhelimen k\u00e4teens\u00e4 ja soittaa Trumpille.<\/p>\n<p class=\"article-body mb-nof-24 px-nof-16\">\u2013\u2009Hei, kuinka voit? Arvaa mit\u00e4? Odotan kadulla, koska kaikki on suljettu sinun takiasi, Macron sanoo hilpe\u00e4n\u00e4.<\/p>\n<p class=\"article-body mb-nof-24 px-nof-16\">Macron jatkaa t\u00e4m\u00e4n j\u00e4lkeen, ett\u00e4 haluaisi puhua Trumpin kanssa Gazan tilanteesta.<\/p>\n<p class=\"article-body mb-nof-24 px-nof-16\"><a class=\"article-genericlink\" href=\"https:\/\/www.telegraph.co.uk\/world-news\/2025\/09\/23\/macron-phones-trump-after-police-pull-him-over\/\" rel=\"nofollow noopener\" target=\"_blank\">The Telegraphin<\/a> mukaan Macron oli ennen videota osallistunut YK:n yleiskokoukseen, jossa h\u00e4n kertoi Ranskan tunnistavan Palestiinan valtion. Yhdysvallat ja Israel boikotoivat Macronin puhetta.<\/p>\n<p class=\"article-body mb-nof-24 px-nof-16\">Brittilehden mukaan Macron poseerasi spontaanilla Manhattan-kierroksellaan ohikulkijoille ja jopa pussasi miehen p\u00e4\u00e4t\u00e4, nauraen.<\/p>\n","protected":false},"excerpt":{"rendered":"Macron oli kertomansa mukaan matkalla Ranskan suurl\u00e4hetyst\u00f6\u00f6n, kun matka tyss\u00e4si. Ranskan presidentin Emmanuel Macronin joutui erikoiseen tilanteeseen New&hellip;\n","protected":false},"author":2,"featured_media":43170,"comment_status":"","ping_status":"","sticky":false,"template":"","format":"standard","meta":{"footnotes":""},"categories":[5],"tags":[22,23,26,27,33,31,30,17,34,24,25,28,29,15,18,21,32,19,20,16],"class_list":{"0":"post-43169","1":"post","2":"type-post","3":"status-publish","4":"format-standard","5":"has-post-thumbnail","7":"category-otsikot","8":"tag-breaking-news","9":"tag-breakingnews","10":"tag-featured-news","11":"tag-featurednews","12":"tag-fi","13":"tag-finland","14":"tag-finnish","15":"tag-headlines","16":"tag-ilta-sanomat","17":"tag-latest-news","18":"tag-latestnews","19":"tag-main-news","20":"tag-mainnews","21":"tag-news","22":"tag-otsikot","23":"tag-paauutiset","24":"tag-suomi","25":"tag-top-stories","26":"tag-topstories","27":"tag-uutiset"},"share_on_mastodon":{"url":"","error":""},"_links":{"self":[{"href":"https:\/\/www.europesays.com\/fi\/wp-json\/wp\/v2\/posts\/43169","targetHints":{"allow":["GET"]}}],"collection":[{"href":"https:\/\/www.europesays.com\/fi\/wp-json\/wp\/v2\/posts"}],"about":[{"href":"https:\/\/www.europesays.com\/fi\/wp-json\/wp\/v2\/types\/post"}],"author":[{"embeddable":true,"href":"https:\/\/www.europesays.com\/fi\/wp-json\/wp\/v2\/users\/2"}],"replies":[{"embeddable":true,"href":"https:\/\/www.europesays.com\/fi\/wp-json\/wp\/v2\/comments?post=43169"}],"version-history":[{"count":0,"href":"https:\/\/www.europesays.com\/fi\/wp-json\/wp\/v2\/posts\/43169\/revisions"}],"wp:featuredmedia":[{"embeddable":true,"href":"https:\/\/www.europesays.com\/fi\/wp-json\/wp\/v2\/media\/43170"}],"wp:attachment":[{"href":"https:\/\/www.europesays.com\/fi\/wp-json\/wp\/v2\/media?parent=43169"}],"wp:term":[{"taxonomy":"category","embeddable":true,"href":"https:\/\/www.europesays.com\/fi\/wp-json\/wp\/v2\/categories?post=43169"},{"taxonomy":"post_tag","embeddable":true,"href":"https:\/\/www.europesays.com\/fi\/wp-json\/wp\/v2\/tags?post=43169"}],"curies":[{"name":"wp","href":"https:\/\/api.w.org\/{rel}","templated":true}]}}