{"id":43179,"date":"2025-09-23T14:17:08","date_gmt":"2025-09-23T14:17:08","guid":{"rendered":"https:\/\/www.europesays.com\/fi\/43179\/"},"modified":"2025-09-23T14:17:08","modified_gmt":"2025-09-23T14:17:08","slug":"lola-odusoga-puhuu-suunsa-puhtaaksi-missikisoista-osaan-vasta-nyt-nahda","status":"publish","type":"post","link":"https:\/\/www.europesays.com\/fi\/43179\/","title":{"rendered":"Lola Odusoga puhuu suunsa puhtaaksi missikisoista \u2013 &#8221;Osaan vasta nyt n\u00e4hd\u00e4&#8230;&#8221;"},"content":{"rendered":"<p>\n            20250917 HELSINKI. TENNISPALATSI. T\u00e4ydelliset vieraat ensi-ilta. Lola Odusoga. KUVA: ATTE KAJOVA<br \/>\n            ATTE KAJOVA\n        <\/p>\n<p class=\"subtitle \">Lola paljastaa syyn, miksei en\u00e4\u00e4 osallistuisi kauneuskilpailuihin.<\/p>\n<p class=\"article-content article-content-width !bg-background\">Vuonna 1996 Miss Suomeksi kruunattu  oli vasta 18-vuotias voittaessaan kauneuskilpailun kirkkaimman kruunun.<\/p>\n<p class=\"font-weight-bold m-font-weight-bold article-content article-content-width !bg-background\">Katso Seiskan uutisvideo Lolan erosta (2022)<\/p>\n<p class=\"article-content article-content-width !bg-background\">Nyt 47-vuotias Lola ajattelee missimaailmasta kriittisemmin, kuin nuorena osasi.<\/p>\n<p>        <a itemprop=\"url\" href=\"https:\/\/www.seiska.fi\/kotimaa\/lola-odusoga-otti-liftarin-kyytiin-nain-siina-kavi\/1434156\" rel=\"nofollow noopener\" target=\"_blank\"><\/p>\n<p class=\"section-date\">\n        <strong class=\"article-section\" data-section=\"kotimaa\"><br \/>\n            kotimaa<br \/>\n        <\/strong><br \/>\n        17.8.2024 15:39\n    <\/p>\n<p>    Lola Odusoga otti liftarin kyytiin &#8211; n\u00e4in siin\u00e4 k\u00e4vi<\/p>\n<p itemprop=\"description\" class=\"subtitle \">\n    Ex-missi rohkaistui poimimaan apua tarvinneen miehen kyytiins\u00e4.\n<\/p>\n<p>        <\/a><\/p>\n<p>Kriittismepi n\u00e4k\u00f6kulma<\/p>\n<p class=\"article-content article-content-width !bg-background\">Lola kertoo muistelevansa miltei 30 vuoden takaisia missimuistojaan nykyisin kriittisin silmin.<\/p>\n<p class=\"article-content article-content-width !bg-background\"> \u2013 Nyt osaa vasta paljon vanhempana n\u00e4hd\u00e4, millainen maailma on ollut silloin, ja moni asia on sellaisia mitk\u00e4 eiv\u00e4t voisi tapahtua t\u00e4n\u00e4 p\u00e4iv\u00e4n\u00e4, Lola pohtii.<\/p>\n<p>                <img decoding=\"async\" src=\"https:\/\/www.europesays.com\/fi\/wp-content\/uploads\/2025\/09\/1937081.webp\" width=\"576\" height=\"720\" alt=\"Lola py\u00f6r\u00e4hti keskiviikkonsa (17.9.) T\u00e4ydelliset vieraat -komediaelokuvan kutsuvierasensi-illassa.\" loading=\"lazy\" \/>            <\/p>\n<p>\n            Lola py\u00f6r\u00e4hti keskiviikkonsa (17.9.) T\u00e4ydelliset vieraat -komediaelokuvan kutsuvierasensi-illassa.<br \/>\n            ATTE KAJOVA\n        <\/p>\n<p class=\"article-content article-content-width !bg-background\">Lolan mukaan erilaisuus on edelleen yht\u00e4 suuri tabu, kuin aiemminkin.<\/p>\n<p class=\"article-content article-content-width !bg-background\"> \u2013 Ajat on tietyll\u00e4 tavalla muuttuneet hyv\u00e4\u00e4n, mutta on my\u00f6skin asioita, jotka pysyv\u00e4t ik\u00e4v\u00e4 kyll\u00e4 samana, Lola kiertelee.<\/p>\n<p>        <a itemprop=\"url\" href=\"https:\/\/www.seiska.fi\/kotimaa\/lola-odusoga-asu-heratti-huomiota-kayta-kondomia\/1113079\" rel=\"nofollow noopener\" target=\"_blank\"><\/p>\n<p class=\"section-date\">\n        <strong class=\"article-section\" data-section=\"kotimaa\"><br \/>\n            kotimaa<br \/>\n        <\/strong><br \/>\n        16.8.2023 14:07\n    <\/p>\n<p>    Lola Odusoga asu her\u00e4tti huomiota \u2013 \u2019\u2019K\u00e4yt\u00e4 kondomia\u2019\u2019<\/p>\n<p itemprop=\"description\" class=\"subtitle \">\n    Lola vet\u00e4isi p\u00e4\u00e4lleen hulvattomia printtipaitoja.\n<\/p>\n<p>        <\/a><\/p>\n<p>Tietoinen polku<\/p>\n<p class=\"article-content article-content-width !bg-background\">Lolan mukaan missikisat voivat kuitenkin olla my\u00f6s hyv\u00e4 kentt\u00e4 oman uran luomiselle.<\/p>\n<p class=\"article-content article-content-width !bg-background\"> \u2013 Missit itse m\u00e4\u00e4ritt\u00e4v\u00e4t, mit\u00e4 siit\u00e4 reitist\u00e4 poikii. Se on yksi startti, joka toisaalta saattaa vaikeuttaa uskottavuutta jatkossa, kokemusta on, Lola pohtii.<\/p>\n<p class=\"article-content article-content-width !bg-background\">Nyky\u00e4\u00e4n Lola ei en\u00e4\u00e4 l\u00e4htisi kauneuskilpailuihin, sill\u00e4 ei kokisi saavansa niist\u00e4 en\u00e4\u00e4 mit\u00e4\u00e4n.<\/p>\n<p>                <img decoding=\"async\" src=\"https:\/\/www.europesays.com\/fi\/wp-content\/uploads\/2025\/09\/1937129.webp\" width=\"576\" height=\"720\" alt=\"Lola sijoittui kolmanneksi vuoden 1996 Miss Universum -kisoissa. Menestyksek\u00e4s missimatka poiki h\u00e4nelle t\u00f6it\u00e4 niin mallina kuin juontajanakin.\" loading=\"lazy\" \/>            <\/p>\n<p>\n            Lola sijoittui kolmanneksi vuoden 1996 Miss Universum -kisoissa. Menestyksek\u00e4s missimatka poiki h\u00e4nelle t\u00f6it\u00e4 niin mallina kuin juontajanakin.<br \/>\n            Pasi Murto\n        <\/p>\n<p class=\"article-content article-content-width !bg-background\"> \u2013 Mulle missipolku oli t\u00e4ysin tietoinen ja agendallinen valinta siin\u00e4 mieless\u00e4, ett\u00e4 hain kansainv\u00e4list\u00e4 uraa ja esiintymist\u00f6it\u00e4, ja niit\u00e4 my\u00f6s sain!, h\u00e4n paljastaa.<\/p>\n<p class=\"article-content article-content-width !bg-background\">Lolalle missimatkaa l\u00e4mpim\u00e4mm\u00e4t muistot ovatkin j\u00e4tt\u00e4neet sen mahdollistamat muut ty\u00f6projektit.<\/p>\n<p class=\"article-content article-content-width !bg-background\"> \u2013 Parasta minun missimatkassani on kaikki se, mik\u00e4 on tapahtunut missivuoden j\u00e4lkeen, h\u00e4n jatkaa.<\/p>\n","protected":false},"excerpt":{"rendered":"20250917 HELSINKI. TENNISPALATSI. T\u00e4ydelliset vieraat ensi-ilta. Lola Odusoga. KUVA: ATTE KAJOVA ATTE KAJOVA Lola paljastaa syyn, miksei en\u00e4\u00e4&hellip;\n","protected":false},"author":2,"featured_media":43180,"comment_status":"","ping_status":"","sticky":false,"template":"","format":"standard","meta":{"footnotes":""},"categories":[130],"tags":[137,33,31,30,8510,11325,212,6454,3458,32,201,109],"class_list":{"0":"post-43179","1":"post","2":"type-post","3":"status-publish","4":"format-standard","5":"has-post-thumbnail","7":"category-viihde","8":"tag-entertainment","9":"tag-fi","10":"tag-finland","11":"tag-finnish","12":"tag-kauneuskilpailut","13":"tag-kriittinen-nakokulma","14":"tag-lifestyle","15":"tag-lola-odusoga","16":"tag-miss-suomi","17":"tag-suomi","18":"tag-ura","19":"tag-viihde"},"share_on_mastodon":{"url":"","error":""},"_links":{"self":[{"href":"https:\/\/www.europesays.com\/fi\/wp-json\/wp\/v2\/posts\/43179","targetHints":{"allow":["GET"]}}],"collection":[{"href":"https:\/\/www.europesays.com\/fi\/wp-json\/wp\/v2\/posts"}],"about":[{"href":"https:\/\/www.europesays.com\/fi\/wp-json\/wp\/v2\/types\/post"}],"author":[{"embeddable":true,"href":"https:\/\/www.europesays.com\/fi\/wp-json\/wp\/v2\/users\/2"}],"replies":[{"embeddable":true,"href":"https:\/\/www.europesays.com\/fi\/wp-json\/wp\/v2\/comments?post=43179"}],"version-history":[{"count":0,"href":"https:\/\/www.europesays.com\/fi\/wp-json\/wp\/v2\/posts\/43179\/revisions"}],"wp:featuredmedia":[{"embeddable":true,"href":"https:\/\/www.europesays.com\/fi\/wp-json\/wp\/v2\/media\/43180"}],"wp:attachment":[{"href":"https:\/\/www.europesays.com\/fi\/wp-json\/wp\/v2\/media?parent=43179"}],"wp:term":[{"taxonomy":"category","embeddable":true,"href":"https:\/\/www.europesays.com\/fi\/wp-json\/wp\/v2\/categories?post=43179"},{"taxonomy":"post_tag","embeddable":true,"href":"https:\/\/www.europesays.com\/fi\/wp-json\/wp\/v2\/tags?post=43179"}],"curies":[{"name":"wp","href":"https:\/\/api.w.org\/{rel}","templated":true}]}}