{"id":43195,"date":"2025-09-23T14:38:07","date_gmt":"2025-09-23T14:38:07","guid":{"rendered":"https:\/\/www.europesays.com\/fi\/43195\/"},"modified":"2025-09-23T14:38:07","modified_gmt":"2025-09-23T14:38:07","slug":"nain-tanssii-tahtien-kanssa-ohjelman-pisteet-jaetaan","status":"publish","type":"post","link":"https:\/\/www.europesays.com\/fi\/43195\/","title":{"rendered":"N\u00e4in Tanssii T\u00e4htien Kanssa -ohjelman pisteet jaetaan"},"content":{"rendered":"<p><strong class=\"typography-bold\">Tanssii T\u00e4htien Kanssa -ohjelman \u00e4\u00e4nestys on her\u00e4tt\u00e4nyt somekeskusteluja sen j\u00e4lkeen, kun Mira Luoti ja Anssi Heikkil\u00e4 putosivat kilpailusta yll\u00e4tt\u00e4en toisena.\u00a0<\/strong><\/p>\n<p>TTK-\u00e4\u00e4nestys on ollut viime p\u00e4ivin\u00e4 tapetilla, <a class=\"underline\" data-testid=\"internal-link\" role=\"link\" data-sentry-element=\"Link\" data-sentry-component=\"InternalLink\" data-sentry-source-file=\"InternalLink.tsx\" href=\"https:\/\/www.mtvuutiset.fi\/artikkeli\/suora-lahetys-noin-kello-21-30-pudonnut-ttk-pari-kertoo-tunnelmistaan\/9226894\" rel=\"nofollow noopener\" target=\"_blank\">kun <strong class=\"typography-bold\">Mira Luoti<\/strong> ja <strong class=\"typography-bold\">Anssi Heikkil\u00e4<\/strong> putosivat t\u00e4ysin yll\u00e4tt\u00e4en kilpailusta toisena 21. syyskuuta.<\/a><\/p>\n<p>Somekeskusteluissa on jopa ep\u00e4ilty TTK-\u00e4\u00e4nestyksen luotettavuutta.\u00a0<\/p>\n<p>\u2013 T\u00e4m\u00e4h\u00e4n on viihdeohjelma ja ilmiselv\u00e4sti k\u00e4sikirjoitettu. Eih\u00e4n meille koskaan ole n\u00e4ytetty yleis\u00f6n antamia \u00e4\u00e4ni\u00e4. Me n\u00e4hd\u00e4\u00e4n vain tuomari\u00e4\u00e4net ja sokeina luotetaan siihen, mit\u00e4 juontajat sanoo, er\u00e4s kirjoittaa Tanssii T\u00e4htien Kanssa -Facebook-sivuilla.\u00a0<\/p>\n<p>Lue lis\u00e4\u00e4: <a class=\"underline\" data-testid=\"internal-link\" role=\"link\" data-sentry-element=\"Link\" data-sentry-component=\"InternalLink\" data-sentry-source-file=\"InternalLink.tsx\" href=\"https:\/\/www.mtvuutiset.fi\/artikkeli\/jukka-haapalainen-ihmeissaan-ttk-n-pudotuksesta-voisiko-tassa-olla-syy\/9227110\" rel=\"nofollow noopener\" target=\"_blank\">Jukka Haapalainen ihmeiss\u00e4\u00e4n TTK:n pudotuksesta: &#8221;Voisiko t\u00e4ss\u00e4 olla syy?&#8221;<\/a><\/p>\n<p>TTK-\u00e4\u00e4nestyksen logiikka on kuitenkin hyvin yksinkertainen: p\u00e4\u00e4periaate on se, ett\u00e4 tuomarien pisteet ratkaisevat 50 prosenttia ja katsojien \u00e4\u00e4net 50 prosenttia.\u00a0<\/p>\n<p>Kilpailussa sek\u00e4 yleis\u00f6n \u00e4\u00e4net ett\u00e4 tuomarien antamat pisteet muunnetaan vertailukelpoisiksi kilpailupisteiksi, kertoo MTV:n vastaava tuottaja<strong class=\"typography-bold\"> Jasmi Kuusisto<\/strong>.<\/p>\n<p>\u2013 Pisteit\u00e4 jaetaan aina sen verran kuin pareja on mukana: eniten \u00e4\u00e4ni\u00e4 saanut pari saa suurimman pistem\u00e4\u00e4r\u00e4n, toiseksi eniten \u00e4\u00e4ni\u00e4 saanut yhden pisteen v\u00e4hemm\u00e4n ja niin edelleen.\u00a0<\/p>\n<p>Lue my\u00f6s: <a class=\"underline\" data-testid=\"internal-link\" role=\"link\" data-sentry-element=\"Link\" data-sentry-component=\"InternalLink\" data-sentry-source-file=\"InternalLink.tsx\" href=\"https:\/\/www.mtvuutiset.fi\/artikkeli\/suora-lahetys-noin-kello-21-30-pudonnut-ttk-pari-kertoo-tunnelmistaan\/9226894\" rel=\"nofollow noopener\" target=\"_blank\">Mira Luoti ja Anssi Heikkil\u00e4 kommentoivat yll\u00e4tyspudotusta: &#8221;Ei t\u00e4llaista olisi osannut arvata&#8221;<\/a><\/p>\n<p>Sama logiikka koskee my\u00f6s tuomarien pisteit\u00e4. N\u00e4in sek\u00e4 yleis\u00f6n ett\u00e4 tuomarien antamat sijoitukset muuttuvat tasavertaisiksi kilpailupisteiksi, joista kumpikin vaikuttaa 50 prosenttia lopputuloksesta.<\/p>\n<p>\u2013 Yleis\u00f6- ja tuomaripisteet lasketaan yhteen, ja parit asetetaan paremmuusj\u00e4rjestykseen saadun kokonaispistem\u00e4\u00e4r\u00e4n perusteella. Jos kaksi paria p\u00e4\u00e4tyy tasapisteisiin, korkeammalle sijoittuu se, jolla on enemm\u00e4n yleis\u00f6pisteit\u00e4, mik\u00e4 korostaa yleis\u00f6n \u00e4\u00e4nten merkityst\u00e4, Kuusisto jatkaa.\u00a0<\/p>\n<p>Illan paras pari on se, jolla on suurin yhteispistem\u00e4\u00e4r\u00e4 ja kilpailusta putoaa se pari, jonka pistesaldo j\u00e4\u00e4 pienimm\u00e4ksi.<\/p>\n<p>Mira Luoti ja Anssi Heikkil\u00e4 olivat tuomaripisteiss\u00e4 nelj\u00e4nten\u00e4 22 pistell\u00e4\u00e4n. Parhaat pisteet, eli 24 pistett\u00e4, saivat sunnuntaina <strong class=\"typography-bold\">Kristiina M\u00e4kel\u00e4<\/strong> ja <strong class=\"typography-bold\">Sami Helenius<\/strong> sek\u00e4 <strong class=\"typography-bold\">Tia-Maria &#8221;Tinze&#8221; Sokka<\/strong> ja <strong class=\"typography-bold\">Valtteri Palin.<\/strong>\u00a0<\/p>\n<p>Lue lis\u00e4\u00e4: <a class=\"underline\" data-testid=\"internal-link\" role=\"link\" data-sentry-element=\"Link\" data-sentry-component=\"InternalLink\" data-sentry-source-file=\"InternalLink.tsx\" href=\"https:\/\/www.mtvuutiset.fi\/artikkeli\/suora-lahetys-ttk-n-punaiselta-matolta-nama-julkkikset-saapuvat-seuraamaan-illan-lahetysta\/9226878\" rel=\"nofollow noopener\" target=\"_blank\">N\u00e4m\u00e4 julkkikset saapuvat seuraamaan ensimm\u00e4ist\u00e4 TTK-l\u00e4hetyst\u00e4 \u2013 MTV Uutiset punaiselle matolla<\/a>Tanssii T\u00e4htien Kanssa MTV3-kanavalla ja\u00a0<a class=\"underline\" data-testid=\"external-link\" href=\"https:\/\/www.mtv.fi\/ohjelma\/5d872b916e7968c4206a\/tanssii-tahtien-kanssa\" rel=\"noopener noreferrer nofollow\" target=\"_blank\" data-sentry-component=\"ExternalLink\" data-sentry-source-file=\"ExternalLink.tsx\">MTV Katsomossa<\/a>\u00a0sunnuntaisin klo 19.30.<\/p>\n","protected":false},"excerpt":{"rendered":"Tanssii T\u00e4htien Kanssa -ohjelman \u00e4\u00e4nestys on her\u00e4tt\u00e4nyt somekeskusteluja sen j\u00e4lkeen, kun Mira Luoti ja Anssi Heikkil\u00e4 putosivat kilpailusta&hellip;\n","protected":false},"author":2,"featured_media":43196,"comment_status":"","ping_status":"","sticky":false,"template":"","format":"standard","meta":{"footnotes":""},"categories":[133],"tags":[137,33,31,30,32,206,156,109],"class_list":{"0":"post-43195","1":"post","2":"type-post","3":"status-publish","4":"format-standard","5":"has-post-thumbnail","7":"category-televisiot","8":"tag-entertainment","9":"tag-fi","10":"tag-finland","11":"tag-finnish","12":"tag-suomi","13":"tag-televisiot","14":"tag-tv","15":"tag-viihde"},"share_on_mastodon":{"url":"","error":""},"_links":{"self":[{"href":"https:\/\/www.europesays.com\/fi\/wp-json\/wp\/v2\/posts\/43195","targetHints":{"allow":["GET"]}}],"collection":[{"href":"https:\/\/www.europesays.com\/fi\/wp-json\/wp\/v2\/posts"}],"about":[{"href":"https:\/\/www.europesays.com\/fi\/wp-json\/wp\/v2\/types\/post"}],"author":[{"embeddable":true,"href":"https:\/\/www.europesays.com\/fi\/wp-json\/wp\/v2\/users\/2"}],"replies":[{"embeddable":true,"href":"https:\/\/www.europesays.com\/fi\/wp-json\/wp\/v2\/comments?post=43195"}],"version-history":[{"count":0,"href":"https:\/\/www.europesays.com\/fi\/wp-json\/wp\/v2\/posts\/43195\/revisions"}],"wp:featuredmedia":[{"embeddable":true,"href":"https:\/\/www.europesays.com\/fi\/wp-json\/wp\/v2\/media\/43196"}],"wp:attachment":[{"href":"https:\/\/www.europesays.com\/fi\/wp-json\/wp\/v2\/media?parent=43195"}],"wp:term":[{"taxonomy":"category","embeddable":true,"href":"https:\/\/www.europesays.com\/fi\/wp-json\/wp\/v2\/categories?post=43195"},{"taxonomy":"post_tag","embeddable":true,"href":"https:\/\/www.europesays.com\/fi\/wp-json\/wp\/v2\/tags?post=43195"}],"curies":[{"name":"wp","href":"https:\/\/api.w.org\/{rel}","templated":true}]}}