{"id":43212,"date":"2025-09-23T15:03:11","date_gmt":"2025-09-23T15:03:11","guid":{"rendered":"https:\/\/www.europesays.com\/fi\/43212\/"},"modified":"2025-09-23T15:03:11","modified_gmt":"2025-09-23T15:03:11","slug":"kirja-arvostelu-pieleen-menevan-kirjamessuhaastattelun-kuvaus-on-parhaimmillaan-hulvatonta-hotakaista-ts-fi","status":"publish","type":"post","link":"https:\/\/www.europesays.com\/fi\/43212\/","title":{"rendered":"Kirja-arvostelu | Pieleen menev\u00e4n kirjamessuhaastattelun kuvaus on parhaimmillaan hulvatonta Hotakaista &#8211; ts.fi"},"content":{"rendered":"<ol>\n<li><a href=\"https:\/\/news.google.com\/rss\/articles\/CBMiS0FVX3lxTE91VWNKVGZwVGFoNzBuc0hnMXlEMHNIajNGMndfcmVkUmE4VGRaQWZYZzFMYTNVOVJ1TjZEWTZPNnNxUmtqR0NWMk03MA?oc=5\" target=\"_blank\" rel=\"nofollow noopener\">Kirja-arvostelu | Pieleen menev\u00e4n kirjamessuhaastattelun kuvaus on parhaimmillaan hulvatonta Hotakaista<\/a>&nbsp;&nbsp;ts.fi<\/li>\n<li><a href=\"https:\/\/news.google.com\/rss\/articles\/CBMixgFBVV95cUxOc2JtdThqRjhHaFdEdkZnYUZpZkk4WWlZc2JUVmgxZE4zS0gxbW1VaWVlS1hyOXdjVDd4aGdUbjJqalpNQ3JVeTZuYzI5Wlk2dndRY2h6RHl4Yno0YmpTcm1Od09Ucjl5S2VrSVhxR3pON0IydlMzZnlzUWd2YTM0UjlBOVhpRGpGQXBHckdaLVZ6cXJIaDFRVml1bHExUkV4RGpIcm94c0NYc2tiUUNaeTdlNU9qbllscTgzdzB1WVVyTDlyU0E?oc=5\" target=\"_blank\" rel=\"nofollow noopener\">Kari Hotakaisen Kirjamessut-n\u00e4ytelm\u00e4 ilmestyy my\u00f6s kirjana<\/a>&nbsp;&nbsp;STT Info<\/li>\n<li><a href=\"https:\/\/news.google.com\/rss\/articles\/CBMiS0FVX3lxTFBRdjhvZkxWd1U2eEJVT1QyNmROSlhjX1pLbXliRkZxcjdnOV9pd1RkeG9hTDdCTDRmeUcwV2hUU3Z0WDVKbGd0ODZsQQ?oc=5\" target=\"_blank\" rel=\"nofollow noopener\">Kirjamessut ja haastattelu, joka meni p\u00e4in helvetti\u00e4 \u2013 katso Kari Hotakainen ja Vilja-Tuulia Huotarinen klubilla<\/a>&nbsp;&nbsp;ts.fi<\/li>\n<li><a href=\"https:\/\/news.google.com\/rss\/articles\/CBMiS0FVX3lxTFB6OXd4bHlYbmdjSnV5RzZ4dkZhSGFzVGZYSVBfRE9JRm42WjJsUWdic1ZjVmhEcHZOMl9TU05XZ0o2R0U4NDNTaFYyYw?oc=5\" target=\"_blank\" rel=\"nofollow noopener\">Konkarit kertovat: Kari Hotakainen ja Vilja-Tuulia Huotarinen puhuvat klubilla kirjamessuista<\/a>&nbsp;&nbsp;ts.fi<\/li>\n<\/ol>\n","protected":false},"excerpt":{"rendered":"Kirja-arvostelu | Pieleen menev\u00e4n kirjamessuhaastattelun kuvaus on parhaimmillaan hulvatonta Hotakaista&nbsp;&nbsp;ts.fi Kari Hotakaisen Kirjamessut-n\u00e4ytelm\u00e4 ilmestyy my\u00f6s kirjana&nbsp;&nbsp;STT Info Kirjamessut&hellip;\n","protected":false},"author":2,"featured_media":43213,"comment_status":"","ping_status":"","sticky":false,"template":"","format":"standard","meta":{"footnotes":""},"categories":[134],"tags":[377,137,33,31,30,378,32,109],"class_list":{"0":"post-43212","1":"post","2":"type-post","3":"status-publish","4":"format-standard","5":"has-post-thumbnail","7":"category-kirjat","8":"tag-books","9":"tag-entertainment","10":"tag-fi","11":"tag-finland","12":"tag-finnish","13":"tag-kirjat","14":"tag-suomi","15":"tag-viihde"},"share_on_mastodon":{"url":"","error":""},"_links":{"self":[{"href":"https:\/\/www.europesays.com\/fi\/wp-json\/wp\/v2\/posts\/43212","targetHints":{"allow":["GET"]}}],"collection":[{"href":"https:\/\/www.europesays.com\/fi\/wp-json\/wp\/v2\/posts"}],"about":[{"href":"https:\/\/www.europesays.com\/fi\/wp-json\/wp\/v2\/types\/post"}],"author":[{"embeddable":true,"href":"https:\/\/www.europesays.com\/fi\/wp-json\/wp\/v2\/users\/2"}],"replies":[{"embeddable":true,"href":"https:\/\/www.europesays.com\/fi\/wp-json\/wp\/v2\/comments?post=43212"}],"version-history":[{"count":0,"href":"https:\/\/www.europesays.com\/fi\/wp-json\/wp\/v2\/posts\/43212\/revisions"}],"wp:featuredmedia":[{"embeddable":true,"href":"https:\/\/www.europesays.com\/fi\/wp-json\/wp\/v2\/media\/43213"}],"wp:attachment":[{"href":"https:\/\/www.europesays.com\/fi\/wp-json\/wp\/v2\/media?parent=43212"}],"wp:term":[{"taxonomy":"category","embeddable":true,"href":"https:\/\/www.europesays.com\/fi\/wp-json\/wp\/v2\/categories?post=43212"},{"taxonomy":"post_tag","embeddable":true,"href":"https:\/\/www.europesays.com\/fi\/wp-json\/wp\/v2\/tags?post=43212"}],"curies":[{"name":"wp","href":"https:\/\/api.w.org\/{rel}","templated":true}]}}