{"id":43214,"date":"2025-09-23T15:04:09","date_gmt":"2025-09-23T15:04:09","guid":{"rendered":"https:\/\/www.europesays.com\/fi\/43214\/"},"modified":"2025-09-23T15:04:09","modified_gmt":"2025-09-23T15:04:09","slug":"helmeri-piriselta-hammentava-suhdeselitys","status":"publish","type":"post","link":"https:\/\/www.europesays.com\/fi\/43214\/","title":{"rendered":"Helmeri Piriselt\u00e4 h\u00e4mment\u00e4v\u00e4 suhdeselitys"},"content":{"rendered":"<p>            Atte Kajova\n        <\/p>\n<p class=\"subtitle \">Helmeri Pirinen jaksaa olla avoin mutta salaper\u00e4inen.<\/p>\n<p class=\"article-content article-content-width !bg-background\">Aikanaan Big Brother -ohjelmasta kansan tietoisuuteen noussut  on kiireinen mies.\u00a0<\/p>\n<p class=\"font-weight-bold m-font-weight-bold article-content article-content-width !bg-background\">Videolla Niko Saarinen hiillostaa Helmeri\u00e4 ja Anua vuonna 2020<\/p>\n<p class=\"article-content article-content-width !bg-background\">El\u00e4m\u00e4\u00e4 tahdittaa oman potkulautaliikkeen py\u00f6ritt\u00e4minen ja scoot-lautailun ajaminen olympialajiksi. Aiheen ymp\u00e4rill\u00e4 Helmeri on jo kovan luokan kansainv\u00e4linen vaikuttaja, ja mukana lajin kansainv\u00e4lisess\u00e4 kattoj\u00e4rjest\u00f6ss\u00e4.<\/p>\n<p>        <a itemprop=\"url\" href=\"https:\/\/www.seiska.fi\/kotimaa\/helmeri-pirinen-avautuu-ongelmastaan\/1883718\" rel=\"nofollow noopener\" target=\"_blank\"><\/p>\n<p>\nHelmeri Pirinen\n<\/p>\n<p class=\"section-date\">\n        <strong class=\"article-section\" data-section=\"kotimaa\"><br \/>\n            kotimaa<br \/>\n        <\/strong><br \/>\n        31.7. 15:31\n    <\/p>\n<p>    Helmeri Pirinen avautuu ongelmastaan<\/p>\n<p itemprop=\"description\" class=\"subtitle \">\n    Helmeri tunnustaa paheensa ryhdikk\u00e4\u00e4sti ja pyyt\u00e4\u00e4 anteeksi omalta siskoltaan.\n<\/p>\n<p>        <\/a><\/p>\n<p>                <img decoding=\"async\" src=\"https:\/\/www.europesays.com\/fi\/wp-content\/uploads\/2025\/09\/1937991.webp\" width=\"576\" height=\"322\" alt=\"Helmerill\u00e4 on suuria suunnitelmia scoottauksen saralla.\" loading=\"lazy\" \/>            <\/p>\n<p>\n            Helmerill\u00e4 on suuria suunnitelmia scoottauksen saralla.<br \/>\n            ATTE KAJOVA\n        <\/p>\n<p class=\"article-content article-content-width !bg-background\">\u2013 Siksi en voisi itse osallistua olympialaisiin kilpailijana, vaikka mieli tekisi, Helmeri harmitteli Rymy-Eetun Oktoberfest-avajaisissa.<\/p>\n<p>Tutussa seurassa\u00a0<\/p>\n<p class=\"article-content article-content-width !bg-background\">Helmerin on-off-kuviot toisen BB-t\u00e4hden,  kanssa jatkuvat entiseen malliin. Pariskunta on ollut yhdess\u00e4 ja eronnut moneen kertaan ja nytkin Anu viihtyi tiiviisti Helmerin kyljess\u00e4 kiinni.<\/p>\n<p class=\"article-content article-content-width !bg-background\">\u2013 Kyll\u00e4h\u00e4n me viihdymme ihan hirve\u00e4n hyvin yhdess\u00e4 ja t\u00e4nnekin tulimme kaksin, Helmeri kuvaili, mutta samaan hengenvetoon pariskunta ilmoitti, ettei en\u00e4\u00e4 kommentoi suhteensa laatua julkisuudessa.<\/p>\n<p>        <a itemprop=\"url\" href=\"https:\/\/www.seiska.fi\/kotimaa\/anu-puumalaisen-rohkea-festariasu-kuva\/1902137\" rel=\"nofollow noopener\" target=\"_blank\"><\/p>\n<p>\nRohkea asu!\n<\/p>\n<p class=\"section-date\">\n        <strong class=\"article-section\" data-section=\"kotimaa\"><br \/>\n            kotimaa<br \/>\n        <\/strong><br \/>\n        17.8. 18:30\n    <\/p>\n<p>    Anu Puumalaisen rohkea festariasu \u2013 kuva<\/p>\n<p itemprop=\"description\" class=\"subtitle \">\n    Anu Puumalainen villitsi festareilla rohkeassa asussa.\n<\/p>\n<p>        <\/a><\/p>\n<p>                <img decoding=\"async\" src=\"https:\/\/www.europesays.com\/fi\/wp-content\/uploads\/2025\/09\/1937989.webp\" width=\"576\" height=\"720\" alt=\"Helmeri ja Anu poseeraavat pariskunnan elkein.\" loading=\"lazy\" \/>            <\/p>\n<p>\n            Helmeri ja Anu poseeraavat pariskunnan elkein.<br \/>\n            ATTE KAJOVA\n        <\/p>\n<p class=\"article-content article-content-width !bg-background\">P\u00e4\u00e4t\u00f6ksen taustalla voi hyvinkin olla my\u00f6s Anun Onlyfans-yritt\u00e4jyys. Seksuaalisen materiaalin myynniss\u00e4 on p\u00e4\u00e4s\u00e4\u00e4nt\u00f6isesti plussaa, jos syntyy mielikuva sinkkunaisesta.<\/p>\n<p>        <a itemprop=\"url\" href=\"https:\/\/www.seiska.fi\/kotimaa\/ei-herkille-helmeri-pirisen-kalastaman-kalan-sisalta-loytyi-allottava-yllatys\/1840827\" rel=\"nofollow noopener\" target=\"_blank\"><\/p>\n<p>\nEi herkille!\n<\/p>\n<p class=\"section-date\">\n        <strong class=\"article-section\" data-section=\"kotimaa\"><br \/>\n            kotimaa<br \/>\n        <\/strong><br \/>\n        17.6. 20:50\n    <\/p>\n<p>    Ei herkille! Helmeri Pirisen kalastaman kalan sis\u00e4lt\u00e4 l\u00f6ytyi \u00e4ll\u00f6tt\u00e4v\u00e4 yll\u00e4tys<\/p>\n<p itemprop=\"description\" class=\"subtitle \">\n    Kalareissu sai groteskin k\u00e4\u00e4nteen.\n<\/p>\n<p>        <\/a><\/p>\n<p class=\"article-content article-content-width !bg-background\"> \u2013 Siell\u00e4 on t\u00e4ytt\u00e4 kuhinaa, mik\u00e4 on ollut ihan hauskaa! Siell\u00e4 ei pelk\u00e4st\u00e4\u00e4n n\u00e4y min\u00e4, vaan siell\u00e4 voi esiinty\u00e4 muitakin henkil\u00f6it\u00e4, Anu vihjasi kes\u00e4ll\u00e4 Seiskalle.\u00a0<\/p>\n<p>                <img decoding=\"async\" src=\"https:\/\/www.europesays.com\/fi\/wp-content\/uploads\/2025\/09\/1937993.webp\" width=\"576\" height=\"322\" alt=\"Anu myy itsest\u00e4\u00e4n eroottisia sis\u00e4lt\u00f6j\u00e4 ja suhde Helmeriin pidet\u00e4\u00e4n vain edustusk\u00e4yt\u00f6ss\u00e4.\" loading=\"lazy\" \/>            <\/p>\n<p>\n            Anu myy itsest\u00e4\u00e4n eroottisia sis\u00e4lt\u00f6j\u00e4 ja suhde Helmeriin pidet\u00e4\u00e4n vain edustusk\u00e4yt\u00f6ss\u00e4.<br \/>\n            ATTE KAJOVA\n        <\/p>\n","protected":false},"excerpt":{"rendered":"Atte Kajova Helmeri Pirinen jaksaa olla avoin mutta salaper\u00e4inen. Aikanaan Big Brother -ohjelmasta kansan tietoisuuteen noussut on kiireinen&hellip;\n","protected":false},"author":2,"featured_media":43215,"comment_status":"","ping_status":"","sticky":false,"template":"","format":"standard","meta":{"footnotes":""},"categories":[133],"tags":[11336,137,33,31,30,11337,11335,651,32,206,156,109],"class_list":{"0":"post-43214","1":"post","2":"type-post","3":"status-publish","4":"format-standard","5":"has-post-thumbnail","7":"category-televisiot","8":"tag-anu-puumalainen","9":"tag-entertainment","10":"tag-fi","11":"tag-finland","12":"tag-finnish","13":"tag-helmeri-pirinen","14":"tag-on-off-suhde","15":"tag-suhteet","16":"tag-suomi","17":"tag-televisiot","18":"tag-tv","19":"tag-viihde"},"share_on_mastodon":{"url":"","error":""},"_links":{"self":[{"href":"https:\/\/www.europesays.com\/fi\/wp-json\/wp\/v2\/posts\/43214","targetHints":{"allow":["GET"]}}],"collection":[{"href":"https:\/\/www.europesays.com\/fi\/wp-json\/wp\/v2\/posts"}],"about":[{"href":"https:\/\/www.europesays.com\/fi\/wp-json\/wp\/v2\/types\/post"}],"author":[{"embeddable":true,"href":"https:\/\/www.europesays.com\/fi\/wp-json\/wp\/v2\/users\/2"}],"replies":[{"embeddable":true,"href":"https:\/\/www.europesays.com\/fi\/wp-json\/wp\/v2\/comments?post=43214"}],"version-history":[{"count":0,"href":"https:\/\/www.europesays.com\/fi\/wp-json\/wp\/v2\/posts\/43214\/revisions"}],"wp:featuredmedia":[{"embeddable":true,"href":"https:\/\/www.europesays.com\/fi\/wp-json\/wp\/v2\/media\/43215"}],"wp:attachment":[{"href":"https:\/\/www.europesays.com\/fi\/wp-json\/wp\/v2\/media?parent=43214"}],"wp:term":[{"taxonomy":"category","embeddable":true,"href":"https:\/\/www.europesays.com\/fi\/wp-json\/wp\/v2\/categories?post=43214"},{"taxonomy":"post_tag","embeddable":true,"href":"https:\/\/www.europesays.com\/fi\/wp-json\/wp\/v2\/tags?post=43214"}],"curies":[{"name":"wp","href":"https:\/\/api.w.org\/{rel}","templated":true}]}}