{"id":43218,"date":"2025-09-23T15:07:09","date_gmt":"2025-09-23T15:07:09","guid":{"rendered":"https:\/\/www.europesays.com\/fi\/43218\/"},"modified":"2025-09-23T15:07:09","modified_gmt":"2025-09-23T15:07:09","slug":"tapio-ketolan-muistisairaus-alkoi-kohtauksella-vuokatin-lomareissulla-jos-olisin-yksin-olisin-aivan-hukassa","status":"publish","type":"post","link":"https:\/\/www.europesays.com\/fi\/43218\/","title":{"rendered":"Tapio Ketolan muistisairaus alkoi kohtauksella Vuokatin-lomareissulla: \u201dJos olisin yksin, olisin aivan hukassa\u201d"},"content":{"rendered":"<p>                                  Ihmiset<\/p>\n<p>                <img loading=\"lazy\" decoding=\"async\" itemprop=\"contentUrl\" class=\"figure-img img-fluid\"  src=\"https:\/\/www.europesays.com\/fi\/wp-content\/uploads\/2025\/09\/1758640028_212_imengine.public.prod.hil.infomaker.io\" width=\"4252\" height=\"2835\"  alt=\"\"\/><\/p>\n<p>                                    Tapio Ketola sai vuonna 2022 alzheimer-diagnoosin. Diagnoosiin liittyvi\u00e4 dokumentteja selailemassa h\u00e4nen vaimonsa Terttu Ketola.<br \/>\n                                                    Kuva:<br \/>\n                    Jukka Lehoj\u00e4rvi<\/p>\n<p class=\"ew-preamble\" itemprop=\"description\">Alzheimerin taudissa riitti sulattelemista Tapio Ketolalle. H\u00e4n l\u00f6ysi kuitenkin menetelm\u00e4t, jotka pit\u00e4v\u00e4t h\u00e4net toimintakykyisen\u00e4. Aivot rakentavat uusia liitoksia.<\/p>\n<p>      MAINOS &#8211; juttu jatkuu mainoksen j\u00e4lkeen<\/p>\n<p>      MAINOS &#8211; mainos p\u00e4\u00e4ttyy<\/p>\n<p class=\"ew-body\"><strong id=\"strong-aa614d6b26cad0f33477a673a8a768ef\">Tapio Ketola<\/strong> t\u00e4ytt\u00e4\u00e4 itse l\u00e4\u00e4kedosetin, sill\u00e4 h\u00e4n haluaa pit\u00e4\u00e4 kiinni el\u00e4m\u00e4st\u00e4 niin kauan kuin mahdollista.<\/p>\n<p class=\"ew-body\">\u2013 Kyll\u00e4 min\u00e4 tied\u00e4n, ett\u00e4 Terttu k\u00e4y tarkistamassa, mutta ei h\u00e4n minulle sano mit\u00e4\u00e4n, etten pahoita mielt\u00e4, h\u00e4n sanoo.<\/p>\n<p class=\"ew-body\">Terttu on Tapion el\u00e4m\u00e4n rakkain ja t\u00e4rkein ihminen. Ensi vuoden tammikuussa<\/p>\n<p>  <a class=\"btn btn-secondary btn-icon-left\" href=\"#coral_thread\"><br \/>\n    <img decoding=\"async\" src=\"https:\/\/www.kainuunsanomat.fi\/wp-content\/themes\/hilla-theme\/assets\/img\/icon_comments.svg\" alt=\"\"\/><br \/>\n    Kommentoi<br \/>\n  <\/a><\/p>\n<p>  <a class=\"btn btn-secondary btn-icon-left mailto_web\" href=\"mailto:toimitus@kainuunsanomat.fi?subject=Ilmoita%20asiavirheest%C3%A4&amp;body=Otsikko%3A%20Tapio%20Ketolan%20muistisairaus%20alkoi%20kohtauksella%20Vuokatin-lomareissulla%3A%20%E2%80%9DJos%20olisin%20yksin%2C%20olisin%20aivan%20hukassa%E2%80%9D%0AUuid%3A%20f88dd939-541a-4e85-a96e-27c2f110b662%0AUrl%3A%20https%3A%2F%2Fwww.kainuunsanomat.fi%2Fartikkeli%2Ftapio-ketolan-muistisairaus-alkoi-kohtauksella-vuokatin-lomareissulla-jos-olisin-yksin-olisin-aiv\"><br \/>\n    <img decoding=\"async\" src=\"https:\/\/www.kainuunsanomat.fi\/wp-content\/themes\/hilla-theme\/assets\/img\/icon_feedback.svg\" alt=\"\"\/><br \/>\n    Ilmoita asiavirheest\u00e4<br \/>\n  <\/a><\/p>\n","protected":false},"excerpt":{"rendered":"Ihmiset Tapio Ketola sai vuonna 2022 alzheimer-diagnoosin. Diagnoosiin liittyvi\u00e4 dokumentteja selailemassa h\u00e4nen vaimonsa Terttu Ketola. Kuva: Jukka Lehoj\u00e4rvi&hellip;\n","protected":false},"author":2,"featured_media":43219,"comment_status":"","ping_status":"","sticky":false,"template":"","format":"standard","meta":{"footnotes":""},"categories":[165],"tags":[33,31,30,166,32,167],"class_list":{"0":"post-43218","1":"post","2":"type-post","3":"status-publish","4":"format-standard","5":"has-post-thumbnail","7":"category-terveys","8":"tag-fi","9":"tag-finland","10":"tag-finnish","11":"tag-health","12":"tag-suomi","13":"tag-terveys"},"share_on_mastodon":{"url":"","error":""},"_links":{"self":[{"href":"https:\/\/www.europesays.com\/fi\/wp-json\/wp\/v2\/posts\/43218","targetHints":{"allow":["GET"]}}],"collection":[{"href":"https:\/\/www.europesays.com\/fi\/wp-json\/wp\/v2\/posts"}],"about":[{"href":"https:\/\/www.europesays.com\/fi\/wp-json\/wp\/v2\/types\/post"}],"author":[{"embeddable":true,"href":"https:\/\/www.europesays.com\/fi\/wp-json\/wp\/v2\/users\/2"}],"replies":[{"embeddable":true,"href":"https:\/\/www.europesays.com\/fi\/wp-json\/wp\/v2\/comments?post=43218"}],"version-history":[{"count":0,"href":"https:\/\/www.europesays.com\/fi\/wp-json\/wp\/v2\/posts\/43218\/revisions"}],"wp:featuredmedia":[{"embeddable":true,"href":"https:\/\/www.europesays.com\/fi\/wp-json\/wp\/v2\/media\/43219"}],"wp:attachment":[{"href":"https:\/\/www.europesays.com\/fi\/wp-json\/wp\/v2\/media?parent=43218"}],"wp:term":[{"taxonomy":"category","embeddable":true,"href":"https:\/\/www.europesays.com\/fi\/wp-json\/wp\/v2\/categories?post=43218"},{"taxonomy":"post_tag","embeddable":true,"href":"https:\/\/www.europesays.com\/fi\/wp-json\/wp\/v2\/tags?post=43218"}],"curies":[{"name":"wp","href":"https:\/\/api.w.org\/{rel}","templated":true}]}}