{"id":43220,"date":"2025-09-23T15:08:08","date_gmt":"2025-09-23T15:08:08","guid":{"rendered":"https:\/\/www.europesays.com\/fi\/43220\/"},"modified":"2025-09-23T15:08:08","modified_gmt":"2025-09-23T15:08:08","slug":"ex-urheilija-jai-rysan-paalta-kiinni-10-vuodeksi-vankilaan-ruotsissa","status":"publish","type":"post","link":"https:\/\/www.europesays.com\/fi\/43220\/","title":{"rendered":"Ex-urheilija j\u00e4i rys\u00e4n p\u00e4\u00e4lt\u00e4 kiinni \u2013 10 vuodeksi vankilaan Ruotsissa"},"content":{"rendered":"<p>Tuomittu mies pelasi urallaan nuorten maajoukkueessa.<\/p>\n<p><img decoding=\"async\" class=\"image image-show image-preview\" src=\"https:\/\/www.europesays.com\/fi\/wp-content\/uploads\/2025\/09\/7ce0c2c8edd0646014e13912a05e363923b98f5aae1e41fee4957bbb95cefb49.jpg\" alt=\"\"\/><img decoding=\"async\" class=\"image image-show\" src=\"https:\/\/www.europesays.com\/fi\/wp-content\/uploads\/2025\/09\/1758640088_108_7ce0c2c8edd0646014e13912a05e363923b98f5aae1e41fee4957bbb95cefb49.jpg\" alt=\"\"\/><\/p>\n<p>Tuomitulla ex-urheilijalla oli my\u00f6s yksi aiempi huumetuomio vuodelta 2021. AOP<\/p>\n<p class=\"paragraph\"><a href=\"https:\/\/www.aftonbladet.se\/sportbladet\/fotboll\/a\/wgwdL4\/tidigare-fotbollsspelaren-i-allsvenskan-domd-till-langt-fangelsestraff\" target=\"_blank\" rel=\"noopener nofollow\">Aftonbladet<\/a> uutisoi tiistaina, ett\u00e4 Ruotsin nuorten jalkapallomaajoukkuetta edustanut entinen jalkapalloilija on tuomittu 10 vuoden vankeusrangaistukseen.<\/p>\n<p class=\"paragraph\">Kyseinen pelaaja ehti pelata usean kauden ajan my\u00f6s Ruotsin p\u00e4\u00e4sarjassa Allsvenskanissa.<\/p>\n<p class=\"paragraph\">Futisuran j\u00e4lkeen miehen el\u00e4m\u00e4 l\u00e4hti rajuun sy\u00f6ksyyn. H\u00e4n on kertonut olevansa rahaongelmissa uhkapeliriippuvuuden aikana.<\/p>\n<p class=\"paragraph\">Rahaa h\u00e4n yritti hankkia laittomuuksilla, joista nyt tuli pitk\u00e4 kakku.<\/p>\n<p class=\"paragraph\">Ex-jalkapalloilija j\u00e4i viime lokakuussa kiinni rys\u00e4n p\u00e4\u00e4lt\u00e4. H\u00e4n oli ryhm\u00e4ns\u00e4 kanssa tuomassa laittomasti maahan valtavaa huumelastia Hollannista. Salakuljetusautoon oli piilotettu noin 20 kilogrammaa kokaiinia, kolme k\u00e4siasetta ja automaattiase.<\/p>\n<p class=\"paragraph\">Mies itse ajoi edell\u00e4 olevaa autoa, jonka tarkoitus oli varoittaa poliiseista. Poliisi oli kuitenkin p\u00e4\u00e4ssyt j\u00e4ljille rikoksesta, ja pys\u00e4ytti henkil\u00f6t Hollannissa.<\/p>\n<p class=\"paragraph\">K\u00e4r\u00e4j\u00e4oikeus tuomitsi entisen jalkapalloilijan ja kaksi muuta henkil\u00f6\u00e4 kymmenen vuoden ja nelj\u00e4n kuukauden vankeusrangaistukseen.<\/p>\n","protected":false},"excerpt":{"rendered":"Tuomittu mies pelasi urallaan nuorten maajoukkueessa. Tuomitulla ex-urheilijalla oli my\u00f6s yksi aiempi huumetuomio vuodelta 2021. AOP Aftonbladet uutisoi&hellip;\n","protected":false},"author":2,"featured_media":43221,"comment_status":"","ping_status":"","sticky":false,"template":"","format":"standard","meta":{"footnotes":""},"categories":[158],"tags":[35,33,31,30,43,42,53,41,38,159,32,160],"class_list":{"0":"post-43220","1":"post","2":"type-post","3":"status-publish","4":"format-standard","5":"has-post-thumbnail","7":"category-urheilu","8":"tag-24h","9":"tag-fi","10":"tag-finland","11":"tag-finnish","12":"tag-jalkapallo","13":"tag-jalkapalloon-perustuvat-lajit","14":"tag-laki-oikeus-ja-rikos","15":"tag-liikunta-ja-urheilu","16":"tag-rikos","17":"tag-sports","18":"tag-suomi","19":"tag-urheilu"},"share_on_mastodon":{"url":"","error":""},"_links":{"self":[{"href":"https:\/\/www.europesays.com\/fi\/wp-json\/wp\/v2\/posts\/43220","targetHints":{"allow":["GET"]}}],"collection":[{"href":"https:\/\/www.europesays.com\/fi\/wp-json\/wp\/v2\/posts"}],"about":[{"href":"https:\/\/www.europesays.com\/fi\/wp-json\/wp\/v2\/types\/post"}],"author":[{"embeddable":true,"href":"https:\/\/www.europesays.com\/fi\/wp-json\/wp\/v2\/users\/2"}],"replies":[{"embeddable":true,"href":"https:\/\/www.europesays.com\/fi\/wp-json\/wp\/v2\/comments?post=43220"}],"version-history":[{"count":0,"href":"https:\/\/www.europesays.com\/fi\/wp-json\/wp\/v2\/posts\/43220\/revisions"}],"wp:featuredmedia":[{"embeddable":true,"href":"https:\/\/www.europesays.com\/fi\/wp-json\/wp\/v2\/media\/43221"}],"wp:attachment":[{"href":"https:\/\/www.europesays.com\/fi\/wp-json\/wp\/v2\/media?parent=43220"}],"wp:term":[{"taxonomy":"category","embeddable":true,"href":"https:\/\/www.europesays.com\/fi\/wp-json\/wp\/v2\/categories?post=43220"},{"taxonomy":"post_tag","embeddable":true,"href":"https:\/\/www.europesays.com\/fi\/wp-json\/wp\/v2\/tags?post=43220"}],"curies":[{"name":"wp","href":"https:\/\/api.w.org\/{rel}","templated":true}]}}