{"id":43250,"date":"2025-09-23T15:41:07","date_gmt":"2025-09-23T15:41:07","guid":{"rendered":"https:\/\/www.europesays.com\/fi\/43250\/"},"modified":"2025-09-23T15:41:07","modified_gmt":"2025-09-23T15:41:07","slug":"nain-verotus-muuttuu-lista-ensi-vuoden-suurimmat-muutokset","status":"publish","type":"post","link":"https:\/\/www.europesays.com\/fi\/43250\/","title":{"rendered":"N\u00e4in verotus muuttuu \u2013 Lista: Ensi vuoden suurimmat muutokset"},"content":{"rendered":"<p>Hallitus esitt\u00e4\u00e4 ensi vuoden talousarvioesityksess\u00e4 verotuksen muutoksia. T\u00e4ss\u00e4 niist\u00e4 keskeisimm\u00e4t.<\/p>\n<p><img decoding=\"async\" class=\"image image-show image-preview\" src=\"https:\/\/www.europesays.com\/fi\/wp-content\/uploads\/2025\/09\/df8d1ed6a233c8568c8912417bf5032bcb579a857c4046ab800c525acad6635a.jpg\" alt=\"\"\/><img decoding=\"async\" class=\"image image-show\" src=\"https:\/\/www.europesays.com\/fi\/wp-content\/uploads\/2025\/09\/1758642067_944_df8d1ed6a233c8568c8912417bf5032bcb579a857c4046ab800c525acad6635a.jpg\" alt=\"\"\/><\/p>\n<p>Valtiovarainministeri Riikka Purra (ps) ja p\u00e4\u00e4ministeri Petteri Orpo (kok). Lauri Heikkinen, valtioneuvoston kanslia<\/p>\n<p class=\"paragraph\">Orpon (kok) hallitus julkaisi maanantaina kokonaisuudessaan esityksens\u00e4 ensi vuoden valtiontalouden budjetiksi.<\/p>\n<p class=\"paragraph\">Ty\u00f6n verotusta kevennet\u00e4\u00e4n yhteens\u00e4 noin miljardilla eurolla vuonna 2026.<\/p>\n<p class=\"paragraph\">Pieni- ja keskituloisten verotusta kevennet\u00e4\u00e4n kasvattamalla ty\u00f6tulov\u00e4hennyst\u00e4 noin 620 miljoonalla eurolla. Ty\u00f6tulov\u00e4hennyksen lapsikorotusta korotetaan 100 miljoonalla eurolla.<\/p>\n<p class=\"paragraph\">Ylin marginaaliveroaste alennetaan noin 52 prosenttiin.<\/p>\n<p class=\"paragraph\">Avainhenkil\u00f6iden l\u00e4hdevero alennetaan 25 prosenttiin ja sen soveltamisalaa laajennetaan kotimaahan palaaviin Suomen kansalaisiin.<\/p>\n<p> Hallituksen budjettiesitys<\/p>\n<p>Veropohjan tiivistys<\/p>\n<p class=\"paragraph\">Veronkevennysten rahoittamiseksi veropohjaa tiivistet\u00e4\u00e4n poistamalla ty\u00f6markkinaj\u00e4rjest\u00f6jen j\u00e4senmaksujen v\u00e4hennyskelpoisuus sek\u00e4 ty\u00f6ntekij\u00f6ilt\u00e4 ett\u00e4 ty\u00f6nantajilta.<\/p>\n<p class=\"paragraph\">My\u00f6s palkkatulojen hankkimiseen liittyv\u00e4 ty\u00f6huonev\u00e4hennys ja ty\u00f6suhdepolkupy\u00f6r\u00e4edun verovapaus poistuvat.<\/p>\n<p class=\"paragraph\">Ty\u00f6suhdepolkupy\u00f6r\u00e4edun verovapaus poistuu vain niilt\u00e4 sopimuksilta, jotka on solmittu kev\u00e4\u00e4n 2025 kehysriihen j\u00e4lkeen.<\/p>\n<p class=\"paragraph\">Jos ty\u00f6nantaja ja ty\u00f6ntekij\u00e4 ovat sopineet polkupy\u00f6r\u00e4edun k\u00e4ytt\u00f6\u00f6notosta ja jompikumpi on tehnyt py\u00f6r\u00e4n tilaussopimuksen viimeist\u00e4\u00e4n 23. huhtikuuta 2025, etu s\u00e4ilyy verovapaana koko sopimuskauden ajan, kuitenkin enint\u00e4\u00e4n siihen asti, kun edun k\u00e4ytt\u00f6\u00f6notosta on kulunut viisi vuotta.<\/p>\n<p>Lis\u00e4kauppahinnan verokohtelu<\/p>\n<p class=\"paragraph\">Valtiovarainministeri\u00f6n tiedotteen mukaan luovutusvoittoverotus ja varainsiirtoverotus muuttuvat ehdollisen lis\u00e4kauppahinnan osalta. Kaupantekovuoden j\u00e4lkeen vahvistuvan lis\u00e4kauppahinnan osalta luovutusvoitto verotetaan sen verovuoden verotuksessa, jona ehdollisen lis\u00e4kauppahinnan peruste ja m\u00e4\u00e4r\u00e4 vahvistuvat.<\/p>\n<p class=\"paragraph\">Lis\u00e4vastikkeesta on suoritettava varainsiirtovero poikkeuksellisesti vasta kahden kuukauden kuluessa siit\u00e4, kun lis\u00e4vastikkeen peruste ja m\u00e4\u00e4r\u00e4 vahvistuvat, jos lis\u00e4vastike vahvistuu varainsiirtoveron suorittamiselle s\u00e4\u00e4detyn m\u00e4\u00e4r\u00e4ajan j\u00e4lkeen.<\/p>\n<p>Lahjoitusv\u00e4hennyksen jatko<\/p>\n<p class=\"paragraph\">Lahjoitusv\u00e4hennyksen muuttamista koskevat ehdotukset on siirretty jatkovalmisteluun, ja asiasta annetaan erillinen hallituksen esitys my\u00f6hemmin loppuvuoden aikana.<\/p>\n<p class=\"paragraph\">Tarkoituksena on s\u00e4ilytt\u00e4\u00e4 yliopistoja ja korkeakouluja koskeva lahjoitusv\u00e4hennys nykyisell\u00e4\u00e4n.<\/p>\n<p>Perint\u00f6- ja lahjaveron alaraja nousee<\/p>\n<p class=\"paragraph\">Perint\u00f6osuuden alarajaa korotetaan 20 000 eurosta 30 000 euroon. Lahjan verovapaus nousee 5 000 eurosta 7 500 euroon.<\/p>\n<p class=\"paragraph\">Lis\u00e4ksi perint\u00f6veron viiv\u00e4styskoron korkomarginaalia alennetaan. Viiv\u00e4styskorko olisi Suomen Pankin vahvistama viitekorko lis\u00e4ttyn\u00e4 kahdella prosenttiyksik\u00f6ll\u00e4 nykyisen 3,5 prosenttiyksik\u00f6n lis\u00e4yksen sijasta.<\/p>\n<p>Muutoksia arvonlis\u00e4verokantoihin<\/p>\n<p class=\"paragraph\">Nykyisin 14 prosentin alennettuun arvonlis\u00e4verokantaan kuuluvien hy\u00f6dykkeiden verokanta laskee 13,5 prosenttiin. Muutos koskee esimerkiksi elintarvikkeita ja l\u00e4\u00e4kkeit\u00e4.<\/p>\n<p class=\"paragraph\">My\u00f6s yleisradiotoimintaan sovelletaan 13,5 prosentin verokantaa nykyisen kymmenen prosentin sijaan.<\/p>\n<p>Tupakka- ja alkoholiverot nousevat<\/p>\n<p class=\"paragraph\">S\u00e4hk\u00f6savukenesteiden ja nikotiinipussien tupakkaveroa korotetaan keskim\u00e4\u00e4rin 37 prosenttia. Vahvat, yli 20 milligrammaa nikotiinia millilitrassa sis\u00e4lt\u00e4v\u00e4t s\u00e4hk\u00f6savukkeissa k\u00e4ytett\u00e4v\u00e4t nesteet tulevat veron piiriin.<\/p>\n<p class=\"paragraph\">Nuuskan ja nikotiinipussien verotonta matkustajatuontia toisesta EU-maasta rajoitetaan m\u00e4\u00e4r\u00e4llisesti. Lausunnolla olleesta esitysluonnoksesta poiketen veroton tuontioikeus rajattaisiin yhden kilon sijasta 200 grammaan.<\/p>\n<p class=\"paragraph\">Viinien ja muiden k\u00e4ymisteitse valmistettujen juomien, kuten siiderien, alkoholiveroa korotetaan noin yhdeks\u00e4ll\u00e4 prosentilla. Alkoholijuomien valmistevero indeksoidaan huomioiden hallituksen aiemmat p\u00e4\u00e4t\u00f6kset v\u00e4kevien alkoholijuomien korotuksista.<\/p>\n<p>Polttoainevero alenee<\/p>\n<p class=\"paragraph\">Liikennepolttoaineiden hiilidioksidiverokomponenttia alennetaan hallitusohjelman mukaisesti 100 miljoonalla eurolla vuosina 2026 ja 2027. Esitys annetaan my\u00f6hemmin syksyll\u00e4.<\/p>\n<p class=\"paragraph\">Kaivostoiminnassa k\u00e4ytett\u00e4v\u00e4n s\u00e4hk\u00f6n s\u00e4hk\u00f6vero siirret\u00e4\u00e4n yleiseen s\u00e4hk\u00f6veroluokkaan. Ehdotettu muutos nostaa kaivostoiminnassa k\u00e4ytett\u00e4v\u00e4n s\u00e4hk\u00f6n veroa 2,19 sentti\u00e4 kilowattitunnilta.<\/p>\n","protected":false},"excerpt":{"rendered":"Hallitus esitt\u00e4\u00e4 ensi vuoden talousarvioesityksess\u00e4 verotuksen muutoksia. T\u00e4ss\u00e4 niist\u00e4 keskeisimm\u00e4t. Valtiovarainministeri Riikka Purra (ps) ja p\u00e4\u00e4ministeri Petteri Orpo&hellip;\n","protected":false},"author":2,"featured_media":43251,"comment_status":"","ping_status":"","sticky":false,"template":"","format":"standard","meta":{"footnotes":""},"categories":[5],"tags":[35,22,23,26,27,33,31,30,863,17,24,25,28,29,15,18,21,5038,637,32,5039,19,20,16,2186],"class_list":{"0":"post-43250","1":"post","2":"type-post","3":"status-publish","4":"format-standard","5":"has-post-thumbnail","7":"category-otsikot","8":"tag-24h","9":"tag-breaking-news","10":"tag-breakingnews","11":"tag-featured-news","12":"tag-featurednews","13":"tag-fi","14":"tag-finland","15":"tag-finnish","16":"tag-hallitus","17":"tag-headlines","18":"tag-latest-news","19":"tag-latestnews","20":"tag-main-news","21":"tag-mainnews","22":"tag-news","23":"tag-otsikot","24":"tag-paauutiset","25":"tag-poliittinen-talous","26":"tag-politiikka","27":"tag-suomi","28":"tag-talousjarjestelmat","29":"tag-top-stories","30":"tag-topstories","31":"tag-uutiset","32":"tag-verotus"},"share_on_mastodon":{"url":"","error":""},"_links":{"self":[{"href":"https:\/\/www.europesays.com\/fi\/wp-json\/wp\/v2\/posts\/43250","targetHints":{"allow":["GET"]}}],"collection":[{"href":"https:\/\/www.europesays.com\/fi\/wp-json\/wp\/v2\/posts"}],"about":[{"href":"https:\/\/www.europesays.com\/fi\/wp-json\/wp\/v2\/types\/post"}],"author":[{"embeddable":true,"href":"https:\/\/www.europesays.com\/fi\/wp-json\/wp\/v2\/users\/2"}],"replies":[{"embeddable":true,"href":"https:\/\/www.europesays.com\/fi\/wp-json\/wp\/v2\/comments?post=43250"}],"version-history":[{"count":0,"href":"https:\/\/www.europesays.com\/fi\/wp-json\/wp\/v2\/posts\/43250\/revisions"}],"wp:featuredmedia":[{"embeddable":true,"href":"https:\/\/www.europesays.com\/fi\/wp-json\/wp\/v2\/media\/43251"}],"wp:attachment":[{"href":"https:\/\/www.europesays.com\/fi\/wp-json\/wp\/v2\/media?parent=43250"}],"wp:term":[{"taxonomy":"category","embeddable":true,"href":"https:\/\/www.europesays.com\/fi\/wp-json\/wp\/v2\/categories?post=43250"},{"taxonomy":"post_tag","embeddable":true,"href":"https:\/\/www.europesays.com\/fi\/wp-json\/wp\/v2\/tags?post=43250"}],"curies":[{"name":"wp","href":"https:\/\/api.w.org\/{rel}","templated":true}]}}