{"id":43260,"date":"2025-09-23T16:01:08","date_gmt":"2025-09-23T16:01:08","guid":{"rendered":"https:\/\/www.europesays.com\/fi\/43260\/"},"modified":"2025-09-23T16:01:08","modified_gmt":"2025-09-23T16:01:08","slug":"voi-ei-pornotahti-sandra-bayn-bileilta-paattyi-ikavasti","status":"publish","type":"post","link":"https:\/\/www.europesays.com\/fi\/43260\/","title":{"rendered":"Voi ei! Pornot\u00e4hti Sandra Bayn bileilta p\u00e4\u00e4ttyi ik\u00e4v\u00e4sti"},"content":{"rendered":"<p>            Atte Kajova\n        <\/p>\n<p class=\"subtitle \">Sandra on vuosien varrella yhdistetty jopa itse kohuliikemies Stefan Thermaniin.<\/p>\n<p class=\"article-content article-content-width !bg-background\"> ei v\u00e4ltt\u00e4m\u00e4tt\u00e4 soita ihmisten kelloja, mutta pornot\u00e4hti  saattaa soittaakin.<\/p>\n<p class=\"font-weight-bold m-font-weight-bold article-content article-content-width !bg-background\">Arkistovideo: Sandra esitteli vuonna 2024\u00a0kauneusoperaatioidensa tuloksia.<\/p>\n<p class=\"article-content article-content-width !bg-background\">Sandra poseerasi viime viikolla hilpeiss\u00e4 tunnelmissa Seiskalle Rymy-Eetun Oktoberfest-tapahtuman VIP-illassa.<\/p>\n<p class=\"article-content article-content-width !bg-background\">Perisaksalaiseen \u2013 tai oikeastaan baijerilaiseen \u2013 tyyliin Sandra piti hattua, laittoi tekoviikset, otti rinkelin suuhun ja pani parastaan Seiskan kuvaajan edess\u00e4.<\/p>\n<p>        <a itemprop=\"url\" href=\"https:\/\/www.seiska.fi\/kotimaa\/huh-mita-kuvia-sandra-bay-repaisi-olutjuhlassa\/1937138\" rel=\"nofollow noopener\" target=\"_blank\"><\/p>\n<p>\nHuh, mit\u00e4 kuvia!\n<\/p>\n<p class=\"section-date\">\n        <strong class=\"article-section\" data-section=\"kotimaa\"><br \/>\n            kotimaa<br \/>\n        <\/strong><br \/>\n        22.9. 17:00\n    <\/p>\n<p>    Huh, mit\u00e4 kuvia! Sandra Bay rep\u00e4isi olutjuhlassa<\/p>\n<p itemprop=\"description\" class=\"subtitle \">\n    Aikuisviihdet\u00e4hti n\u00e4ytti juhlamallia Rymy-Eetussa.\n<\/p>\n<p>        <\/a><\/p>\n<p class=\"article-content article-content-width !bg-background\">\u2013 Olen muuten ottanut itse\u00e4ni niskasta kiinni ja k\u00e4yn juoksemassa lenkkej\u00e4. Ei sit\u00e4 nyt sent\u00e4\u00e4n voi vain bilett\u00e4\u00e4 n\u00e4in yli 30-vuotiaana, Sandra kertoi tapahtumassa.<\/p>\n<p>                <img decoding=\"async\" src=\"https:\/\/www.europesays.com\/fi\/wp-content\/uploads\/2025\/09\/1939072.webp\" width=\"576\" height=\"720\" alt=\"T\u00e4lt\u00e4 Sandra Bay n\u00e4ytti alkuillasta Rymy-Eetun VIP-illassa.\" loading=\"lazy\" \/>            <\/p>\n<p>\n            T\u00e4lt\u00e4 Sandra Bay n\u00e4ytti alkuillasta Rymy-Eetun VIP-illassa.<br \/>\n            Atte Kajova\n        <\/p>\n<p>N\u00e4in ilta eteni<\/p>\n<p class=\"article-content article-content-width !bg-background\">Juomia kului. Liikaakin.<\/p>\n<p class=\"article-content article-content-width !bg-background\">Sandra julkaisi iltaa seuranneena p\u00e4iv\u00e4n\u00e4 Instagramissa raivorehellisen vuodatuksen siit\u00e4, miten h\u00e4nen iltansa lopulta oli edennyt.<\/p>\n<p class=\"article-content article-content-width !bg-background\">Sandra kertoo Oktoberfest-juhlan p\u00e4\u00e4ttyneen h\u00e4nen osaltaan ik\u00e4v\u00e4sti, vaikka aluksi juhlatunnelmaa riittikin.<\/p>\n<p>        <a itemprop=\"url\" href=\"https:\/\/www.seiska.fi\/vain-seiskassa\/kohuttu-aikuisviihdetahti-helsingissa-talta-nayttaa-arkivaatteissaan-paparazzikuvat\/1858476\" rel=\"nofollow noopener\" target=\"_blank\"><\/p>\n<p>\nKohuttu aikuisviihdet\u00e4hti Helsingiss\u00e4!\n<\/p>\n<p class=\"section-date\">\n        <strong class=\"article-section\" data-section=\"vain seiskassa\"><br \/>\n            vain seiskassa<br \/>\n        <\/strong><br \/>\n        6.7. 08:30\n    <\/p>\n<p>    Kohuttu aikuisviihdet\u00e4hti Helsingiss\u00e4! T\u00e4lt\u00e4 n\u00e4ytt\u00e4\u00e4 arkivaatteissaan \u2013 paparazzikuvat!<\/p>\n<p itemprop=\"description\" class=\"subtitle \">\n    Ratikalla suhannutta Sandra Bayta oli vaikea tunnistaa aikuisviihdet\u00e4hdeksi.\n<\/p>\n<p>        <\/a><\/p>\n<p class=\"article-content article-content-width !bg-background\">\u2013 Paikalla oli paljon tuttuja ja ihania ihmisi\u00e4 sek\u00e4 uusia kohtaamisia. Juhlat olivat upeat: oli hyv\u00e4\u00e4 livemusiikkia, pient\u00e4 purtavaa, frendej\u00e4, mukavaa seuraa ja juomista.<\/p>\n<p class=\"article-content article-content-width !bg-background\">\u2013 Varmaan t\u00f6rm\u00e4tess\u00e4ni jokaisen tutun kohdalla mulle tarjottiin yst\u00e4v\u00e4llisesti juomia ja shotteja ja p\u00e4\u00e4dyin aina juomaan lis\u00e4\u00e4 ja lis\u00e4\u00e4\u2026 Kun oli niin paljon keskusteltavaa, kuvien ottamista ja noh, hauskaa muutenkin!<\/p>\n<p>                <img decoding=\"async\" src=\"https:\/\/www.europesays.com\/fi\/wp-content\/uploads\/2025\/09\/1939075.webp\" width=\"576\" height=\"322\" alt=\"Sandra Bay oli riehakkaalla tuulella ja osasi ottaa baijerilaisen hahmon roolin itselleen.\" loading=\"lazy\" \/>            <\/p>\n<p>\n            Sandra Bay oli riehakkaalla tuulella ja osasi ottaa baijerilaisen hahmon roolin itselleen.<br \/>\n            Atte Kajova\n        <\/p>\n<p>&#8221;Unta vai joku kuoleman v\u00e4litila&#8221;<\/p>\n<p class=\"article-content article-content-width !bg-background\">Syyst\u00e4, jota Sandra ei itsek\u00e4\u00e4n tied\u00e4, h\u00e4n p\u00e4\u00e4tti siirty\u00e4 oluesta niin sanotulle \u201dshottilinjalle\u201d.<\/p>\n<p class=\"article-content article-content-width !bg-background\">\u2013 Ja hauskaa oli edelleen! Kunnes\u2026<\/p>\n<p>        <a itemprop=\"url\" href=\"https:\/\/www.seiska.fi\/vain-seiskassa\/kuvat-markus-raikkosen-kiihkea-ilta-juotti-ja-halaili-pornotahtea\/1376968\" rel=\"nofollow noopener\" target=\"_blank\"><\/p>\n<p class=\"section-date\">\n        <strong class=\"article-section\" data-section=\"vain seiskassa\"><br \/>\n            vain seiskassa<br \/>\n        <\/strong><br \/>\n        13.6.2024 07:00\n    <\/p>\n<p>    Kuvat! Markus R\u00e4ikk\u00f6sen kiihke\u00e4 ilta: juotti ja halaili pornot\u00e4hte\u00e4<\/p>\n<p itemprop=\"description\" class=\"subtitle \">\n    Seiskan lukijan kuvat paljastavat, ett\u00e4 sijoittajak\u00f6nsik\u00e4s ja Sandra Bay viihtyiv\u00e4t hyvin Erottaja-baarissa.\n<\/p>\n<p>        <\/a><\/p>\n<p class=\"article-content article-content-width !bg-background\">\u2013 Seuraavaksi her\u00e4\u00e4n siihen kun jokin h\u00e4lytys\u00e4\u00e4ni piipppaa. Piip-piip-piip. Avaan silm\u00e4ni ja ihmettelen, onko t\u00e4m\u00e4 unta vai joku kuoleman v\u00e4litila. Her\u00e4\u00e4n jostakin ihme vuodeosastolta ja kysyn hoitajilta mis m\u00e4 oon ja mit\u00e4 teen t\u00e4\u00e4ll\u00e4.<\/p>\n<p class=\"article-content article-content-width !bg-background\">Hoitaja selitti Sandran mukaan, ett\u00e4 poliisipartio oli kuljettanut h\u00e4net Pasilaan.<\/p>\n<p>                <img decoding=\"async\" src=\"https:\/\/www.europesays.com\/fi\/wp-content\/uploads\/2025\/09\/1939077.webp\" width=\"576\" height=\"639\" alt=\"Sandra on vuosien varrella yhdistettu useampaankin julkkismieheen. Kuvassa Sandra vuonna 2023 itse kohuliikemies Stefan Thermanin seurassa.\" loading=\"lazy\" \/>            <\/p>\n<p>\n            Sandra on vuosien varrella yhdistettu useampaankin julkkismieheen. Kuvassa Sandra vuonna 2023 itse kohuliikemies Stefan Thermanin seurassa.<br \/>\n            Lukijan kuva\n        <\/p>\n<p class=\"article-content article-content-width !bg-background\">\u2013 Mut oli roudattu py\u00f6r\u00e4tuolilla selvi\u00e4mishoitoasemalle.<\/p>\n<p class=\"article-content article-content-width !bg-background\">\u2013 Potilasmerkint\u00f6j\u00e4 my\u00f6hemmin lukiessani oon kuitenkin n\u00e4tisti ihan itse pyyt\u00e4nyt k\u00e4ym\u00e4\u00e4n kahdesti vessassa py\u00f6r\u00e4tuolilla ja kahden hoitajan auttamana. Nukuin muutaman tunnin ja tilasin taksin himaan.<\/p>\n<p class=\"article-content article-content-width !bg-background\">Sandra kertoo my\u00f6s k\u00e4yneens\u00e4 hakemassa takkinsa Rymy-Eetusta ja saaneensa kuulla portsarilta olleensa \u201dpelti kii\u201d.<\/p>\n<p>        <a itemprop=\"url\" href=\"https:\/\/www.seiska.fi\/kotimaa\/stefan-therman-ja-sandra-bay-saivat-riitansa-sovittua-aikuisviihdetahti-avautuu-oudosta-selkkauksesta\/1174837\" rel=\"nofollow noopener\" target=\"_blank\"><\/p>\n<p class=\"section-date\">\n        <strong class=\"article-section\" data-section=\"kotimaa\"><br \/>\n            kotimaa<br \/>\n        <\/strong><br \/>\n        27.10.2023 17:31\n    <\/p>\n<p>    Stefan Therman ja Sandra Bay saivat riitansa sovittua \u2013 aikuisviihdet\u00e4hti avautuu oudosta selkkauksesta<\/p>\n<p itemprop=\"description\" class=\"subtitle \">\n    Stefan ja Sandra nujakoivat loppukes\u00e4st\u00e4 helsinkil\u00e4isess\u00e4 y\u00f6kerhossa.\n<\/p>\n<p>        <\/a><\/p>\n<p class=\"article-content article-content-width !bg-background\">\u2013 Frendit kerto, ett\u00e4 sammuin p\u00f6yd\u00e4lle ja vaikka vett\u00e4 koitettiin tarjota, oli yritykset turhia saada mua her\u00e4\u00e4m\u00e4\u00e4n.<\/p>\n<p class=\"article-content article-content-width !bg-background\">\u2013 Shotit koitui mun kohtaloksi. Kiitos ja anteeks kaikille!\u270c\ufe0fOli mahtavat ja ikimuistoiset juhlat!<\/p>\n<p>&#8221;Olen saanut ammattiapua&#8221;<\/p>\n<p class=\"article-content article-content-width !bg-background\">Seiska tavoitti hyv\u00e4ntuulisen Sandran, joka nauraa jo nyt tapahtuneelle.<\/p>\n<p class=\"article-content article-content-width !bg-background\">\u2013 Onneksi minut vietiin selvi\u00e4misasemalle eik\u00e4 putkaan, muuten kaunis blondi olisi ollut spurgujen syleilt\u00e4v\u00e4n\u00e4, Sandra naurahtaa.<\/p>\n<p>        <a itemprop=\"url\" href=\"https:\/\/www.seiska.fi\/vain-seiskassa\/aikuisviihdetahti-sandra-bay-vaihtoi-nimensa-sukunimella-erikoinen-tarina\/1432810\" rel=\"nofollow noopener\" target=\"_blank\"><\/p>\n<p>\nVain Seiskassa!\n<\/p>\n<p class=\"section-date\">\n        <strong class=\"article-section\" data-section=\"vain seiskassa\"><br \/>\n            vain seiskassa<br \/>\n        <\/strong><br \/>\n        15.8.2024 19:30\n    <\/p>\n<p>    Aikuisviihdet\u00e4hti Sandra Bay vaihtoi nimens\u00e4 \u2013 sukunimell\u00e4 erikoinen tarina<\/p>\n<p itemprop=\"description\" class=\"subtitle \">\n    Sandran uusi virallinen nimi on kansainv\u00e4lisempi, kuin entinen nimi Sanna Koskela.\n<\/p>\n<p>        <\/a><\/p>\n<p class=\"article-content article-content-width !bg-background\">Sandra vakavoituu ruotiessaan t\u00e4m\u00e4nhetkist\u00e4 el\u00e4m\u00e4\u00e4ns\u00e4.<\/p>\n<p class=\"article-content article-content-width !bg-background\">\u2013 T\u00e4ll\u00e4 hetkell\u00e4 el\u00e4m\u00e4 on enemm\u00e4n tasapainossa, v\u00e4lill\u00e4 yl\u00e4- ja alam\u00e4ki\u00e4, mutta se kuuluu asiaan.<\/p>\n<p class=\"article-content article-content-width !bg-background\">\u2013 Aloitin kev\u00e4\u00e4ll\u00e4 terapian ja olen saanut ammattiapua ahdistukseen sek\u00e4 masennukseen.<\/p>\n","protected":false},"excerpt":{"rendered":"Atte Kajova Sandra on vuosien varrella yhdistetty jopa itse kohuliikemies Stefan Thermaniin. ei v\u00e4ltt\u00e4m\u00e4tt\u00e4 soita ihmisten kelloja, mutta&hellip;\n","protected":false},"author":2,"featured_media":43261,"comment_status":"","ping_status":"","sticky":false,"template":"","format":"standard","meta":{"footnotes":""},"categories":[130],"tags":[137,33,31,30,3376,11344,11343,11100,11212,32,1652,109],"class_list":{"0":"post-43260","1":"post","2":"type-post","3":"status-publish","4":"format-standard","5":"has-post-thumbnail","7":"category-viihde","8":"tag-entertainment","9":"tag-fi","10":"tag-finland","11":"tag-finnish","12":"tag-k18","13":"tag-oktoberfest","14":"tag-poliisipartio","15":"tag-rymy-eetu","16":"tag-sandra-bay","17":"tag-suomi","18":"tag-terapia","19":"tag-viihde"},"share_on_mastodon":{"url":"","error":""},"_links":{"self":[{"href":"https:\/\/www.europesays.com\/fi\/wp-json\/wp\/v2\/posts\/43260","targetHints":{"allow":["GET"]}}],"collection":[{"href":"https:\/\/www.europesays.com\/fi\/wp-json\/wp\/v2\/posts"}],"about":[{"href":"https:\/\/www.europesays.com\/fi\/wp-json\/wp\/v2\/types\/post"}],"author":[{"embeddable":true,"href":"https:\/\/www.europesays.com\/fi\/wp-json\/wp\/v2\/users\/2"}],"replies":[{"embeddable":true,"href":"https:\/\/www.europesays.com\/fi\/wp-json\/wp\/v2\/comments?post=43260"}],"version-history":[{"count":0,"href":"https:\/\/www.europesays.com\/fi\/wp-json\/wp\/v2\/posts\/43260\/revisions"}],"wp:featuredmedia":[{"embeddable":true,"href":"https:\/\/www.europesays.com\/fi\/wp-json\/wp\/v2\/media\/43261"}],"wp:attachment":[{"href":"https:\/\/www.europesays.com\/fi\/wp-json\/wp\/v2\/media?parent=43260"}],"wp:term":[{"taxonomy":"category","embeddable":true,"href":"https:\/\/www.europesays.com\/fi\/wp-json\/wp\/v2\/categories?post=43260"},{"taxonomy":"post_tag","embeddable":true,"href":"https:\/\/www.europesays.com\/fi\/wp-json\/wp\/v2\/tags?post=43260"}],"curies":[{"name":"wp","href":"https:\/\/api.w.org\/{rel}","templated":true}]}}