{"id":43280,"date":"2025-09-23T16:31:07","date_gmt":"2025-09-23T16:31:07","guid":{"rendered":"https:\/\/www.europesays.com\/fi\/43280\/"},"modified":"2025-09-23T16:31:07","modified_gmt":"2025-09-23T16:31:07","slug":"kehonrakentaja-jessica-rivera-41-on-kuollut","status":"publish","type":"post","link":"https:\/\/www.europesays.com\/fi\/43280\/","title":{"rendered":"Kehonrakentaja Jessica Rivera, 41, on kuollut"},"content":{"rendered":"<p>Kokenut kehonrakentaja on kuollut Meksikossa.<\/p>\n<p class=\"paragraph\">Kansainv\u00e4lisen kehonrakennuksen tunnettu nimi <strong>Jessica Rivera<\/strong> on kuollut kotimaassaan Meksikossa. Riveran kuolemasta kertoi ensimm\u00e4isen\u00e4 lajiin erikoistunut <a href=\"https:\/\/generationiron.com\/womens-physique-pro-jessica-rivera-passed-away\/\" target=\"_blank\" rel=\"noopener nofollow\">Generation Iron<\/a>.<\/p>\n<p class=\"paragraph\">Rivera oli yksi IFBB Pro Leaguen Women\u2019s Physique -sarjan kokeneimmista kilpailijoista. H\u00e4n ansaitsi ammattilaiskorttinsa l\u00e4hes kymmenen vuotta sitten ja kilpaili uransa aikana useissa huipputason tapahtumissa, kuten New York Prossa, Chicago Prossa ja Tampa Prossa.<\/p>\n<p class=\"paragraph\">Rivera aloitti kehonrakennuksen nuorena ja teki nopeasti l\u00e4pimurtonsa. H\u00e4n voitti North American Championships -kilpailun vuonna 2016 ja nousi Women\u2019s Physique -sarjan kansainv\u00e4liseen k\u00e4rkeen tunnetulla lihaskunnollaan ja esiintymisell\u00e4\u00e4n.<\/p>\n<p class=\"paragraph\">Riveran tarkkaa kuolinp\u00e4iv\u00e4\u00e4 tai kuolinsyyt\u00e4 ei ole toistaiseksi kerrottu julkisuuteen.<\/p>\n","protected":false},"excerpt":{"rendered":"Kokenut kehonrakentaja on kuollut Meksikossa. Kansainv\u00e4lisen kehonrakennuksen tunnettu nimi Jessica Rivera on kuollut kotimaassaan Meksikossa. Riveran kuolemasta kertoi&hellip;\n","protected":false},"author":2,"featured_media":43281,"comment_status":"","ping_status":"","sticky":false,"template":"","format":"standard","meta":{"footnotes":""},"categories":[14],"tags":[35,722,22,23,26,27,33,31,30,17,3844,24,25,41,28,29,15,18,21,32,19,20,56,161,16,59,60,61,1638],"class_list":{"0":"post-43280","1":"post","2":"type-post","3":"status-publish","4":"format-standard","5":"has-post-thumbnail","7":"category-ulkomaat","8":"tag-24h","9":"tag-amerikka","10":"tag-breaking-news","11":"tag-breakingnews","12":"tag-featured-news","13":"tag-featurednews","14":"tag-fi","15":"tag-finland","16":"tag-finnish","17":"tag-headlines","18":"tag-kamppailu-urheilu","19":"tag-latest-news","20":"tag-latestnews","21":"tag-liikunta-ja-urheilu","22":"tag-main-news","23":"tag-mainnews","24":"tag-news","25":"tag-otsikot","26":"tag-paauutiset","27":"tag-suomi","28":"tag-top-stories","29":"tag-topstories","30":"tag-ulkomaat","31":"tag-urheilutapahtumat","32":"tag-uutiset","33":"tag-world","34":"tag-world-news","35":"tag-worldnews","36":"tag-yhdysvaltojen-osavaltiot"},"share_on_mastodon":{"url":"","error":""},"_links":{"self":[{"href":"https:\/\/www.europesays.com\/fi\/wp-json\/wp\/v2\/posts\/43280","targetHints":{"allow":["GET"]}}],"collection":[{"href":"https:\/\/www.europesays.com\/fi\/wp-json\/wp\/v2\/posts"}],"about":[{"href":"https:\/\/www.europesays.com\/fi\/wp-json\/wp\/v2\/types\/post"}],"author":[{"embeddable":true,"href":"https:\/\/www.europesays.com\/fi\/wp-json\/wp\/v2\/users\/2"}],"replies":[{"embeddable":true,"href":"https:\/\/www.europesays.com\/fi\/wp-json\/wp\/v2\/comments?post=43280"}],"version-history":[{"count":0,"href":"https:\/\/www.europesays.com\/fi\/wp-json\/wp\/v2\/posts\/43280\/revisions"}],"wp:featuredmedia":[{"embeddable":true,"href":"https:\/\/www.europesays.com\/fi\/wp-json\/wp\/v2\/media\/43281"}],"wp:attachment":[{"href":"https:\/\/www.europesays.com\/fi\/wp-json\/wp\/v2\/media?parent=43280"}],"wp:term":[{"taxonomy":"category","embeddable":true,"href":"https:\/\/www.europesays.com\/fi\/wp-json\/wp\/v2\/categories?post=43280"},{"taxonomy":"post_tag","embeddable":true,"href":"https:\/\/www.europesays.com\/fi\/wp-json\/wp\/v2\/tags?post=43280"}],"curies":[{"name":"wp","href":"https:\/\/api.w.org\/{rel}","templated":true}]}}