{"id":43429,"date":"2025-09-23T20:25:09","date_gmt":"2025-09-23T20:25:09","guid":{"rendered":"https:\/\/www.europesays.com\/fi\/43429\/"},"modified":"2025-09-23T20:25:09","modified_gmt":"2025-09-23T20:25:09","slug":"kenialainen-juoksija-pakeni-venajan-armeijasta-ukrainaan-kertoi-jarkyttavan-tarinan","status":"publish","type":"post","link":"https:\/\/www.europesays.com\/fi\/43429\/","title":{"rendered":"Kenialainen juoksija pakeni Ven\u00e4j\u00e4n armeijasta Ukrainaan \u2013 Kertoi j\u00e4rkytt\u00e4v\u00e4n tarinan"},"content":{"rendered":"<p>Evans Kibet on vangittuna Ukrainassa.<\/p>\n<p><img decoding=\"async\" class=\"image image-show image-preview\" src=\"https:\/\/www.europesays.com\/fi\/wp-content\/uploads\/2025\/09\/c8c163d4e2bb6a4362176cd5e2da3649c47f28de8693f6753bb6f5bc528f3c05.jpg\" alt=\"\"\/><img decoding=\"async\" class=\"image image-show\" src=\"https:\/\/www.europesays.com\/fi\/wp-content\/uploads\/2025\/09\/1758659109_66_c8c163d4e2bb6a4362176cd5e2da3649c47f28de8693f6753bb6f5bc528f3c05.jpg\" alt=\"\"\/><\/p>\n<p>Evans Kibet kertoi, ett\u00e4 h\u00e4net huijattiin Ven\u00e4j\u00e4n armeijaan. Kuvituskuva. AOP<\/p>\n<p class=\"paragraph\">Kyyneleet silmiss\u00e4 <strong>Evans Kibet<\/strong> rukoilee, ettei h\u00e4nt\u00e4 l\u00e4hetet\u00e4 takaisin Ven\u00e4j\u00e4lle.<\/p>\n<p class=\"paragraph\">\u2013 Min\u00e4 kuolen siell\u00e4, Kibet sanoo videolla, jonka Ukrainan armeija on <a href=\"https:\/\/www.bbc.com\/news\/articles\/c79vqpnqgy7o\" rel=\"noopener nofollow\" target=\"_blank\">BBC:n<\/a> mukaan julkaissut muun muassa Facebookissa.<\/p>\n<p class=\"paragraph\">Kibet, 36, on kenialainen juoksija. Mies kertoo videolla, ett\u00e4 h\u00e4net huijattiin Ven\u00e4j\u00e4n armeijaan. Nyt Kibet on vangittuna Ukrainassa, mutta h\u00e4n haluaisi palata kotiinsa, jossa kest\u00e4vyysjuoksijaa odottaa kuulemma 16-vuotias tyt\u00e4r.<\/p>\n<p class=\"paragraph\">\u2013 T\u00e4m\u00e4 on esimerkki siit\u00e4, miten Ven\u00e4j\u00e4 kohtelee ulkomaalaisia v\u00e4rv\u00e4ttyj\u00e4, Ukrainan julkaisemassa videossa todetaan.<\/p>\n<p class=\"paragraph\">Ukrainan armeija muistuttaa my\u00f6s, ett\u00e4 Kibet taisteli vihollisen puolella, joten \u201dvoitte itse mietti\u00e4, uskotteko h\u00e4nen sanojaan ja kyyneli\u00e4\u00e4n\u201d.<\/p>\n<p class=\"paragraph\">Tarina on j\u00e4rkytt\u00e4v\u00e4.<\/p>\n<p>\u201dAllekirjoitus pilasi el\u00e4m\u00e4ni\u201d<\/p>\n<p class=\"paragraph\"><a href=\"https:\/\/www.bbc.com\/news\/articles\/c79vqpnqgy7o\" rel=\"noopener nofollow\" target=\"_blank\">BBC<\/a> on haastatellut Kibetin l\u00e4heisi\u00e4. Heid\u00e4n mukaansa urheilija oli taloudellisesti ahtaalla, kun h\u00e4nelle tarjottiin mahdollisuutta kisata Ven\u00e4j\u00e4ll\u00e4. Kibet tarttui siihen.<\/p>\n<p class=\"paragraph\">\u2013 H\u00e4n oli hyvin innoissaan kertoessaan menev\u00e4ns\u00e4 kilpailemaan Ven\u00e4j\u00e4lle. Min\u00e4kin olin iloinen h\u00e4nen puolestaan. Meill\u00e4 oli suuret odotukset, Kibetin veli <strong>Isaac Kipyego<\/strong> kertoo.<\/p>\n<p class=\"paragraph\">Kibetin serkku <strong>Chesoi<\/strong> vei juoksijan bussiasemalle hein\u00e4kuun lopussa. H\u00e4nell\u00e4 oli mukana vain pieni laukku, sill\u00e4 reissun ei pit\u00e4nyt kest\u00e4\u00e4 paria viikkoa pidemp\u00e4\u00e4n.<\/p>\n<p class=\"paragraph\">Kun pari viikkoa oli t\u00e4ynn\u00e4, Kibetilt\u00e4 kysyttiin, haluaisiko h\u00e4n j\u00e4\u00e4d\u00e4 Ven\u00e4j\u00e4lle. Urheilija vastasi my\u00f6nt\u00e4v\u00e4sti, mutta viisumi oli jo mennyt vanhaksi. Se ei kuulemma haitannut.<\/p>\n<p class=\"paragraph\">Kibetille ly\u00f6tiin eteen \u201dty\u00f6sopimus\u201d, jonka allekirjoittamalla h\u00e4n voisi j\u00e4\u00e4d\u00e4 maahan. H\u00e4n ei ymm\u00e4rt\u00e4nyt siit\u00e4 mit\u00e4\u00e4n, koska teksti oli ven\u00e4j\u00e4ksi.<\/p>\n<p class=\"paragraph\">\u2013 En tiennyt, ett\u00e4 se oli sotilaallinen ty\u00f6, Kibet kertoo nyt videolla.<\/p>\n<p class=\"paragraph\">H\u00e4n allekirjoitti paperit. Sen j\u00e4lkeen miehelt\u00e4 vietiin puhelin ja passi.<\/p>\n<p class=\"paragraph\">\u2013 Se allekirjoitus pilasi el\u00e4m\u00e4ni.<\/p>\n<p>Pako<\/p>\n<p class=\"paragraph\">Kibetin mukaan h\u00e4net k\u00e4skettiin allekirjoituksen j\u00e4lkeen autoon. H\u00e4n istui siell\u00e4 seitsem\u00e4n tuntia. Sitten mies astui ulos ja l\u00f6ysi itsens\u00e4 sotilastukikohdasta.<\/p>\n<p class=\"paragraph\">Kibetille ilmoitettiin, ett\u00e4 h\u00e4n oli nyt liittynyt Ven\u00e4j\u00e4n armeijaan.<\/p>\n<p class=\"paragraph\">\u2013 Minulle sanottiin: \u201dMenet taistelemaan tai tapamme sinut.\u201d<\/p>\n<p class=\"paragraph\">Juoksijan mukaan h\u00e4nelle annettiin viikon peruskoulutus, jossa opetettiin aseen k\u00e4ytt\u00f6\u00e4. Kouluttajat eiv\u00e4t puhuneet englantia, joten opastus tapahtui eleill\u00e4.<\/p>\n<p class=\"paragraph\">Kibet kertoo kuitenkin paenneensa heti ensimm\u00e4isen teht\u00e4v\u00e4n aikana. H\u00e4n sanoo vaeltaneensa kaksi p\u00e4iv\u00e4\u00e4 mets\u00e4n l\u00e4pi Harkovan alueelle, jossa vastaan tuli ukrainalaisia sotilaita.<\/p>\n<p class=\"paragraph\">\u2013 Menin sinne k\u00e4det ylh\u00e4\u00e4ll\u00e4 ja sanoin, ett\u00e4 olen kenialainen. \u00c4lk\u00e4\u00e4 ampuko.<\/p>\n<p class=\"paragraph\">Sotilaiden aseet osoittivat Kibetin mukaan h\u00e4nt\u00e4. H\u00e4n kertoi olevansa aseeton ja halusi vain pelastaa henkens\u00e4. Nyt h\u00e4n on sotavankina.<\/p>\n<p>\u201dEn nukkunut y\u00f6ll\u00e4\u201d<\/p>\n<p class=\"paragraph\">Kibetin l\u00e4heiset ovat j\u00e4rkyttyneit\u00e4 tarinasta, jonka mies kertoo videolla.<\/p>\n<p class=\"paragraph\">\u2013 Olen niin traumatisoitunut. En nukkunut y\u00f6ll\u00e4. En edes tied\u00e4, mit\u00e4 sanoa, Chesoi totesi BBC:lle.<\/p>\n<p class=\"paragraph\">Kibetin l\u00e4hipiiri kokee, ett\u00e4 juoksija on ukrainalaisten vankina paremmassa turvassa kuin Ven\u00e4j\u00e4n armeijassa, mutta he haluaisivat miehen kovasti takaisin kotiin.<\/p>\n<p class=\"paragraph\">\u2013 Jos Kenian hallitus on kiinnostunut h\u00e4nen kotiuttamisestaan, Ukraina on avoin neuvotteluille, Ukrainan tiedottaja <strong>Petro Yatsenko<\/strong> kertoi BBC:lle.<\/p>\n<p class=\"paragraph\">Yatsenkon mukaan afrikkalaiset maat eiv\u00e4t kuitenkaan ole yleens\u00e4 kiinnostuneita ottamaan t\u00e4llaisia vankeja takaisin maahansa.<\/p>\n<p class=\"paragraph\">Isaac Kipyegon mukaan Kibet on v\u00e4h\u00e4sanainen ja vaatimaton mies, perheen tukipilari, joka on omistanut el\u00e4m\u00e4ns\u00e4 urheilulle.<\/p>\n<p class=\"paragraph\">\u2013 Rakastan juoksemista, Kibet sanoi ukrainalaisten julkaisemalla videolla.<\/p>\n","protected":false},"excerpt":{"rendered":"Evans Kibet on vangittuna Ukrainassa. Evans Kibet kertoi, ett\u00e4 h\u00e4net huijattiin Ven\u00e4j\u00e4n armeijaan. Kuvituskuva. AOP Kyyneleet silmiss\u00e4 Evans&hellip;\n","protected":false},"author":2,"featured_media":43430,"comment_status":"","ping_status":"","sticky":false,"template":"","format":"standard","meta":{"footnotes":""},"categories":[14],"tags":[35,802,22,23,26,27,33,31,30,17,53,24,25,803,41,28,29,15,18,21,38,32,19,20,56,16,59,60,61],"class_list":{"0":"post-43429","1":"post","2":"type-post","3":"status-publish","4":"format-standard","5":"has-post-thumbnail","7":"category-ulkomaat","8":"tag-24h","9":"tag-armeijat-ja-aseelliset-joukot","10":"tag-breaking-news","11":"tag-breakingnews","12":"tag-featured-news","13":"tag-featurednews","14":"tag-fi","15":"tag-finland","16":"tag-finnish","17":"tag-headlines","18":"tag-laki-oikeus-ja-rikos","19":"tag-latest-news","20":"tag-latestnews","21":"tag-levottomuudet-ja-sodat","22":"tag-liikunta-ja-urheilu","23":"tag-main-news","24":"tag-mainnews","25":"tag-news","26":"tag-otsikot","27":"tag-paauutiset","28":"tag-rikos","29":"tag-suomi","30":"tag-top-stories","31":"tag-topstories","32":"tag-ulkomaat","33":"tag-uutiset","34":"tag-world","35":"tag-world-news","36":"tag-worldnews"},"share_on_mastodon":{"url":"","error":""},"_links":{"self":[{"href":"https:\/\/www.europesays.com\/fi\/wp-json\/wp\/v2\/posts\/43429","targetHints":{"allow":["GET"]}}],"collection":[{"href":"https:\/\/www.europesays.com\/fi\/wp-json\/wp\/v2\/posts"}],"about":[{"href":"https:\/\/www.europesays.com\/fi\/wp-json\/wp\/v2\/types\/post"}],"author":[{"embeddable":true,"href":"https:\/\/www.europesays.com\/fi\/wp-json\/wp\/v2\/users\/2"}],"replies":[{"embeddable":true,"href":"https:\/\/www.europesays.com\/fi\/wp-json\/wp\/v2\/comments?post=43429"}],"version-history":[{"count":0,"href":"https:\/\/www.europesays.com\/fi\/wp-json\/wp\/v2\/posts\/43429\/revisions"}],"wp:featuredmedia":[{"embeddable":true,"href":"https:\/\/www.europesays.com\/fi\/wp-json\/wp\/v2\/media\/43430"}],"wp:attachment":[{"href":"https:\/\/www.europesays.com\/fi\/wp-json\/wp\/v2\/media?parent=43429"}],"wp:term":[{"taxonomy":"category","embeddable":true,"href":"https:\/\/www.europesays.com\/fi\/wp-json\/wp\/v2\/categories?post=43429"},{"taxonomy":"post_tag","embeddable":true,"href":"https:\/\/www.europesays.com\/fi\/wp-json\/wp\/v2\/tags?post=43429"}],"curies":[{"name":"wp","href":"https:\/\/api.w.org\/{rel}","templated":true}]}}