{"id":43457,"date":"2025-09-23T21:13:07","date_gmt":"2025-09-23T21:13:07","guid":{"rendered":"https:\/\/www.europesays.com\/fi\/43457\/"},"modified":"2025-09-23T21:13:07","modified_gmt":"2025-09-23T21:13:07","slug":"dopingkaryn-seuraus-saksa-nousi-olympiavoittoon","status":"publish","type":"post","link":"https:\/\/www.europesays.com\/fi\/43457\/","title":{"rendered":"Dopingk\u00e4ryn seuraus \u2013 Saksa nousi olympiavoittoon"},"content":{"rendered":"<p>Ampumahiihto|Valitus dopingk\u00e4ryst\u00e4 ei mennyt l\u00e4pi. Sot\u0161in ampumahiihtoviestin uusi mitalij\u00e4rjestys varmistui.<\/p>\n<p>23.9. 22:17<\/p>\n<p class=\"article-body mb-nof-24 px-nof-16\">Ampumahiihdon miesten 4&#215;7,5 kilometrin viestin mitalij\u00e4rjestys Sot\u0161in olympiakisoista 2014 on mennyt uusiksi.<\/p>\n<p class=\"article-body mb-nof-24 px-nof-16\">Kilpailun voitti alun perin Ven\u00e4j\u00e4, mutta sen suoritus hyl\u00e4ttiin <a class=\"article-personlink\" href=\"https:\/\/www.hs.fi\/haku\/?query=Jevgeni%20Ustjugovin\" rel=\"nofollow noopener\" target=\"_blank\">Jevgeni Ustjugovin<\/a> dopingk\u00e4ryn takia.<\/p>\n<p class=\"article-body mb-nof-24 px-nof-16\">Ven\u00e4j\u00e4 valitti asiasta urheilun kansainv\u00e4liseen vetoomustuomioistuimeen (Cas), mutta valitus ei mennyt l\u00e4pi.<\/p>\n<p class=\"article-body mb-nof-24 px-nof-16\">Sot\u0161in viestivoittajaksi nousee Saksa, kakkoseksi It\u00e4valta ja pronssille Norja.<\/p>\n<p class=\"article-body mb-nof-24 px-nof-16\"><a class=\"article-genericlink\" href=\"https:\/\/www.nrk.no\/vestland\/11-ar-forseinka-ol-bronse-til-noreg-1.17581640\" rel=\"nofollow noopener\" target=\"_blank\">NRK<\/a> tavoitti norjalaiskilpailijoita tiistaina, kun Norjan pronssisija oli varmistunut.<\/p>\n<p class=\"article-body mb-nof-24 px-nof-16\">\u201dSainko sen [mitalin]? On kivaa saada mitali tilastoihin, mutta tunnelma ei ole samanlainen kuin jos olisi voittanut sen kilpailup\u00e4iv\u00e4n\u00e4. Nyt on typistetyt juhlat\u201d, Norjan viestijoukkueessa 2014 ankkurina kilpaillut <a class=\"article-personlink\" href=\"https:\/\/www.hs.fi\/haku\/?query=Emil%20Hegle%20Svendsen\" rel=\"nofollow noopener\" target=\"_blank\">Emil Hegle Svendsen<\/a> sanoi NRK:lle.<\/p>\n<p class=\"article-body mb-nof-24 px-nof-16\">Muut Norjan joukkueessa kilpailleet olivat <a class=\"article-personlink\" href=\"https:\/\/www.hs.fi\/haku\/?query=Tarjei%20B%C3%B8\" rel=\"nofollow noopener\" target=\"_blank\">Tarjei B\u00f8<\/a>, <a class=\"article-personlink\" href=\"https:\/\/www.hs.fi\/haku\/?query=Johannes%20Thingnes%20B%C3%B8\" rel=\"nofollow noopener\" target=\"_blank\">Johannes Thingnes B\u00f8<\/a> ja <a class=\"article-personlink\" href=\"https:\/\/www.hs.fi\/haku\/?query=Ole%20Einar%20Bj%C3%B8rndalen\" rel=\"nofollow noopener\" target=\"_blank\">Ole Einar Bj\u00f8rndalen<\/a>.<\/p>\n<p class=\"article-body mb-nof-24 px-nof-16\">Olympiavoittajaksi 11 vuoden odotuksen j\u00e4lkeen nousseessa Saksan joukkueessa kilpailivat <a class=\"article-personlink\" href=\"https:\/\/www.hs.fi\/haku\/?query=Erik%20Lesser\" rel=\"nofollow noopener\" target=\"_blank\">Erik Lesser<\/a>, <a class=\"article-personlink\" href=\"https:\/\/www.hs.fi\/haku\/?query=Daniel%20B%C3%B6hm\" rel=\"nofollow noopener\" target=\"_blank\">Daniel B\u00f6hm<\/a>, <a class=\"article-personlink\" href=\"https:\/\/www.hs.fi\/haku\/?query=Arnd%20Peiffer\" rel=\"nofollow noopener\" target=\"_blank\">Arnd Peiffer<\/a> ja <a class=\"article-personlink\" href=\"https:\/\/www.hs.fi\/haku\/?query=Simon%20Schempp\" rel=\"nofollow noopener\" target=\"_blank\">Simon Schempp<\/a>.<\/p>\n","protected":false},"excerpt":{"rendered":"Ampumahiihto|Valitus dopingk\u00e4ryst\u00e4 ei mennyt l\u00e4pi. Sot\u0161in ampumahiihtoviestin uusi mitalij\u00e4rjestys varmistui. 23.9. 22:17 Ampumahiihdon miesten 4&#215;7,5 kilometrin viestin mitalij\u00e4rjestys&hellip;\n","protected":false},"author":2,"featured_media":43458,"comment_status":"","ping_status":"","sticky":false,"template":"","format":"standard","meta":{"footnotes":""},"categories":[158],"tags":[33,31,30,46,159,32,160],"class_list":{"0":"post-43457","1":"post","2":"type-post","3":"status-publish","4":"format-standard","5":"has-post-thumbnail","7":"category-urheilu","8":"tag-fi","9":"tag-finland","10":"tag-finnish","11":"tag-helsingin-sanomat","12":"tag-sports","13":"tag-suomi","14":"tag-urheilu"},"share_on_mastodon":{"url":"","error":""},"_links":{"self":[{"href":"https:\/\/www.europesays.com\/fi\/wp-json\/wp\/v2\/posts\/43457","targetHints":{"allow":["GET"]}}],"collection":[{"href":"https:\/\/www.europesays.com\/fi\/wp-json\/wp\/v2\/posts"}],"about":[{"href":"https:\/\/www.europesays.com\/fi\/wp-json\/wp\/v2\/types\/post"}],"author":[{"embeddable":true,"href":"https:\/\/www.europesays.com\/fi\/wp-json\/wp\/v2\/users\/2"}],"replies":[{"embeddable":true,"href":"https:\/\/www.europesays.com\/fi\/wp-json\/wp\/v2\/comments?post=43457"}],"version-history":[{"count":0,"href":"https:\/\/www.europesays.com\/fi\/wp-json\/wp\/v2\/posts\/43457\/revisions"}],"wp:featuredmedia":[{"embeddable":true,"href":"https:\/\/www.europesays.com\/fi\/wp-json\/wp\/v2\/media\/43458"}],"wp:attachment":[{"href":"https:\/\/www.europesays.com\/fi\/wp-json\/wp\/v2\/media?parent=43457"}],"wp:term":[{"taxonomy":"category","embeddable":true,"href":"https:\/\/www.europesays.com\/fi\/wp-json\/wp\/v2\/categories?post=43457"},{"taxonomy":"post_tag","embeddable":true,"href":"https:\/\/www.europesays.com\/fi\/wp-json\/wp\/v2\/tags?post=43457"}],"curies":[{"name":"wp","href":"https:\/\/api.w.org\/{rel}","templated":true}]}}