{"id":43481,"date":"2025-09-23T21:44:08","date_gmt":"2025-09-23T21:44:08","guid":{"rendered":"https:\/\/www.europesays.com\/fi\/43481\/"},"modified":"2025-09-23T21:44:08","modified_gmt":"2025-09-23T21:44:08","slug":"trump-ukraina-voi-saada-kaikki-alueensa-takaisin","status":"publish","type":"post","link":"https:\/\/www.europesays.com\/fi\/43481\/","title":{"rendered":"Trump: Ukraina voi saada kaikki alueensa takaisin"},"content":{"rendered":"<p><strong class=\"typography-bold\">Aiemmin <\/strong><strong class=\"typography-bold\">Trump<\/strong><strong class=\"typography-bold\"> kertoi ajattelevansa, ett\u00e4 Nato-maiden pit\u00e4isi ampua alas niiden ilmatilaa loukkaavat ven\u00e4l\u00e4iskoneet.<\/strong><\/p>\n<p>Yhdysvaltain presidentti <strong class=\"typography-bold\">Donald <\/strong><strong class=\"typography-bold\">Trump<\/strong> kertoo uskovansa, ett\u00e4 Ukraina voi EU:n ja sotilasliitto Naton avulla saada takaisin kaikki Ven\u00e4j\u00e4lle menett\u00e4m\u00e4ns\u00e4 alueet. H\u00e4n paljasti <a class=\"underline\" data-testid=\"external-link\" href=\"https:\/\/truthsocial.com\/@realDonaldTrump\/posts\/115255130298104593\" rel=\"noopener noreferrer nofollow\" target=\"_blank\" data-sentry-component=\"ExternalLink\" data-sentry-source-file=\"ExternalLink.tsx\">Truth Social -alustallaan<\/a> tulleensa johtop\u00e4\u00e4t\u00f6ksens\u00e4 ymm\u00e4rretty\u00e4\u00e4n Ukrainan ja Ven\u00e4j\u00e4n sotilaallisen ja taloudellisen tilanteen sek\u00e4 n\u00e4hty\u00e4\u00e4n, millaisia taloudellisia vaikeuksia se aiheuttaa Ven\u00e4j\u00e4lle.<\/p>\n<p>Aiemmin tiistaina Trump tapasi Ukrainan presidentin Volodymyr Zelenskyin YK:n yleiskokouksessa New Yorkissa.<\/p>\n<p>Trump arvelee, ett\u00e4 Ukraina voi paitsi saada alueensa takaisin my\u00f6s menn\u00e4 t\u00e4t\u00e4 pidemm\u00e4lle. Tekstist\u00e4 ei selvi\u00e4, mihin pidemm\u00e4lle meneminen viittaa.<\/p>\n<p>Presidentti kirjoittaa my\u00f6s, ett\u00e4 Ven\u00e4j\u00e4 on k\u00e4ynyt kolme ja puoli vuotta sotaa, joka olisi todelliselta sotilasmahdilta vienyt alle viikon.<\/p>\n<p>\u2013 T\u00e4m\u00e4 saa heid\u00e4t (Ven\u00e4j\u00e4n) n\u00e4ytt\u00e4m\u00e4\u00e4n &#8221;paperitiikerilt\u00e4&#8221;, p\u00e4ivityksess\u00e4 lukee.<\/p>\n<p>Paperitiikeri viittaa johonkin vain n\u00e4enn\u00e4isesti voimakkaaseen.<\/p>\n<p>Trump kuvailee <strong class=\"typography-bold\">Vladimir Putinin <\/strong>ja Ven\u00e4j\u00e4n olevan isoissa taloudellisissa ongelmissa, ja siksi Ukrainan on nyt aika toimia.<\/p>\n<p>\u2013\u2009K\u00e4vi miten k\u00e4vi, toivon kummallekin maalle hyv\u00e4\u00e4, presidentti kirjoittaa.<\/p>\n<p>Trump my\u00f6s kertoo Yhdysvaltojen jatkavan aseiden toimittamista Natolle, joka saa tehd\u00e4 niill\u00e4 mit\u00e4 haluaa. Loppukaneettina Trump viel\u00e4 toivottaa hyv\u00e4\u00e4 onnea kaikille huutomerkin kera.<\/p>\n<p>Zelenskyi piti tapaamista Trumpin kanssa onnistuneena ja arvioi, ett\u00e4 Trumpin uusin lausunto on &#8221;iso liikahdus&#8221;.<\/p>\n<p>\u2013 Odotamme Yhdysvaltain toimien painostavan Ven\u00e4j\u00e4n kohti rauhaa, Zelenskyi kommentoi<\/p>\n<p>Ven\u00e4l\u00e4iskoneet alas Naton ilmatilasta<\/p>\n<p>Ennen Truth Social -p\u00e4ivityst\u00e4\u00e4n Trump kertoi toimittajille, ett\u00e4 h\u00e4nen mielest\u00e4\u00e4n sotilasliitto Naton j\u00e4senmaiden pit\u00e4isi ampua alas ven\u00e4l\u00e4iset lentokoneet, jos ne loukkaavat maiden ilmatilaa. Trumpin kommentti oli vastaus toimittajan kysymykseen Trumpin ja Zelenskyin tapaamisen yhteydess\u00e4.<\/p>\n<p>Kysymykseen siit\u00e4, luottaako h\u00e4n edelleen Ven\u00e4j\u00e4n presidenttiin Vladimir Putiniin, Trump ei antanut suoraa vastausta. H\u00e4n lupasi kertoa n\u00e4kemyksens\u00e4 noin kuukauden kuluttua.<\/p>\n<p>Trump ja Putin tapasivat elokuussa Alaskassa. Trump on aiemmin toistuvasti antanut takarajoja p\u00e4\u00e4t\u00f6kselleen muun muassa mahdollisten uusien pakotteiden asettamisesta Ven\u00e4j\u00e4lle, mutta linjausta ei ole viel\u00e4 tullut.<\/p>\n<p>Trumpin ja Zelenskyin tapaaminen Yhdysvalloissa viime helmikuussa oli riitaisa. New Yorkissa s\u00e4vy oli todella erilainen, sill\u00e4 Trump muun muassa kertoi kunnioittavansa Ukrainan taistelua.<\/p>\n<p>\u2013\u2009 Se on oikeastaan aika mahtavaa, h\u00e4n lausui.<\/p>\n<p>Zelenskyi puolestaan kiitti Trumpia t\u00e4m\u00e4n pyrkimyksist\u00e4 saada sota loppumaan. Lis\u00e4ksi Zelenskyi toisti Trumpinkin esitt\u00e4m\u00e4n vaatimuksen siit\u00e4, ett\u00e4 Euroopan maiden on lopetettava \u00f6ljyn ostaminen Ven\u00e4j\u00e4lt\u00e4.<\/p>\n<p>Ilmatilaloukkaukset puhuttavat<\/p>\n<p>Ven\u00e4j\u00e4n ja Euroopan maiden v\u00e4liset j\u00e4nnitteet ovat entisest\u00e4\u00e4n kiristyneet viimeaikaisten ilmatilaloukkausten vuoksi. Esimerkiksi viime viikolla kolme ven\u00e4l\u00e4ish\u00e4vitt\u00e4j\u00e4\u00e4 loukkasi Viron ilmatilaa noin 12 minuutin ajan, mink\u00e4 vuoksi Viro pyysi koolle YK:n turvallisuusneuvoston h\u00e4t\u00e4kokouksen.<\/p>\n<p>Aiemmin t\u00e4ss\u00e4 kuussa Nato-maa Puola kertoi ven\u00e4l\u00e4isten droonien loukanneen sen ilmatilaa Ukrainaan kohdistuneen hy\u00f6kk\u00e4yksen yhteydess\u00e4. Trump sanoi alun perin, ett\u00e4 kyse saattoi olla virheest\u00e4, mutta h\u00e4nen tuoreimmat kommenttinsa osoittavat \u00e4\u00e4nenpainon koventuneen huomattavasti.<\/p>\n<p>EU-komission puheenjohtaja <strong class=\"typography-bold\">Ursula von der Leyen<\/strong> kertoi keskiviikkona keskustelleensa toistuvista ilmatilaloukkauksista Trumpin kanssa. Lis\u00e4ksi von der Leyen kertoo olleensa Trumpin kanssa yht\u00e4 mielt\u00e4 siit\u00e4, ett\u00e4 Ven\u00e4j\u00e4n fossiilisista polttoaineista saamia tuloja on pienennett\u00e4v\u00e4 ja nopeasti.<\/p>\n","protected":false},"excerpt":{"rendered":"Aiemmin Trump kertoi ajattelevansa, ett\u00e4 Nato-maiden pit\u00e4isi ampua alas niiden ilmatilaa loukkaavat ven\u00e4l\u00e4iskoneet. Yhdysvaltain presidentti Donald Trump kertoo&hellip;\n","protected":false},"author":2,"featured_media":43482,"comment_status":"","ping_status":"","sticky":false,"template":"","format":"standard","meta":{"footnotes":""},"categories":[14],"tags":[22,23,26,27,33,31,30,17,24,25,28,29,15,18,21,32,19,20,56,16,59,60,61],"class_list":{"0":"post-43481","1":"post","2":"type-post","3":"status-publish","4":"format-standard","5":"has-post-thumbnail","7":"category-ulkomaat","8":"tag-breaking-news","9":"tag-breakingnews","10":"tag-featured-news","11":"tag-featurednews","12":"tag-fi","13":"tag-finland","14":"tag-finnish","15":"tag-headlines","16":"tag-latest-news","17":"tag-latestnews","18":"tag-main-news","19":"tag-mainnews","20":"tag-news","21":"tag-otsikot","22":"tag-paauutiset","23":"tag-suomi","24":"tag-top-stories","25":"tag-topstories","26":"tag-ulkomaat","27":"tag-uutiset","28":"tag-world","29":"tag-world-news","30":"tag-worldnews"},"share_on_mastodon":{"url":"","error":""},"_links":{"self":[{"href":"https:\/\/www.europesays.com\/fi\/wp-json\/wp\/v2\/posts\/43481","targetHints":{"allow":["GET"]}}],"collection":[{"href":"https:\/\/www.europesays.com\/fi\/wp-json\/wp\/v2\/posts"}],"about":[{"href":"https:\/\/www.europesays.com\/fi\/wp-json\/wp\/v2\/types\/post"}],"author":[{"embeddable":true,"href":"https:\/\/www.europesays.com\/fi\/wp-json\/wp\/v2\/users\/2"}],"replies":[{"embeddable":true,"href":"https:\/\/www.europesays.com\/fi\/wp-json\/wp\/v2\/comments?post=43481"}],"version-history":[{"count":0,"href":"https:\/\/www.europesays.com\/fi\/wp-json\/wp\/v2\/posts\/43481\/revisions"}],"wp:featuredmedia":[{"embeddable":true,"href":"https:\/\/www.europesays.com\/fi\/wp-json\/wp\/v2\/media\/43482"}],"wp:attachment":[{"href":"https:\/\/www.europesays.com\/fi\/wp-json\/wp\/v2\/media?parent=43481"}],"wp:term":[{"taxonomy":"category","embeddable":true,"href":"https:\/\/www.europesays.com\/fi\/wp-json\/wp\/v2\/categories?post=43481"},{"taxonomy":"post_tag","embeddable":true,"href":"https:\/\/www.europesays.com\/fi\/wp-json\/wp\/v2\/tags?post=43481"}],"curies":[{"name":"wp","href":"https:\/\/api.w.org\/{rel}","templated":true}]}}