{"id":43485,"date":"2025-09-23T21:46:07","date_gmt":"2025-09-23T21:46:07","guid":{"rendered":"https:\/\/www.europesays.com\/fi\/43485\/"},"modified":"2025-09-23T21:46:07","modified_gmt":"2025-09-23T21:46:07","slug":"hongkongissa-myrskyvaroitus-on-nostettu-korkeimpaan-luokkaan-taifuunin-alla","status":"publish","type":"post","link":"https:\/\/www.europesays.com\/fi\/43485\/","title":{"rendered":"Hongkongissa myrskyvaroitus on nostettu korkeimpaan luokkaan taifuunin alla"},"content":{"rendered":"<p>Hirmumyrskyt|Hongkongin paikallisen s\u00e4\u00e4viranomaisen mukaan korkein varoitus tarkoittaa, ett\u00e4 odotettavissa on l\u00e4hes 33 metri\u00e4 sekunnissa puhaltavia tuulia.<\/p>\n<p>23.9. 23:33<\/p>\n<p class=\"article-body mb-nof-24 px-nof-16\">Hongkongissa myrskyvaroitus on nostettu korkeimpaan luokkaan Ragasa-taifuunin alla.<\/p>\n<p class=\"article-body mb-nof-24 px-nof-16\">Hongkongin paikallisen s\u00e4\u00e4viranomaisen mukaan korkein varoitus tarkoittaa, ett\u00e4 odotettavissa on l\u00e4hes 33 metri\u00e4 sekunnissa puhaltavia tuulia.<\/p>\n<p class=\"article-body mb-nof-24 px-nof-16\">Hirmumyrsky on tuonut mukanaan voimakkaita tuulia ja rankkasateita Kiinan etel\u00e4iselle rannikolle Suomen aikaa my\u00f6h\u00e4\u00e4n tiistaina.<\/p>\n<p class=\"article-body mb-nof-24 px-nof-16\">Ragasa-supertaifuunia on etuk\u00e4teen verrattu kaupungin l\u00e4hihistorian tuhoisimpiin myrskyihin vuosilta 2017 ja 2018. Ne aiheuttivat satojen miljoonien eurojen vahingot.<\/p>\n","protected":false},"excerpt":{"rendered":"Hirmumyrskyt|Hongkongin paikallisen s\u00e4\u00e4viranomaisen mukaan korkein varoitus tarkoittaa, ett\u00e4 odotettavissa on l\u00e4hes 33 metri\u00e4 sekunnissa puhaltavia tuulia. 23.9. 23:33&hellip;\n","protected":false},"author":2,"featured_media":83,"comment_status":"","ping_status":"","sticky":false,"template":"","format":"standard","meta":{"footnotes":""},"categories":[5],"tags":[22,23,26,27,33,31,30,17,46,24,25,28,29,15,18,21,32,19,20,16],"class_list":{"0":"post-43485","1":"post","2":"type-post","3":"status-publish","4":"format-standard","5":"has-post-thumbnail","7":"category-otsikot","8":"tag-breaking-news","9":"tag-breakingnews","10":"tag-featured-news","11":"tag-featurednews","12":"tag-fi","13":"tag-finland","14":"tag-finnish","15":"tag-headlines","16":"tag-helsingin-sanomat","17":"tag-latest-news","18":"tag-latestnews","19":"tag-main-news","20":"tag-mainnews","21":"tag-news","22":"tag-otsikot","23":"tag-paauutiset","24":"tag-suomi","25":"tag-top-stories","26":"tag-topstories","27":"tag-uutiset"},"share_on_mastodon":{"url":"","error":""},"_links":{"self":[{"href":"https:\/\/www.europesays.com\/fi\/wp-json\/wp\/v2\/posts\/43485","targetHints":{"allow":["GET"]}}],"collection":[{"href":"https:\/\/www.europesays.com\/fi\/wp-json\/wp\/v2\/posts"}],"about":[{"href":"https:\/\/www.europesays.com\/fi\/wp-json\/wp\/v2\/types\/post"}],"author":[{"embeddable":true,"href":"https:\/\/www.europesays.com\/fi\/wp-json\/wp\/v2\/users\/2"}],"replies":[{"embeddable":true,"href":"https:\/\/www.europesays.com\/fi\/wp-json\/wp\/v2\/comments?post=43485"}],"version-history":[{"count":0,"href":"https:\/\/www.europesays.com\/fi\/wp-json\/wp\/v2\/posts\/43485\/revisions"}],"wp:featuredmedia":[{"embeddable":true,"href":"https:\/\/www.europesays.com\/fi\/wp-json\/wp\/v2\/media\/83"}],"wp:attachment":[{"href":"https:\/\/www.europesays.com\/fi\/wp-json\/wp\/v2\/media?parent=43485"}],"wp:term":[{"taxonomy":"category","embeddable":true,"href":"https:\/\/www.europesays.com\/fi\/wp-json\/wp\/v2\/categories?post=43485"},{"taxonomy":"post_tag","embeddable":true,"href":"https:\/\/www.europesays.com\/fi\/wp-json\/wp\/v2\/tags?post=43485"}],"curies":[{"name":"wp","href":"https:\/\/api.w.org\/{rel}","templated":true}]}}