{"id":43488,"date":"2025-09-23T22:05:09","date_gmt":"2025-09-23T22:05:09","guid":{"rendered":"https:\/\/www.europesays.com\/fi\/43488\/"},"modified":"2025-09-23T22:05:09","modified_gmt":"2025-09-23T22:05:09","slug":"hjkn-leirista-raju-purkaus-mita-siina-mietittiin","status":"publish","type":"post","link":"https:\/\/www.europesays.com\/fi\/43488\/","title":{"rendered":"HJK:n leirist\u00e4 raju purkaus: \u201dMit\u00e4 siin\u00e4 mietittiin?\u201d"},"content":{"rendered":"<p>Helsingin Jalkapalloklubi j\u00e4i maalittomaan tasapeliin Interin vieraana. Suomen cupin finaalista oli vain kolme p\u00e4iv\u00e4\u00e4.<\/p>\n<p><img decoding=\"async\" class=\"image image-show image-preview\" src=\"https:\/\/www.europesays.com\/fi\/wp-content\/uploads\/2025\/09\/259d6a54cde960263d6128f44f0d6d33ce14b038cc031ff92030312ca3d7cdf7.jpg\" alt=\"\"\/><img decoding=\"async\" class=\"image image-show\" src=\"https:\/\/www.europesays.com\/fi\/wp-content\/uploads\/2025\/09\/1758665109_879_259d6a54cde960263d6128f44f0d6d33ce14b038cc031ff92030312ca3d7cdf7.jpg\" alt=\"\"\/><\/p>\n<p>HJK:n Alexander Ring kritisoi sarjaohjelmaa. Henrik Siiskonen\/AOP<\/p>\n<p class=\"paragraph\">Veikkausliigassa k\u00e4yd\u00e4\u00e4n parhaillaan mielet\u00f6nt\u00e4 mestaruustaistelua.<\/p>\n<p class=\"paragraph\">Ilves nousi tiistain tuloksilla sarjak\u00e4rkeen, kun se kaatoi Gnistanin, ja Inter valahti kakkoseksi pelattuaan maalittoman tasapelin Turussa HJK:ta vastaan.<\/p>\n<p class=\"paragraph\">Inter on Ilveksest\u00e4 pisteen p\u00e4\u00e4ss\u00e4 ja HJK viiden pisteen p\u00e4\u00e4ss\u00e4, kun j\u00e4ljell\u00e4 on kahdeksan ottelua per joukkue.<\/p>\n<p class=\"paragraph\">Nyt taistellaan mestaruudesta, mutta HJK p\u00e4\u00e4si riemuitsemaan vastik\u00e4\u00e4n Suomen cupin voittoa, kun KuPS kaatui lauantaina.<\/p>\n<p class=\"paragraph\">Inter-ottelu tuli nopeasti, ja t\u00e4m\u00e4 sapetti suuresti HJK:n leiriss\u00e4. Sek\u00e4 pelaajisto ett\u00e4 valmennus ottivat asian k\u00e4yt\u00e4nn\u00f6ss\u00e4 ensi t\u00f6ikseen itse esiin.<\/p>\n<p class=\"paragraph\">Klubin <strong>Alexander Ringi\u00e4<\/strong> asia vaikutti kismitt\u00e4v\u00e4n Iltalehden haastattelussa.<\/p>\n<p class=\"paragraph\">\u2013 Ihan ok vieraspelitulos siihen n\u00e4hden, ett\u00e4 meill\u00e4 oli kaksi p\u00e4iv\u00e4\u00e4 aikaa palautua. Se on asia erikseen, mit\u00e4 siin\u00e4 (ottelup\u00e4ivien aikataulutuksissa) mietittiin. Ihan hyv\u00e4 esitys meilt\u00e4 varsinkin puolustuksellisesti, Ring kertasi pelin j\u00e4lkeen.<\/p>\n<p class=\"paragraph\">Iltalehti kysyi, vaikuttiko lyhyt palautumisaika siin\u00e4 tapauksessa HJK:n kapteenin mielest\u00e4 otteluun ratkaisevalla tavalla.<\/p>\n<p class=\"paragraph\">\u2013 En sit\u00e4 sano. Mielest\u00e4ni jalka liikkui hyvin. Ehk\u00e4 viimeinen ter\u00e4vyys puuttui, mutta se on ihan normaalia, ei mik\u00e4\u00e4n tekosyy. Pit\u00e4\u00e4 v\u00e4h\u00e4n silti mietti\u00e4 pelaajienkin terveytt\u00e4, kun peli laitetaan niin, ett\u00e4 on pari p\u00e4iv\u00e4\u00e4 siit\u00e4, kun on pelannut cupin finaalissa. Onhan se kiistanalaista ainakin, Ring kritisoi.<\/p>\n<p>\u201dMiika p\u00e4\u00e4tt\u00e4\u00e4\u201d<\/p>\n<p>FC Interill\u00e4 oli HJK:ta enemm\u00e4n lepoaikaa. Henrik Siiskonen\/AOP<\/p>\n<p class=\"paragraph\">HJK vaihtoi Suomen cupin avauskokoonpanoaan Inter-otteluun kolmen pelaajan verran, joten t\u00e4ysin uusiksi porukkaa ei laitettu.<\/p>\n<p class=\"paragraph\">J\u00e4rin r\u00e4j\u00e4ht\u00e4v\u00e4\u00e4 esityst\u00e4 Turussa ei n\u00e4hty.<\/p>\n<p class=\"paragraph\">\u2013 <strong>Miikahan<\/strong> (HJK:n p\u00e4\u00e4valmentaja Nuutinen) sen p\u00e4\u00e4tt\u00e4\u00e4, keit\u00e4 lepuuttaa. Varmaan tarvitsimme v\u00e4h\u00e4n tuoreita jalkoja t\u00e4n\u00e4\u00e4n, Ring totesi.<\/p>\n<p class=\"paragraph\">Mestaruustaistelun kannalta t\u00e4m\u00e4 peli ei muuttanut Ringin mukaan juuri mit\u00e4\u00e4n.<\/p>\n<p class=\"paragraph\">\u2013 Minimitulos vieraissa. Voitot v\u00e4hint\u00e4\u00e4n pit\u00e4\u00e4 hoitaa kotona.<\/p>\n<p class=\"paragraph\">Ringin tavoin my\u00f6s p\u00e4\u00e4valmentaja Nuutinen kritisoi otteluohjelmaa. H\u00e4n otti asian puheeksi lehdist\u00f6tilaisuudessa.<\/p>\n<p class=\"paragraph\">\u2013 Lyhyell\u00e4 palautumisajalla tulimme matsiin. Toisen puoliajan jouduimme puolustamaan enemm\u00e4n kuin olisimme halunneet. Inter antoi painetta, Nuutinen sanoi.<\/p>\n<p class=\"paragraph\">Nuutinen sanoi tuloksen olevan &#8221;ihan ok&#8221;, mutta se harmitti, ett\u00e4 Interill\u00e4 oli enemm\u00e4n lepoaikaa kuin Klubilla.<\/p>\n<p class=\"paragraph\">\u2013 En ymm\u00e4rr\u00e4, miksi cupin finaalin j\u00e4lkeen meid\u00e4t laitetaan pelaamaan n\u00e4in aikaisin. Miten arvostetaan n\u00e4it\u00e4 omia kilpailuja? Nuutinen ihmetteli.<\/p>\n<p class=\"paragraph\">Nuutinen jatkoi, ettei h\u00e4n halua selitell\u00e4 tappiota lyhyell\u00e4 lepoajalla, mutta siit\u00e4 huolimatta juuri t\u00e4m\u00e4 oli HJK:n leiriss\u00e4 p\u00e4\u00e4llimm\u00e4inen teema pelin j\u00e4lkeen.<\/p>\n<p>Interin vastaus<\/p>\n<p>Vesa Vasaran mielest\u00e4 erot otteluohjelmassa eiv\u00e4t n\u00e4kyneet ottelun alussa. Juha Tamminen \/ AOP<\/p>\n<p class=\"paragraph\">Interill\u00e4 on ollut selv\u00e4sti enemm\u00e4n lepoaikaa, sill\u00e4 yli kolmeen viikkoon t\u00e4m\u00e4 oli vasta toinen ottelu joukkueelle.<\/p>\n<p class=\"paragraph\">Iltalehti tiedusteli Interin 24-vuotiaalta keskikentt\u00e4pelaajalta <strong>Johannes Yli-Kokolta<\/strong>, vaikuttiko lepoetu pelisuunnitelmiin.<\/p>\n<p class=\"paragraph\">\u2013 Ei siit\u00e4 ollut oikeastaan mit\u00e4\u00e4n, ei vaikuttanut mill\u00e4\u00e4n tavalla. Normaali valmistautuminen, Yli-Kokko kertoi.<\/p>\n<p class=\"paragraph\">Interin p\u00e4\u00e4valmentaja <strong>Vesa Vasara<\/strong> totesi ymm\u00e4rt\u00e4v\u00e4ns\u00e4 Nuutisen kritiikki\u00e4 lyhyest\u00e4 lepoajasta, mutta kertoi kokeneensa, ettei t\u00e4m\u00e4 ollut ep\u00e4reilu asetelma.<\/p>\n<p class=\"paragraph\">\u2013 Se ei 1. puoliajalla n\u00e4kynyt. En n\u00e4hnyt, ett\u00e4 olisi ollut selv\u00e4 etu. Yleens\u00e4 pelaajat pystyv\u00e4t kaksi peli\u00e4 hyvin suorittamaan. Ehk\u00e4 loppua kohden oli meill\u00e4 muutamia saumoja, Vasara kuittasi.<\/p>\n<p class=\"paragraph\">Turkulaisten luotsin mukaan pukukopissa oli paljon pettyneit\u00e4 pelaajia. Yli-Kokko vahvisti saman Iltalehdelle.<\/p>\n<p class=\"paragraph\">\u2013 Emme ole tietenk\u00e4\u00e4n tyytyv\u00e4isi\u00e4. Voittoa l\u00e4hdimme hakemaan, emmek\u00e4 saaneet paikoista sis\u00e4\u00e4n.<\/p>\n","protected":false},"excerpt":{"rendered":"Helsingin Jalkapalloklubi j\u00e4i maalittomaan tasapeliin Interin vieraana. Suomen cupin finaalista oli vain kolme p\u00e4iv\u00e4\u00e4. HJK:n Alexander Ring kritisoi&hellip;\n","protected":false},"author":2,"featured_media":43489,"comment_status":"","ping_status":"","sticky":false,"template":"","format":"standard","meta":{"footnotes":""},"categories":[158],"tags":[35,33,31,30,43,42,41,159,44,32,160,45],"class_list":{"0":"post-43488","1":"post","2":"type-post","3":"status-publish","4":"format-standard","5":"has-post-thumbnail","7":"category-urheilu","8":"tag-24h","9":"tag-fi","10":"tag-finland","11":"tag-finnish","12":"tag-jalkapallo","13":"tag-jalkapalloon-perustuvat-lajit","14":"tag-liikunta-ja-urheilu","15":"tag-sports","16":"tag-suomen-jalkapallo","17":"tag-suomi","18":"tag-urheilu","19":"tag-veikkausliiga"},"share_on_mastodon":{"url":"","error":""},"_links":{"self":[{"href":"https:\/\/www.europesays.com\/fi\/wp-json\/wp\/v2\/posts\/43488","targetHints":{"allow":["GET"]}}],"collection":[{"href":"https:\/\/www.europesays.com\/fi\/wp-json\/wp\/v2\/posts"}],"about":[{"href":"https:\/\/www.europesays.com\/fi\/wp-json\/wp\/v2\/types\/post"}],"author":[{"embeddable":true,"href":"https:\/\/www.europesays.com\/fi\/wp-json\/wp\/v2\/users\/2"}],"replies":[{"embeddable":true,"href":"https:\/\/www.europesays.com\/fi\/wp-json\/wp\/v2\/comments?post=43488"}],"version-history":[{"count":0,"href":"https:\/\/www.europesays.com\/fi\/wp-json\/wp\/v2\/posts\/43488\/revisions"}],"wp:featuredmedia":[{"embeddable":true,"href":"https:\/\/www.europesays.com\/fi\/wp-json\/wp\/v2\/media\/43489"}],"wp:attachment":[{"href":"https:\/\/www.europesays.com\/fi\/wp-json\/wp\/v2\/media?parent=43488"}],"wp:term":[{"taxonomy":"category","embeddable":true,"href":"https:\/\/www.europesays.com\/fi\/wp-json\/wp\/v2\/categories?post=43488"},{"taxonomy":"post_tag","embeddable":true,"href":"https:\/\/www.europesays.com\/fi\/wp-json\/wp\/v2\/tags?post=43488"}],"curies":[{"name":"wp","href":"https:\/\/api.w.org\/{rel}","templated":true}]}}