{"id":43490,"date":"2025-09-23T22:06:14","date_gmt":"2025-09-23T22:06:14","guid":{"rendered":"https:\/\/www.europesays.com\/fi\/43490\/"},"modified":"2025-09-23T22:06:14","modified_gmt":"2025-09-23T22:06:14","slug":"helena-ahti-hallberg-arahtaa-kehtaa-viela-urputtaa-peraan","status":"publish","type":"post","link":"https:\/\/www.europesays.com\/fi\/43490\/","title":{"rendered":"Helena Ahti-Hallberg \u00e4r\u00e4ht\u00e4\u00e4: \u201dKehtaa viel\u00e4 urputtaa per\u00e4\u00e4n\u201d"},"content":{"rendered":"<p>Tanssii t\u00e4htien kanssa -ohjelmassa koettiin sunnuntaina pudotus, jota moni ei osannut odottaa. Kilpailusta putosi <strong>Mira Luoti <\/strong>ja h\u00e4nen t\u00e4htivalmentajansa <strong>Anssi Heikkil\u00e4<\/strong>. Anssi on voittanut kilpailun kaksi edellist\u00e4 kautta, mutta voittoputki ei t\u00e4ll\u00e4 kerralla jatkunut. Mira on moniin muihin osallistujiin n\u00e4hden eritt\u00e4in hyv\u00e4 tanssija, mutta sill\u00e4 ei t\u00e4ll\u00e4 kerralla t\u00e4t\u00e4 pidemm\u00e4lle.<\/p>\n<p>Miran ja Anssin putoaminen n\u00e4in alussa kisaa sai aikaiseksi jonkinlaisen kohun. Aiheesta on puhuttu sen my\u00f6t\u00e4 sek\u00e4 hyv\u00e4\u00e4 ett\u00e4 pahaa. T\u00e4h\u00e4n ottaa kantaa nyt my\u00f6s ohjelman tuomaristoon kuuluva <strong>Helena Ahti-Hallberg<\/strong>, joka kommentoi aihetta \u00e4k\u00e4isen oloisena.<\/p>\n<p>\u2013 Niin se vaan menee, ett\u00e4 meid\u00e4n tuomarien \u00e4\u00e4nill\u00e4 ei kovin suurta merkityst\u00e4 ole. Kansa p\u00e4\u00e4tt\u00e4\u00e4 ja kehtaa viel\u00e4 urputtaa per\u00e4\u00e4n. Ihan turhaan ei pyydet\u00e4 \u00e4\u00e4nest\u00e4m\u00e4\u00e4n omaa suosikkia, kirjoittaa Helena.<\/p>\n<p>Helena my\u00f6nt\u00e4\u00e4, ett\u00e4 illan onnistuja tuntuu vaihtuvan meneill\u00e4\u00e4n olevalla kaudella jokaisessa l\u00e4hetyksess\u00e4. Se on h\u00e4nen mielest\u00e4\u00e4n hyv\u00e4 asia.<\/p>\n<p>\u2013 Mun mielest\u00e4 juuri se tekee t\u00e4st\u00e4 kaudesta mielenkiintoisen. On hienoa, ett\u00e4 kukaan ei ole ylivoimainen, saamme nauttia useista onnistumisista ja n\u00e4hd\u00e4 hienoja kehityskaaria, toteaa Helena.<\/p>\n<p>Julkaisun sanomaan ei ole otettu juuri kantaa. Sen sijaan Helena ja h\u00e4nen asunsa ovat saaneet paljon kehuja.<\/p>\n<p>Jos upotus ei n\u00e4y, avaa se auki <a href=\"https:\/\/www.instagram.com\/p\/DO8LEzKCGI3\/?utm_source=ig_web_copy_link&amp;igsh=MzRlODBiNWFlZA==\" target=\"_blank\" rel=\"noreferrer noopener nofollow\">t\u00e4st\u00e4<\/a>.<\/p>\n<p>Lue my\u00f6s: <a href=\"https:\/\/www.como.fi\/tilaa-comon-uutiskirje\/\" title=\"Tilaa Comon uutiskirje ja tied\u00e4t mist\u00e4 kahvitauolla puhutaan! Nappaa kotimaan tv-vinkit ja puheenaiheet suoraan s\u00e4hk\u00f6postiin t\u00e4st\u00e4.\" class=\"underline-custom !font-montserrat !font-bold !underline-offset-4 !decoration-4 !decoration-red-600 !text-md\" rel=\"nofollow noopener\" target=\"_blank\">Tilaa Comon uutiskirje ja tied\u00e4t mist\u00e4 kahvitauolla puhutaan! Nappaa kotimaan tv-vinkit ja puheenaiheet suoraan s\u00e4hk\u00f6postiin t\u00e4st\u00e4.<\/a><\/p>\n<p>\t\t\t<script async src=\"\/\/www.instagram.com\/embed.js\"><\/script><\/p>\n","protected":false},"excerpt":{"rendered":"Tanssii t\u00e4htien kanssa -ohjelmassa koettiin sunnuntaina pudotus, jota moni ei osannut odottaa. Kilpailusta putosi Mira Luoti ja h\u00e4nen&hellip;\n","protected":false},"author":2,"featured_media":43491,"comment_status":"","ping_status":"","sticky":false,"template":"","format":"standard","meta":{"footnotes":""},"categories":[130],"tags":[137,33,31,30,4192,32,109],"class_list":{"0":"post-43490","1":"post","2":"type-post","3":"status-publish","4":"format-standard","5":"has-post-thumbnail","7":"category-viihde","8":"tag-entertainment","9":"tag-fi","10":"tag-finland","11":"tag-finnish","12":"tag-helena-ahti-hallberg","13":"tag-suomi","14":"tag-viihde"},"share_on_mastodon":{"url":"","error":""},"_links":{"self":[{"href":"https:\/\/www.europesays.com\/fi\/wp-json\/wp\/v2\/posts\/43490","targetHints":{"allow":["GET"]}}],"collection":[{"href":"https:\/\/www.europesays.com\/fi\/wp-json\/wp\/v2\/posts"}],"about":[{"href":"https:\/\/www.europesays.com\/fi\/wp-json\/wp\/v2\/types\/post"}],"author":[{"embeddable":true,"href":"https:\/\/www.europesays.com\/fi\/wp-json\/wp\/v2\/users\/2"}],"replies":[{"embeddable":true,"href":"https:\/\/www.europesays.com\/fi\/wp-json\/wp\/v2\/comments?post=43490"}],"version-history":[{"count":0,"href":"https:\/\/www.europesays.com\/fi\/wp-json\/wp\/v2\/posts\/43490\/revisions"}],"wp:featuredmedia":[{"embeddable":true,"href":"https:\/\/www.europesays.com\/fi\/wp-json\/wp\/v2\/media\/43491"}],"wp:attachment":[{"href":"https:\/\/www.europesays.com\/fi\/wp-json\/wp\/v2\/media?parent=43490"}],"wp:term":[{"taxonomy":"category","embeddable":true,"href":"https:\/\/www.europesays.com\/fi\/wp-json\/wp\/v2\/categories?post=43490"},{"taxonomy":"post_tag","embeddable":true,"href":"https:\/\/www.europesays.com\/fi\/wp-json\/wp\/v2\/tags?post=43490"}],"curies":[{"name":"wp","href":"https:\/\/api.w.org\/{rel}","templated":true}]}}