{"id":43493,"date":"2025-09-23T22:10:07","date_gmt":"2025-09-23T22:10:07","guid":{"rendered":"https:\/\/www.europesays.com\/fi\/43493\/"},"modified":"2025-09-23T22:10:07","modified_gmt":"2025-09-23T22:10:07","slug":"trumpilta-yllattava-lausunto-ukrainasta-kaikki-alueet-takaisin","status":"publish","type":"post","link":"https:\/\/www.europesays.com\/fi\/43493\/","title":{"rendered":"Trumpilta yll\u00e4tt\u00e4v\u00e4 lausunto Ukrainasta: \u201dKaikki alueet takaisin\u201d"},"content":{"rendered":"<p>T\u00e4h\u00e4n artikkeliin on koottu Ukrainan sodan keskeisimm\u00e4t tapahtumat tiistailta 23. syyskuuta 2025. Kyseess\u00e4 on sodan 1308. p\u00e4iv\u00e4.<\/p>\n<p>Trump tapasi Zelenskyin<\/p>\n<p class=\"paragraph\">Yhdysvaltain presidentti <a href=\"https:\/\/www.iltalehti.fi\/henkilot\/Donald Trump\" class=\"article-link-person-page\" rel=\"nofollow noopener\" target=\"_blank\">Donald Trump<\/a> tapasi Ukrainan presidentin <a href=\"https:\/\/www.iltalehti.fi\/henkilot\/Volodymyr Zelenskyi\" class=\"article-link-person-page\" rel=\"nofollow noopener\" target=\"_blank\">Volodymyr Zelenskyin<\/a> tiistaina YK:n yleiskokouksen yhteydess\u00e4.<\/p>\n<p class=\"paragraph\">Asiasta uutisoivat muun muassa uutistoimisto Reuters sek\u00e4 ukrainalaismedia <a href=\"https:\/\/kyivindependent.com\/zelensky-trump-meet-in-new-york\/\" target=\"_blank\" rel=\"noopener nofollow\">The Kyiv Independent<\/a>.<\/p>\n<p class=\"paragraph\">Trump kertoi toimittajille, ett\u00e4 tiistaille on sovittu paljon tapaamisia, mutta kuvasi lausunnossaan tapaamistaan Zelenskyin kanssa \u201dt\u00e4rke\u00e4ksi\u201d.<\/p>\n<p class=\"paragraph\">\u2013 Meill\u00e4 on paljon kunnioitusta Ukrainan taistelua kohtaan. Se on aika uskomatonta, Trump kertoi toimittajille The Kyiv Independentin mukaan.<\/p>\n<p class=\"paragraph\">Kun Trumpilta kysyttiin, luottaako h\u00e4n yh\u00e4 Ven\u00e4j\u00e4n presidenttiin <a href=\"https:\/\/www.iltalehti.fi\/henkilot\/Vladimir Putin\" class=\"article-link-person-page\" rel=\"nofollow noopener\" target=\"_blank\">Vladimir Putiniin,<\/a> sanoi h\u00e4n kertovansa vastauksen \u201dnoin kuukauden kuluttua\u201d.<\/p>\n<p>Trump: Ukraina voi saada kaikki alueensa takaisin<\/p>\n<p class=\"paragraph\">Yhdysvaltain presidentti <a href=\"https:\/\/www.iltalehti.fi\/henkilot\/Donald Trump\" class=\"article-link-person-page\" rel=\"nofollow noopener\" target=\"_blank\">Donald Trump<\/a> sanoi tiistaina, ett\u00e4 Ukrainan on mahdollista saada koko maa takaisin Ven\u00e4j\u00e4lt\u00e4.<\/p>\n<p class=\"paragraph\">Asiasta kertovat uutistoimistot AFP ja Reuters.<\/p>\n<p class=\"paragraph\">Trump on aiemmin sanonut, ett\u00e4 sek\u00e4 Ukrainan ett\u00e4 Ven\u00e4j\u00e4n on luovutettava alueita sodan lopettamiseksi.<\/p>\n<p class=\"paragraph\">Trump kertoo viestipalvelu <a href=\"https:\/\/truthsocial.com\/@realDonaldTrump\/posts\/115255130298104593\" target=\"_blank\" rel=\"noopener nofollow\">Truth Socialissa<\/a> julkaistussa viestiss\u00e4\u00e4n tulleensa toisenlaiseen lopputulemaan sen j\u00e4lkeen, kun h\u00e4n oli tutustunut Ukrainan ja Ven\u00e4j\u00e4n sotilaallisiin ja taloudellisiin tilanteisiin ja saaneensa n\u00e4ist\u00e4 \u201dt\u00e4yden ymm\u00e4rryksen\u201d.<\/p>\n<p class=\"paragraph\">Yhdysvaltain presidentin mukaan Ukraina voi saada kaikki alueensa takaisin nimenomaan EU:n ja Naton tuella.<\/p>\n<p class=\"paragraph\">\u2013 Ajan, k\u00e4rsiv\u00e4llisyyden sek\u00e4 Euroopan ja erityisesti Naton taloudellisen tuen avulla alkuper\u00e4iset rajat, josta t\u00e4m\u00e4 sota alkoi, ovat ehdottomasti mahdolliset saavuttaa, Trump kirjoitti.<\/p>\n<p class=\"paragraph\">Trumpin mukaan Ven\u00e4j\u00e4 on taistellut kolme ja puoli vuotta p\u00e4\u00e4m\u00e4\u00e4r\u00e4tt\u00f6m\u00e4sti sodassa, jonka \u201dTodellinen Sotilaallinen Mahti\u201d olisi voittanut viikossa.<\/p>\n<p class=\"paragraph\">Trumpin mukaan Ukrainan on mahdollista menn\u00e4 t\u00e4st\u00e4kin pidemm\u00e4lle.<\/p>\n<p class=\"paragraph\">Trump kirjoitti my\u00f6s jatkavansa aseiden toimittamista Natolle. Trumpin mukaan Nato voi tehd\u00e4 n\u00e4ill\u00e4 aseilla, \u201dmit\u00e4 se haluaa\u201d.<\/p>\n<p class=\"paragraph\">Viestin lopussa Trump toteaa toivovansa hyv\u00e4\u00e4 sek\u00e4 Ukrainalle ett\u00e4 Ven\u00e4j\u00e4lle ja toivotti onnea molemmille:<\/p>\n<p class=\"paragraph\">\u2013 ONNEA KAIKILLE, Trump kirjoitti.<\/p>\n<p>Trump: Naton ilmatilaa loukkaavat koneet pit\u00e4isi ampua alas<\/p>\n<p class=\"paragraph\">Yhdysvaltain presidentin <strong>Donald Trumpin<\/strong> mukaan Nato-maiden tulisi ampua alas ven\u00e4l\u00e4iset ilma-alukset, jotka loukkaavat Naton ilmatilaa, kertoo muun muassa uutistoimisto Reuters.<\/p>\n<p class=\"paragraph\">Trump kommentoi asiaa ennen tapaamistaan Ukrainan presidentin <strong>Volodymyr Zelenskyin<\/strong> kanssa. Presidentit tapaavat New Yorkin YK-yleiskokouksen yhteydess\u00e4.<\/p>\n<p class=\"paragraph\">Ven\u00e4j\u00e4 loukkasi viimeksi Viron ilmatilaa. Lis\u00e4ksi Ven\u00e4j\u00e4n drooneja on havaittu Puolan ja Romanian alueilla.<\/p>\n<p class=\"paragraph\">Drooneja on havaittu my\u00f6s Norjan ja Tanskan taivaalla, mutta Ven\u00e4j\u00e4 on kiist\u00e4nyt olleensa n\u00e4iden droonien takana.<\/p>\n<p>Nato jyr\u00e4ht\u00e4\u00e4 Ven\u00e4j\u00e4lle<\/p>\n<p class=\"paragraph\">Ven\u00e4l\u00e4iskoneiden ilmatilaloukkaukset Virossa ovat osa Ven\u00e4j\u00e4n entist\u00e4 vastuuttomampaan k\u00e4ytt\u00e4ytymiseen nojaavaa toimintamallia, puolustusliitto Naton t\u00e4rkein p\u00e4\u00e4t\u00f6ksentekoelin Pohjois-Atlantin neuvosto toteaa.<\/p>\n<p class=\"paragraph\">\u2013 Ven\u00e4j\u00e4 kantaa t\u00e4yden vastuun n\u00e4ist\u00e4 toimista, jotka ovat eskaloivia; jotka sis\u00e4lt\u00e4v\u00e4t riskin virhearvioinneille ja jotka vaarantavat ihmishenki\u00e4, julkaistussa lausunnossa sanotaan.<\/p>\n<p class=\"paragraph\">\u2013 N\u00e4iden on loputtava.<\/p>\n<p class=\"paragraph\">Pohjois-Atlantin neuvosto kokoontui tiistaina Viron aktivoitua puolustusliiton nelj\u00e4nnen artiklan. Kyseess\u00e4 oli toinen kerta parin viikon sis\u00e4ll\u00e4, kun neuvosto kokoontui j\u00e4senmaan aktivoitua 4. artiklan. Puola teki saman aiemmin t\u00e4ss\u00e4 kuussa.<\/p>\n<p class=\"paragraph\">Neuvoston julkaisemassa lausunnossa mainitaan my\u00f6s ven\u00e4l\u00e4iskoneiden ilmatilaloukkaukset Suomessa, Latviassa, Liettuassa, Norjassa ja Romaniassa.<\/p>\n<p class=\"paragraph\">Neuvosto ilmoittaa, ett\u00e4 Naton vastaus Ven\u00e4j\u00e4n harkitsemattomiin toimiin tulee olemaan vahva. Lausunnossa muistutetaan jo Puolan ilmatilaloukkauksen j\u00e4lkeen perustetusta Eastern Sentry -operaatiosta, jolla vahvistetaan Naton valmiutta it\u00e4isell\u00e4 sivustalla.<\/p>\n<p class=\"paragraph\">\u2013 Vahvistamme kykyj\u00e4mme ja lujitamme pelote- ja puolustusasemiamme, lausunnossa sanotaan.<\/p>\n<p class=\"paragraph\">Lausunnon lopussa Ven\u00e4j\u00e4lle l\u00e4hetet\u00e4\u00e4n selv\u00e4 viesti, jota \u201dVen\u00e4j\u00e4n ei tulisi ep\u00e4ill\u00e4\u201d.<\/p>\n<p class=\"paragraph\">\u2013 Nato liittolaisineen k\u00e4ytt\u00e4\u00e4 kaikkia tarvittavia sotilaallisia ja ei-sotilaallisia keinoja puolustaakseen itse\u00e4\u00e4n ja torjuakseen kaikki uhat kaikista ilmansuunnista, lausunnossa todetaan.<\/p>\n<p class=\"paragraph\">\u2013 Vastaamme jatkossakin haluamallamme tavalla, valitsemallamme ajankohtana ja valitsemassamme paikassa. Sitoutumisemme viidenteen artiklaan on raudanluja.<\/p>\n<p class=\"paragraph\">Lausunnossa muistutetaan viel\u00e4, ett\u00e4 Ven\u00e4j\u00e4n vastuuttomat teot eiv\u00e4t est\u00e4 Natoa liittolaisineen tukemasta Ukrainaa, jonka turvallisuus on osa Naton turvallisuutta. turvallisuutta.<\/p>\n<p>Ruotsin puolustusvoimat julkaisi kuvia Viron ilmatilaa loukanneista ven\u00e4l\u00e4ish\u00e4vitt\u00e4jist\u00e4. <\/p>\n<p>Ven\u00e4j\u00e4 kommentoi Pohjolaa sekoittaneita drooneja<\/p>\n<p class=\"paragraph\">Kreml on kommentoinut Pohjolan lentoliikennett\u00e4 h\u00e4irinneit\u00e4 drooneja, <a href=\"https:\/\/www.themoscowtimes.com\/2025\/09\/23\/kremlin-denies-role-in-drone-flights-that-disrupted-airports-in-denmark-and-norway-a90599\" target=\"_blank\" rel=\"noopener nofollow\">The Moscow Times kertoo<\/a>.<\/p>\n<p class=\"paragraph\"><a href=\"https:\/\/www.iltalehti.fi\/ulkomaat\/29d57bc1-e57d-4426-948a-d0d6e3eea5e6\" rel=\"nofollow noopener\" target=\"_blank\">Lentoliikenne keskeytettiin<\/a> maanantai-iltana K\u00f6\u00f6penhaminassa sek\u00e4 Oslossa droonihavaintojen vuoksi. K\u00f6\u00f6penhaminan lentoaseman tiedottajan mukaan lentoliikenne avattiin uudelleen yli kolmen tunnin keskeytyksen j\u00e4lkeen.<\/p>\n<p class=\"paragraph\">Oslon ilmatila suljettiin hieman ennen aamukahta Suomen aikaa. My\u00f6s Oslon kentt\u00e4 oli suljettu useita tunteja.<\/p>\n<p class=\"paragraph\">Ukrainan presidentti <a href=\"https:\/\/www.iltalehti.fi\/henkilot\/Volodymyr Zelenskyi\" class=\"article-link-person-page\" rel=\"nofollow noopener\" target=\"_blank\">Volodymyr Zelenskyi<\/a> sanoi tiistaina, ett\u00e4 Ven\u00e4j\u00e4 on K\u00f6\u00f6penhaminan lentokent\u00e4n useiksi tunneiksi sulkeneiden droonien takana.<\/p>\n<p class=\"paragraph\">Kremlin tiedottaja <a href=\"https:\/\/www.iltalehti.fi\/henkilot\/Dmitri Peskov\" class=\"article-link-person-page\" rel=\"nofollow noopener\" target=\"_blank\">Dmitri Peskov<\/a> torjui v\u00e4itteet my\u00f6hemmin toteamalla, ett\u00e4 esitetyt v\u00e4itteet ovat osa jatkumoa.<\/p>\n<p class=\"paragraph\">\u2013 Suoraan sanottuna, perusteettomien v\u00e4itteiden tekeminen uudestaan ja uudestaan johtaa vain siihen, ettei n\u00e4it\u00e4 v\u00e4itteit\u00e4 oteta en\u00e4\u00e4 vakavasti.<\/p>\n","protected":false},"excerpt":{"rendered":"T\u00e4h\u00e4n artikkeliin on koottu Ukrainan sodan keskeisimm\u00e4t tapahtumat tiistailta 23. syyskuuta 2025. Kyseess\u00e4 on sodan 1308. p\u00e4iv\u00e4. Trump&hellip;\n","protected":false},"author":2,"featured_media":43494,"comment_status":"","ping_status":"","sticky":false,"template":"","format":"standard","meta":{"footnotes":""},"categories":[14],"tags":[35,22,23,26,27,33,31,30,17,24,25,28,29,15,18,21,142,637,144,2535,32,19,20,56,16,638,59,60,61],"class_list":{"0":"post-43493","1":"post","2":"type-post","3":"status-publish","4":"format-standard","5":"has-post-thumbnail","7":"category-ulkomaat","8":"tag-24h","9":"tag-breaking-news","10":"tag-breakingnews","11":"tag-featured-news","12":"tag-featurednews","13":"tag-fi","14":"tag-finland","15":"tag-finnish","16":"tag-headlines","17":"tag-latest-news","18":"tag-latestnews","19":"tag-main-news","20":"tag-mainnews","21":"tag-news","22":"tag-otsikot","23":"tag-paauutiset","24":"tag-poliitikot","25":"tag-politiikka","26":"tag-presidentti","27":"tag-puolustuspolitiikka","28":"tag-suomi","29":"tag-top-stories","30":"tag-topstories","31":"tag-ulkomaat","32":"tag-uutiset","33":"tag-valtiovalta","34":"tag-world","35":"tag-world-news","36":"tag-worldnews"},"share_on_mastodon":{"url":"","error":""},"_links":{"self":[{"href":"https:\/\/www.europesays.com\/fi\/wp-json\/wp\/v2\/posts\/43493","targetHints":{"allow":["GET"]}}],"collection":[{"href":"https:\/\/www.europesays.com\/fi\/wp-json\/wp\/v2\/posts"}],"about":[{"href":"https:\/\/www.europesays.com\/fi\/wp-json\/wp\/v2\/types\/post"}],"author":[{"embeddable":true,"href":"https:\/\/www.europesays.com\/fi\/wp-json\/wp\/v2\/users\/2"}],"replies":[{"embeddable":true,"href":"https:\/\/www.europesays.com\/fi\/wp-json\/wp\/v2\/comments?post=43493"}],"version-history":[{"count":0,"href":"https:\/\/www.europesays.com\/fi\/wp-json\/wp\/v2\/posts\/43493\/revisions"}],"wp:featuredmedia":[{"embeddable":true,"href":"https:\/\/www.europesays.com\/fi\/wp-json\/wp\/v2\/media\/43494"}],"wp:attachment":[{"href":"https:\/\/www.europesays.com\/fi\/wp-json\/wp\/v2\/media?parent=43493"}],"wp:term":[{"taxonomy":"category","embeddable":true,"href":"https:\/\/www.europesays.com\/fi\/wp-json\/wp\/v2\/categories?post=43493"},{"taxonomy":"post_tag","embeddable":true,"href":"https:\/\/www.europesays.com\/fi\/wp-json\/wp\/v2\/tags?post=43493"}],"curies":[{"name":"wp","href":"https:\/\/api.w.org\/{rel}","templated":true}]}}