{"id":43609,"date":"2025-09-24T02:06:09","date_gmt":"2025-09-24T02:06:09","guid":{"rendered":"https:\/\/www.europesays.com\/fi\/43609\/"},"modified":"2025-09-24T02:06:09","modified_gmt":"2025-09-24T02:06:09","slug":"kammottava-totuus-elainhoitolasta-julki-kuutit-ryomivat-ulosteissa","status":"publish","type":"post","link":"https:\/\/www.europesays.com\/fi\/43609\/","title":{"rendered":"Kammottava totuus el\u00e4inhoitolasta julki: Kuutit ry\u00f6miv\u00e4t ulosteissa"},"content":{"rendered":"<p>Pohjanmaan k\u00e4r\u00e4j\u00e4oikeus on tuominnut Mustasaaressa toimivan villiel\u00e4inhoitolan pit\u00e4j\u00e4n el\u00e4insuojelurikoksesta sakkoihin.<\/p>\n<p><img decoding=\"async\" class=\"image image-show image-preview\" src=\"https:\/\/www.europesays.com\/fi\/wp-content\/uploads\/2025\/09\/35c83267b8f2da6bb6f76a4dc89b8efefb93fd90fa433bee7a295b235c80100e.png\" alt=\"\"\/><img decoding=\"async\" class=\"image image-show\" src=\"https:\/\/www.europesays.com\/fi\/wp-content\/uploads\/2025\/09\/1758679569_444_35c83267b8f2da6bb6f76a4dc89b8efefb93fd90fa433bee7a295b235c80100e.png\" alt=\"\"\/><\/p>\n<p>Hyv\u00e4voimaisin kuutti suhtautui vihamielisesti vuohiin. Oikeudenk\u00e4yntiaineisto<\/p>\n<ul>\n<li>Villiel\u00e4inhoitolan halli oli h\u00e4m\u00e4r\u00e4, likainen ja vaarallinen, eik\u00e4 parannusta tapahtunut virkael\u00e4inl\u00e4\u00e4k\u00e4rin antamien ohjeiden j\u00e4lkeenk\u00e4\u00e4n.<\/li>\n<li>Liian monta erilaista el\u00e4int\u00e4 eli vierekk\u00e4in toistensa kanssa.<\/li>\n<li>El\u00e4imet kokivat tarvetta piiloutua ja puolustautua. Ne k\u00e4rsiv\u00e4t.<\/li>\n<\/ul>\n<p class=\"paragraph\">K\u00e4r\u00e4j\u00e4oikeus toteaa, ett\u00e4 71-vuotias mies syyllistyi rikokseen t\u00f6rke\u00e4ll\u00e4 huolimattomuudella. H\u00e4n ei kuitenkaan tehnyt rikosta tahallisesti.<\/p>\n<p class=\"paragraph\">Miehen rangaistus on 45 p\u00e4iv\u00e4sakkoa, joista maksettavaa kertyy 630 euroa.<\/p>\n<p class=\"paragraph\">K\u00e4r\u00e4j\u00e4oikeus otti huomioon my\u00f6s rikostutkinnan saaman <a href=\"https:\/\/www.iltalehti.fi\/kotimaa\/9e4f63e4-39e8-4e67-ad66-e53a08bc06bd\" rel=\"nofollow noopener\" target=\"_blank\">huomattavan julkisuuden<\/a>. Yhdistys on menett\u00e4nyt sen vuoksi tukijoitaan.<\/p>\n<p>Huomautuksilla ei vaikutusta<\/p>\n<p class=\"paragraph\">71-vuotias mies kiisti rikokset. H\u00e4n huomautti muun muassa, ett\u00e4 remontti oli kesken, vieraat ihmiset pel\u00e4styttiv\u00e4t el\u00e4imet ja ettei juoma-astioita oltu tarkastusaikaan viel\u00e4 ehditty puhdistamaan.<\/p>\n<p>Kuutit hakeutuivat suojaan hallin seinustoille. Iltalehti <\/p>\n<p class=\"paragraph\">K\u00e4r\u00e4j\u00e4oikeus kuitenkin luotti enemm\u00e4n tarkastusta tehneiden vastuuel\u00e4inl\u00e4\u00e4k\u00e4reiden todistuksiin, tarkastuskertomuksiin sek\u00e4 valokuvatodisteisiin. K\u00e4r\u00e4j\u00e4oikeus katsoi n\u00e4ytetyksi toteen, ett\u00e4 el\u00e4inhoitolan toiminnassa oli pahoja puutteita, joiden vuoksi moni hoidettavista el\u00e4imist\u00e4 koki tarpeetonta k\u00e4rsimyst\u00e4 ja tuskaa.<\/p>\n<p class=\"paragraph\">Useimpien hoitolan el\u00e4inten pitopaikkana oli 130 neli\u00f6n suuruinen halli vuonna 2022, kun tarkastuksia tehtiin. Hallin sis\u00e4ll\u00e4 oli h\u00e4m\u00e4r\u00e4\u00e4, ikkunoita oli vain yhdell\u00e4 sein\u00e4ll\u00e4.<\/p>\n<p class=\"paragraph\">Valaistusta ei ollut parannettu el\u00e4inl\u00e4\u00e4k\u00e4rien huomautusten j\u00e4lkeenk\u00e4\u00e4n. El\u00e4imet eiv\u00e4t n\u00e4iss\u00e4 oloissa voineet toteuttaa fysiologisia taipumuksiaan.<\/p>\n<p>Halli oli sekalaisia tavaroita t\u00e4ynn\u00e4. Osin rojut liittyiv\u00e4t pitkittyneeseen remonttiin. OIKEUDENK\u00c4YNTIAINEISTO<\/p>\n<p>Monta lajia samassa tilassa<\/p>\n<p class=\"paragraph\">K\u00e4r\u00e4j\u00e4oikeuden mukaan pitopaikka ei ollut el\u00e4imille turvallinen. Hallissa oli samassa tilassa viisi harmaahylkeen kuuttia, yksi joutsen, viisi vuohta ja kuusi kanaa.<\/p>\n<p class=\"paragraph\">Tilanpuute ja vieraat lajit stressasivat hoidokkeja. El\u00e4imet kokivat tarvetta puolustautua toisten el\u00e4inten tullessa l\u00e4helle.<\/p>\n<p class=\"paragraph\">Tarkastajien saapuessa kuutit olivat k\u00e4tkeytyneet tavaroiden sekaan. Erilaiset esineet aiheuttivat hallin el\u00e4imille loukkaantumisriskin. Osin n\u00e4m\u00e4 tavarat liittyiv\u00e4t keskener\u00e4iseen remonttiin.<\/p>\n<p class=\"paragraph\">Hallin lattia oli niin ik\u00e4\u00e4n osittain likainen ja m\u00e4rk\u00e4.<\/p>\n<p class=\"paragraph\">Kuutit joutuivat liikkumaan lattialla, jossa oli muiden el\u00e4inten j\u00e4t\u00f6ksi\u00e4. Nuori joutsen oli likainen. Hallissa oli lis\u00e4ksi kolme joutsenta erillisess\u00e4 karsinassa.<\/p>\n<p class=\"paragraph\">Vuohien rehu oli likaantunutta.<\/p>\n<p>Ei kunnon vett\u00e4 juotavaksi<\/p>\n<p class=\"paragraph\">Hoidokeilla ei ollut tarjolla puhdasta vett\u00e4. Kuuttien ruokinta-astiassa oli veden seassa kuolleita kaloja, eristevillaa, heini\u00e4 ja muovinen s\u00e4ilytysrasia. Joutsenten karsinan juoma-astiassa oli vain hieman likasta vett\u00e4 pohjalla.<\/p>\n<p class=\"paragraph\">Kuutit ja joutsenet eiv\u00e4t voineet edes p\u00e4\u00e4t\u00e4\u00e4n kastella. Niill\u00e4 ei ollut p\u00e4\u00e4sy\u00e4 veteen, luontaiseen ymp\u00e4rist\u00f6\u00f6ns\u00e4.<\/p>\n<p class=\"paragraph\">Kuuttien ruokintaletku oli vaarallisen ter\u00e4v\u00e4.<\/p>\n<p>Kuuttien juoma-astia oli tarkastushetkell\u00e4 huhtikuussa 2022 todella t\u00f6rkyinen. Oikeudenk\u00e4yntiaineisto<\/p>\n<p>Kauris ei ollut laiton el\u00e4tti<\/p>\n<p class=\"paragraph\">71-vuotiasta miest\u00e4  syytettiin my\u00f6s siit\u00e4, ett\u00e4 h\u00e4n olisi ottanut mets\u00e4kauriin el\u00e4tett\u00e4v\u00e4ksi. Kaurista pidettiin samassa tilassa koirien kanssa. Kauris oli leimautunut koiriin. Luonnonvaraista el\u00e4int\u00e4 ei saa ottaa lemmikiksi.<\/p>\n<p class=\"paragraph\">T\u00e4lt\u00e4 osin oikeus kuitenkin hylk\u00e4si syytteen. Oikeus piti uskottavana ik\u00e4miehen kertomusta, ettei kaurista voitu p\u00e4<\/p>\n","protected":false},"excerpt":{"rendered":"Pohjanmaan k\u00e4r\u00e4j\u00e4oikeus on tuominnut Mustasaaressa toimivan villiel\u00e4inhoitolan pit\u00e4j\u00e4n el\u00e4insuojelurikoksesta sakkoihin. Hyv\u00e4voimaisin kuutti suhtautui vihamielisesti vuohiin. Oikeudenk\u00e4yntiaineisto Villiel\u00e4inhoitolan halli&hellip;\n","protected":false},"author":2,"featured_media":43610,"comment_status":"","ping_status":"","sticky":false,"template":"","format":"standard","meta":{"footnotes":""},"categories":[5],"tags":[35,22,23,404,26,27,33,31,30,17,53,24,25,931,28,29,15,785,18,21,591,32,19,20,16],"class_list":{"0":"post-43609","1":"post","2":"type-post","3":"status-publish","4":"format-standard","5":"has-post-thumbnail","7":"category-otsikot","8":"tag-24h","9":"tag-breaking-news","10":"tag-breakingnews","11":"tag-elaimet","12":"tag-featured-news","13":"tag-featurednews","14":"tag-fi","15":"tag-finland","16":"tag-finnish","17":"tag-headlines","18":"tag-laki-oikeus-ja-rikos","19":"tag-latest-news","20":"tag-latestnews","21":"tag-lemmikkielaimet","22":"tag-main-news","23":"tag-mainnews","24":"tag-news","25":"tag-nisakkaat","26":"tag-otsikot","27":"tag-paauutiset","28":"tag-selkarankaiset","29":"tag-suomi","30":"tag-top-stories","31":"tag-topstories","32":"tag-uutiset"},"share_on_mastodon":{"url":"","error":""},"_links":{"self":[{"href":"https:\/\/www.europesays.com\/fi\/wp-json\/wp\/v2\/posts\/43609","targetHints":{"allow":["GET"]}}],"collection":[{"href":"https:\/\/www.europesays.com\/fi\/wp-json\/wp\/v2\/posts"}],"about":[{"href":"https:\/\/www.europesays.com\/fi\/wp-json\/wp\/v2\/types\/post"}],"author":[{"embeddable":true,"href":"https:\/\/www.europesays.com\/fi\/wp-json\/wp\/v2\/users\/2"}],"replies":[{"embeddable":true,"href":"https:\/\/www.europesays.com\/fi\/wp-json\/wp\/v2\/comments?post=43609"}],"version-history":[{"count":0,"href":"https:\/\/www.europesays.com\/fi\/wp-json\/wp\/v2\/posts\/43609\/revisions"}],"wp:featuredmedia":[{"embeddable":true,"href":"https:\/\/www.europesays.com\/fi\/wp-json\/wp\/v2\/media\/43610"}],"wp:attachment":[{"href":"https:\/\/www.europesays.com\/fi\/wp-json\/wp\/v2\/media?parent=43609"}],"wp:term":[{"taxonomy":"category","embeddable":true,"href":"https:\/\/www.europesays.com\/fi\/wp-json\/wp\/v2\/categories?post=43609"},{"taxonomy":"post_tag","embeddable":true,"href":"https:\/\/www.europesays.com\/fi\/wp-json\/wp\/v2\/tags?post=43609"}],"curies":[{"name":"wp","href":"https:\/\/api.w.org\/{rel}","templated":true}]}}