{"id":43661,"date":"2025-09-24T04:03:09","date_gmt":"2025-09-24T04:03:09","guid":{"rendered":"https:\/\/www.europesays.com\/fi\/43661\/"},"modified":"2025-09-24T04:03:09","modified_gmt":"2025-09-24T04:03:09","slug":"tiesitko-nayttelija-malla-malmivaara-vaihtoi-nimensa","status":"publish","type":"post","link":"https:\/\/www.europesays.com\/fi\/43661\/","title":{"rendered":"Tiesitk\u00f6? N\u00e4yttelij\u00e4 Malla Malmivaara vaihtoi nimens\u00e4"},"content":{"rendered":"<p>            ATTE KAJOVA\n        <\/p>\n<p class=\"subtitle \">Malla Malmivaaran nimell\u00e4 on erikoinen tarina.<\/p>\n<p class=\"article-content article-content-width !bg-background\">N\u00e4yttelij\u00e4  vaihtoi nimens\u00e4 nuorena.<\/p>\n<p class=\"font-weight-bold m-font-weight-bold article-content article-content-width !bg-background\">Katso videolta, mit\u00e4 Malla tekisi, jos p\u00e4\u00e4sisi k\u00e4rp\u00e4seksi kattoon:<\/p>\n<p class=\"article-content article-content-width !bg-background\">Yhteinen nimi pikkuserkun kanssa alkoi h\u00e4irit\u00e4, ja lopulta kaverin tekem\u00e4 sanaleikki p\u00e4\u00e4tyi lempinimest\u00e4 viralliseksi nimeksi.<\/p>\n<p>        <a itemprop=\"url\" href=\"https:\/\/www.seiska.fi\/katso\/malla-malmivaaran-esitys-hammentaa-tahdet-tahdet-tuomaristoa-yritat-laulaa-ja-joku-alkaa-kapaloimaan-takaa-yhtakkia\/1326418\" rel=\"nofollow noopener\" target=\"_blank\"><\/p>\n<p class=\"section-date\">\n        <strong class=\"article-section\" data-section=\"katso\"><br \/>\n            katso<br \/>\n        <\/strong><br \/>\n        21.4.2024 17:15\n    <\/p>\n<p>    Malla Malmivaaran esitys h\u00e4mment\u00e4\u00e4 T\u00e4hdet, t\u00e4hdet -tuomaristoa: \u201dYrit\u00e4t laulaa ja joku alkaa k\u00e4p\u00e4l\u00f6im\u00e4\u00e4n takaa yht\u00e4kki\u00e4!\u201d<\/p>\n<p itemprop=\"description\" class=\"subtitle \">\n    Laulaja-n\u00e4yttelij\u00e4 esitt\u00e4\u00e4 T\u00e4hdet, t\u00e4hdet -jaksossa Loreenin Euroviisut voittaneen Tattoo-kappaleen.\n<\/p>\n<p>        <\/a><\/p>\n<p>Kaksi Laura Malmivaaraa<\/p>\n<p class=\"article-content article-content-width !bg-background\">Mallan nimi ei ole aina ollut Malla, vaan ristim\u00e4nimekseen h\u00e4n sai Lauran.<\/p>\n<p class=\"article-content article-content-width !bg-background\">Saman ristim\u00e4nimen oli saanut my\u00f6s Mallan yhdeks\u00e4n vuotta vanhempi, niin ik\u00e4\u00e4n n\u00e4yttelij\u00e4n\u00e4 tunnettu pikkuserkku,  Kaksikolla oli siis identtiset nimet kesken\u00e4\u00e4n. N\u00e4yttelij\u00e4ksi halunneelle Mallalle se ei sopinut.<\/p>\n<p>                <img decoding=\"async\" src=\"https:\/\/www.europesays.com\/fi\/wp-content\/uploads\/2025\/09\/1628723.webp\" width=\"576\" height=\"720\" alt=\"Mallan pikkuserkku Laura Malmivaara on niin ik\u00e4\u00e4n menestyksek\u00e4s n\u00e4yttelij\u00e4. Alkuvuonna 2025 Laura ihastutti kansaa t\u00e4hditt\u00e4m\u00e4ll\u00e4 Ylen Queen Of Fucking Everything -minisarjan p\u00e4\u00e4roolia.\" loading=\"lazy\" \/>            <\/p>\n<p>\n            Mallan pikkuserkku Laura Malmivaara on niin ik\u00e4\u00e4n menestyksek\u00e4s n\u00e4yttelij\u00e4. Alkuvuonna 2025 Laura ihastutti kansaa t\u00e4hditt\u00e4m\u00e4ll\u00e4 Ylen Queen Of Fucking Everything -minisarjan p\u00e4\u00e4roolia.<br \/>\n            ATTE KAJOVA\n        <\/p>\n<p>        <a itemprop=\"url\" href=\"https:\/\/www.seiska.fi\/katso\/malla-malmivaara-on-suomalaisen-netflix-elokuvan-paatahti-yllattava-paljastus-menneisyydesta\/1638476\" rel=\"nofollow noopener\" target=\"_blank\"><\/p>\n<p>\nMalla Malmivaara\n<\/p>\n<p class=\"section-date\">\n        <strong class=\"article-section\" data-section=\"katso\"><br \/>\n            katso<br \/>\n        <\/strong><br \/>\n        23.3. 15:15\n    <\/p>\n<p>    Malla Malmivaara on suomalaisen Netflix-elokuvan p\u00e4\u00e4t\u00e4hti \u2013 yll\u00e4tt\u00e4v\u00e4 paljastus menneisyydest\u00e4<\/p>\n<p itemprop=\"description\" class=\"subtitle \">\n    Malla t\u00e4hditt\u00e4\u00e4 nyt Suomen ensimm\u00e4ist\u00e4 Netflix-elokuvaa.\n<\/p>\n<p>        <\/a><\/p>\n<p>N\u00e4in Malla-nimi syntyi<\/p>\n<p class=\"article-content article-content-width !bg-background\">Teini-ik\u00e4isen\u00e4 Malla alkoi mietti\u00e4 nimens\u00e4 vaihtamista tosissaan. Aluksi h\u00e4n harkitsi etunimen muuttamisen sijaan sukunimens\u00e4 vaihtamista toiseksi.<\/p>\n<p class=\"article-content article-content-width !bg-background\"> \u2013 Aluksi meinasin vaihtaa sukunimeni sukumme alkuper\u00e4iseen nimeen, mutta en lopulta olisi osannut esitell\u00e4 itse\u00e4ni sill\u00e4 toisella sukunimell\u00e4, h\u00e4n kertoo.<\/p>\n<p class=\"article-content article-content-width !bg-background\">Etunimen vaihtoa vauhditti my\u00f6s Mallan vuosikurssilta l\u00f6ytynyt, niin ik\u00e4\u00e4n n\u00e4yttelij\u00e4n\u00e4 ty\u00f6skentelev\u00e4\u00a0, jonka kanssa nimet alkoivat menn\u00e4 niin ik\u00e4\u00e4n sekaisin.<\/p>\n<p class=\"article-content article-content-width !bg-background\">Lopulta 19-vuotias Laura h\u00e4n p\u00e4\u00e4tti vaihtaa nimens\u00e4 Mallaksi. Nimi\u00a0ei kuitenkaan ollut h\u00e4nen itsens\u00e4 keksim\u00e4.<\/p>\n<p>                <img decoding=\"async\" src=\"https:\/\/www.europesays.com\/fi\/wp-content\/uploads\/2025\/09\/1936824.webp\" width=\"576\" height=\"274\" alt=\"Malla muistetaan muun muassa Irene Virran roolista vuonna 2018 ilmestyneess\u00e4 Olavi Virta -elokuvassa, jota h\u00e4n t\u00e4hditti yhdess\u00e4 n\u00e4yttelij\u00e4 Lauri Tilkasen kanssa.\" loading=\"lazy\" \/>            <\/p>\n<p>            Malla muistetaan muun muassa Irene Virran roolista vuonna 2018 ilmestyneess\u00e4 Olavi Virta -elokuvassa, jota h\u00e4n t\u00e4hditti yhdess\u00e4 n\u00e4yttelij\u00e4  kanssa.<br \/>\n            ARI LAHTI<\/p>\n<p class=\"article-content article-content-width !bg-background\"> \u2013 Yst\u00e4v\u00e4ni muotoili alkuper\u00e4isest\u00e4 nimest\u00e4ni, Malmivaaran Laurasta Mallan. Sill\u00e4 nimell\u00e4 minua kutsuttiin itseasiasiassa my\u00f6s aikanaan pesisjoukkueessa!, h\u00e4n paljastaa.<\/p>\n<p class=\"article-content article-content-width !bg-background\">Mallan mukaan nimi alkoi tuntua miltei heti omalta, eik\u00e4 p\u00e4\u00e4t\u00f6s ole kaduttanut.<\/p>\n<p>        <a itemprop=\"url\" href=\"https:\/\/www.seiska.fi\/kotimaa\/malla-malmivaara-synnytti-kolme-kuukautta-sitten-ei-tietoakaan-raskauskiloista\/805227\" rel=\"nofollow noopener\" target=\"_blank\"><\/p>\n<p class=\"section-date\">\n        <strong class=\"article-section\" data-section=\"kotimaa\"><br \/>\n            kotimaa<br \/>\n        <\/strong><br \/>\n        1.2.2015 20:04\n    <\/p>\n<p>    Malla Malmivaara synnytti kolme kuukautta sitten &#8211; ei tietoakaan raskauskiloista!<\/p>\n<p>        <\/a><\/p>\n<p>T\u00e4llainen on uusi rooli<\/p>\n<p class=\"article-content article-content-width !bg-background\">Lukuisissa suomalaisissa menestyselokuvissa n\u00e4ytellyt Malla n\u00e4hd\u00e4\u00e4n j\u00e4lleen valkokankailla 19. syyskuuta ensi-iltansa saaneessa T\u00e4ydelliset vieraat -komediaelokuvassa. Malla n\u00e4yttelee elokuvassa Pinja nimist\u00e4 naista, jota h\u00e4n kuvailee jokseenkin hukassa olevaksi.<\/p>\n<p class=\"article-content article-content-width !bg-background\"> \u2013 Pinja on ehk\u00e4 v\u00e4h\u00e4n viel\u00e4 matkalla jonnekin ja etsii paikkaansa t\u00e4ss\u00e4 maailmassa.\u00a0<\/p>\n<p>                <img decoding=\"async\" src=\"https:\/\/www.europesays.com\/fi\/wp-content\/uploads\/2025\/09\/1936819.webp\" width=\"576\" height=\"720\" alt=\"Seiska tapasi Mallan keskiviikkona 17. syyskuuta T\u00e4ydelliset vieraat -elokuvan kutsuvierasn\u00e4yt\u00f6ksess\u00e4. Laura t\u00e4hditt\u00e4\u00e4 elokuvaa yhdess\u00e4 kuuden muun suomalaisen t\u00e4htin\u00e4yttelij\u00e4n kanssa, joista yksi on nimenvaihtoa alkujaan vauhdittanut Laura Birn.\" loading=\"lazy\" \/>            <\/p>\n<p>\n            Seiska tapasi Mallan keskiviikkona 17. syyskuuta T\u00e4ydelliset vieraat -elokuvan kutsuvierasn\u00e4yt\u00f6ksess\u00e4. Laura t\u00e4hditt\u00e4\u00e4 elokuvaa yhdess\u00e4 kuuden muun suomalaisen t\u00e4htin\u00e4yttelij\u00e4n kanssa, joista yksi on nimenvaihtoa alkujaan vauhdittanut Laura Birn.<br \/>\n            ATTE KAJOVA\n        <\/p>\n<p class=\"article-content article-content-width !bg-background\">N\u00e4m\u00e4 piirteet eiv\u00e4t Mallan mukaan kuvaa lainkaan h\u00e4nt\u00e4 itse\u00e4\u00e4n.<\/p>\n<p class=\"article-content article-content-width !bg-background\"> \u2013 Pinjan hahmo on ihan erilainen kuin min\u00e4, my\u00f6s kaikki h\u00e4nen mielipiteens\u00e4!, Malla paljastaa.<\/p>\n","protected":false},"excerpt":{"rendered":"ATTE KAJOVA Malla Malmivaaran nimell\u00e4 on erikoinen tarina. N\u00e4yttelij\u00e4 vaihtoi nimens\u00e4 nuorena. Katso videolta, mit\u00e4 Malla tekisi, jos&hellip;\n","protected":false},"author":2,"featured_media":43662,"comment_status":"","ping_status":"","sticky":false,"template":"","format":"standard","meta":{"footnotes":""},"categories":[136],"tags":[407,137,33,31,30,408,621,212,10743,1342,11389,32,10746,109],"class_list":{"0":"post-43661","1":"post","2":"type-post","3":"status-publish","4":"format-standard","5":"has-post-thumbnail","7":"category-julkkikset","8":"tag-celebrities","9":"tag-entertainment","10":"tag-fi","11":"tag-finland","12":"tag-finnish","13":"tag-julkkikset","14":"tag-laura-malmivaara","15":"tag-lifestyle","16":"tag-malla-malmivaara","17":"tag-nayttelija","18":"tag-nimenvaihto","19":"tag-suomi","20":"tag-taydelliset-vieraat","21":"tag-viihde"},"share_on_mastodon":{"url":"","error":""},"_links":{"self":[{"href":"https:\/\/www.europesays.com\/fi\/wp-json\/wp\/v2\/posts\/43661","targetHints":{"allow":["GET"]}}],"collection":[{"href":"https:\/\/www.europesays.com\/fi\/wp-json\/wp\/v2\/posts"}],"about":[{"href":"https:\/\/www.europesays.com\/fi\/wp-json\/wp\/v2\/types\/post"}],"author":[{"embeddable":true,"href":"https:\/\/www.europesays.com\/fi\/wp-json\/wp\/v2\/users\/2"}],"replies":[{"embeddable":true,"href":"https:\/\/www.europesays.com\/fi\/wp-json\/wp\/v2\/comments?post=43661"}],"version-history":[{"count":0,"href":"https:\/\/www.europesays.com\/fi\/wp-json\/wp\/v2\/posts\/43661\/revisions"}],"wp:featuredmedia":[{"embeddable":true,"href":"https:\/\/www.europesays.com\/fi\/wp-json\/wp\/v2\/media\/43662"}],"wp:attachment":[{"href":"https:\/\/www.europesays.com\/fi\/wp-json\/wp\/v2\/media?parent=43661"}],"wp:term":[{"taxonomy":"category","embeddable":true,"href":"https:\/\/www.europesays.com\/fi\/wp-json\/wp\/v2\/categories?post=43661"},{"taxonomy":"post_tag","embeddable":true,"href":"https:\/\/www.europesays.com\/fi\/wp-json\/wp\/v2\/tags?post=43661"}],"curies":[{"name":"wp","href":"https:\/\/api.w.org\/{rel}","templated":true}]}}