{"id":43714,"date":"2025-09-24T05:10:12","date_gmt":"2025-09-24T05:10:12","guid":{"rendered":"https:\/\/www.europesays.com\/fi\/43714\/"},"modified":"2025-09-24T05:10:12","modified_gmt":"2025-09-24T05:10:12","slug":"luonto-nukarinkosken-ja-seitseman-veljeksen-ulkoilureiteilla-parannustoita-paikalliset-2","status":"publish","type":"post","link":"https:\/\/www.europesays.com\/fi\/43714\/","title":{"rendered":"Luonto | Nukarinkosken ja Seitsem\u00e4n veljeksen ulkoilureiteill\u00e4 parannust\u00f6it\u00e4 | Paikalliset"},"content":{"rendered":"<p>Nurmij\u00e4rven kunta k\u00e4ynnist\u00e4\u00e4 parannust\u00f6it\u00e4 kahdella suositulla ulkoilureitill\u00e4: Nukarinkosken alueella ja Seitsem\u00e4n veljeksen reitill\u00e4. Ty\u00f6t alkoivat kuluneella viikolla, ja niiden tavoitteena on parantaa reittien turvallisuutta, k\u00e4ytett\u00e4vyytt\u00e4 ja viihtyisyytt\u00e4.<\/p>\n<p><strong class=\"diks-storyline__impact\">Nukarinkosken reitill\u00e4<\/strong> tehd\u00e4\u00e4n merkitt\u00e4v\u00e4 reittimuutos, jossa polku linjataan kulkemaan kokonaan kunnan omistamalle maalle. Samalla uusitaan huonokuntoisia pitkospuita ja portaita, parannetaan opastusta ja p\u00e4ivitet\u00e4\u00e4n reittikartta. <\/p>\n<p>Laavulle asennetaan uudet penkit, p\u00f6yt\u00e4ryhm\u00e4 ja tulipaikka. Ty\u00f6t valmistuvat lokakuun loppuun menness\u00e4.<\/p>\n<p><strong class=\"diks-storyline__impact\">Seitsem\u00e4n veljeksen<\/strong> reitill\u00e4 korjataan rakenteita Myllykosken alueella ja tehd\u00e4\u00e4n reittimuutos Rajam\u00e4elle, jossa uusi linjaus kulkee Tykkitorninm\u00e4en kautta. Reitille rakennetaan uusi taukopaikka Alhonniittuun, lis\u00e4t\u00e4\u00e4n pitkospuita kosteille osuuksille ja raivataan kasvillisuutta reitin varrelta.<\/p>\n<p>Kunta on saanut parannust\u00f6ihin avustusta Uudenmaan elinkeino-, liikenne- ja ymp\u00e4rist\u00f6keskukselta.<\/p>\n<p>\t\t\t\t\t<img class=\"diks-card__image\" src=\"https:\/\/www.europesays.com\/fi\/wp-content\/uploads\/2025\/09\/11028127.jpg\"   loading=\"lazy\" decoding=\"sync\" alt=\"\"\/><\/p>\n<p>\t\t\t\t\t<img class=\"diks-card__image\" src=\"https:\/\/www.europesays.com\/fi\/wp-content\/uploads\/2025\/09\/10990322.jpg\"   loading=\"lazy\" decoding=\"sync\" alt=\"\"\/><\/p>\n<p>\t\t\t\t\t<img class=\"diks-card__image\" src=\"https:\/\/www.europesays.com\/fi\/wp-content\/uploads\/2025\/09\/10602996.jpg\"   loading=\"lazy\" decoding=\"sync\" alt=\"\"\/><\/p>\n<p>\t\t\t\t\t<img class=\"diks-card__image\" src=\"https:\/\/www.europesays.com\/fi\/wp-content\/uploads\/2025\/09\/10466365.jpg\"   loading=\"lazy\" decoding=\"sync\" alt=\"\"\/><\/p>\n<p>\t\t\t\t\t<img class=\"diks-card__image\" src=\"https:\/\/www.europesays.com\/fi\/wp-content\/uploads\/2025\/09\/10429278.jpg\"   loading=\"lazy\" decoding=\"sync\" alt=\"\"\/><\/p>\n","protected":false},"excerpt":{"rendered":"Nurmij\u00e4rven kunta k\u00e4ynnist\u00e4\u00e4 parannust\u00f6it\u00e4 kahdella suositulla ulkoilureitill\u00e4: Nukarinkosken alueella ja Seitsem\u00e4n veljeksen reitill\u00e4. Ty\u00f6t alkoivat kuluneella viikolla, ja&hellip;\n","protected":false},"author":2,"featured_media":43715,"comment_status":"","ping_status":"","sticky":false,"template":"","format":"standard","meta":{"footnotes":""},"categories":[117],"tags":[681,2110,33,31,30,405,72,476,5060,401,118,32,119,477,534],"class_list":{"0":"post-43714","1":"post","2":"type-post","3":"status-publish","4":"format-standard","5":"has-post-thumbnail","7":"category-luonto","8":"tag-alue-ja-paikallishallinto","9":"tag-elamantapa-ja-vapaa-aika","10":"tag-fi","11":"tag-finland","12":"tag-finnish","13":"tag-helsingin-seutukunta","14":"tag-luonto","15":"tag-nature","16":"tag-nurmijarven-kunta","17":"tag-nurmijarvi","18":"tag-science","19":"tag-suomi","20":"tag-tiede","21":"tag-wildlife","22":"tag-ymparisto-ja-luonto"},"share_on_mastodon":{"url":"","error":""},"_links":{"self":[{"href":"https:\/\/www.europesays.com\/fi\/wp-json\/wp\/v2\/posts\/43714","targetHints":{"allow":["GET"]}}],"collection":[{"href":"https:\/\/www.europesays.com\/fi\/wp-json\/wp\/v2\/posts"}],"about":[{"href":"https:\/\/www.europesays.com\/fi\/wp-json\/wp\/v2\/types\/post"}],"author":[{"embeddable":true,"href":"https:\/\/www.europesays.com\/fi\/wp-json\/wp\/v2\/users\/2"}],"replies":[{"embeddable":true,"href":"https:\/\/www.europesays.com\/fi\/wp-json\/wp\/v2\/comments?post=43714"}],"version-history":[{"count":0,"href":"https:\/\/www.europesays.com\/fi\/wp-json\/wp\/v2\/posts\/43714\/revisions"}],"wp:featuredmedia":[{"embeddable":true,"href":"https:\/\/www.europesays.com\/fi\/wp-json\/wp\/v2\/media\/43715"}],"wp:attachment":[{"href":"https:\/\/www.europesays.com\/fi\/wp-json\/wp\/v2\/media?parent=43714"}],"wp:term":[{"taxonomy":"category","embeddable":true,"href":"https:\/\/www.europesays.com\/fi\/wp-json\/wp\/v2\/categories?post=43714"},{"taxonomy":"post_tag","embeddable":true,"href":"https:\/\/www.europesays.com\/fi\/wp-json\/wp\/v2\/tags?post=43714"}],"curies":[{"name":"wp","href":"https:\/\/api.w.org\/{rel}","templated":true}]}}