{"id":43730,"date":"2025-09-24T05:33:09","date_gmt":"2025-09-24T05:33:09","guid":{"rendered":"https:\/\/www.europesays.com\/fi\/43730\/"},"modified":"2025-09-24T05:33:09","modified_gmt":"2025-09-24T05:33:09","slug":"asiantuntijat-koopenhaminan-droonihavainnoissa-kyse-laajemmasta-venajan-operaatiosta","status":"publish","type":"post","link":"https:\/\/www.europesays.com\/fi\/43730\/","title":{"rendered":"Asiantuntijat: K\u00f6\u00f6penhaminan droonihavainnoissa kyse laajemmasta Ven\u00e4j\u00e4n operaatiosta"},"content":{"rendered":"<p>Asiantuntijoiden mukaan taustalla vaikuttaa olevan laaja kokonaisuus.<\/p>\n<p class=\"article-body mb-nof-24 px-nof-16\">K\u00f6\u00f6penhaminan maanantaisissa droonihavainnoissa on kyse on Ven\u00e4j\u00e4n hybriditoiminnasta l\u00e4ntt\u00e4 vastaan, Ven\u00e4j\u00e4n ymp\u00e4rist\u00f6politiikan professori <a class=\"article-personlink\" href=\"https:\/\/www.is.fi\/haku\/?query=Veli-Pekka%20Tynkkynen\" rel=\"nofollow noopener\" target=\"_blank\">Veli-Pekka Tynkkynen<\/a> Aleksanteri-instituutista arvioi.<\/p>\n<p class=\"article-body mb-nof-24 px-nof-16\">\u2013 Eskalaation portaita kuljetaan yl\u00f6sp\u00e4in, ja Ven\u00e4j\u00e4 on entist\u00e4 r\u00f6yhke\u00e4mpi toimissaan.<\/p>\n<p class=\"article-body mb-nof-24 px-nof-16\">Tynkkynen n\u00e4kee K\u00f6\u00f6penhaminan tapahtumat osana kokonaisuutta, johon kuuluu muun muassa ilmatilaloukkauksia, ep\u00e4iltyj\u00e4 kriittisen infrastruktuurin sabotaaseja, ja lennokkeja Puolan ilmatilassa.<\/p>\n<p class=\"article-body mb-nof-24 px-nof-16\">\u2013 Ett\u00e4 n\u00e4in lyhyess\u00e4 ajassa tapahtuu n\u00e4in paljon, niin onhan ilmiselv\u00e4\u00e4, ett\u00e4 monet n\u00e4ist\u00e4 asioista linkittyv\u00e4t toisiinsa.<\/p>\n<p class=\"article-body mb-nof-24 px-nof-16\">Kyse ei ole Tynkkysen mielest\u00e4 en\u00e4\u00e4 siit\u00e4, ett\u00e4 Ven\u00e4j\u00e4 kiusaisi tai h\u00e4rn\u00e4isi Eurooppaa. Kyse on siit\u00e4, ett\u00e4 Ven\u00e4j\u00e4 pyrkii toimillaan levitt\u00e4m\u00e4\u00e4n pelkoa ja alentamaan Naton kyky\u00e4 olla varteenotettava puolustusliitto.<\/p>\n<p class=\"article-body mb-nof-24 px-nof-16\">\u2013 Se on osa Ven\u00e4j\u00e4n v\u00e4kivaltaista strategiaa, joka n\u00e4ytt\u00e4ytyi Tanskassa t\u00e4ll\u00e4 tavalla.<\/p>\n<p><img decoding=\"async\" src=\"https:\/\/www.europesays.com\/fi\/wp-content\/uploads\/2025\/09\/1758691989_245_468.jpg\" alt=\"Tanskan poliisilla oli maanantaina suuri operaatio K\u00f6\u00f6penhaminan lentoasemalla.\" class=\"_Img_tdqg8_1\" style=\"aspect-ratio:1.5\" loading=\"eager\"\/><\/p>\n<p class=\"article-picture-caption\">Tanskan poliisilla oli maanantaina suuri operaatio K\u00f6\u00f6penhaminan lentoasemalla. Kuva:\u00a0Steven Knap \/ AFP \/ Lehtikuva<\/p>\n<p class=\"article-body mb-nof-24 px-nof-16\">Liikenne K\u00f6\u00f6penhaminassa Kastrupin lentoasemalla keskeytettiin maanantai-iltana sen j\u00e4lkeen, kun aseman ymp\u00e4rill\u00e4 havaittiin drooneja.<\/p>\n<p class=\"article-body mb-nof-24 px-nof-16\">V\u00e4likohtaukseen on suhtauduttu Tanskassa vakavasti. Sen taustalla on kuvailtu olleen \u201dkyvyk\u00e4s toimija\u201d. P\u00e4\u00e4ministeri <a class=\"article-personlink\" href=\"https:\/\/www.is.fi\/haku\/?query=Mette%20Frederiksen\" rel=\"nofollow noopener\" target=\"_blank\">Mette Frederiksen<\/a> kommentoi asiaa sanomalla, ett\u00e4 kyse on \u201dt\u00e4h\u00e4n menness\u00e4 vakavimmasta hy\u00f6kk\u00e4yksest\u00e4 tanskalaista kriittist\u00e4 infrastruktuuria vastaan\u201d.<\/p>\n<p class=\"article-body mb-nof-24 px-nof-16\">Tanskan poliisi tutkii tapahtumia yhdess\u00e4 maan turvallisuuspoliisi PET:n ja puolustusvoimien kanssa.<\/p>\n<p class=\"article-body mb-nof-24 px-nof-16\">L\u00e4hes samaan aikaan K\u00f6\u00f6penhaminan tapahtumien kanssa lentoliikenne Oslon lentoasemalla keskeytettiin, koska my\u00f6s siell\u00e4 havaittiin drooneja. Liikenne kummallakin kent\u00e4ll\u00e4 oli keskeytettyn\u00e4 useita tunteja.<\/p>\n<p><img decoding=\"async\" src=\"https:\/\/www.europesays.com\/fi\/wp-content\/uploads\/2025\/09\/1758691989_394_468.jpg\" alt=\"Aleksanteri-instituutin Ven\u00e4j\u00e4n ymp\u00e4rist\u00f6politiikan professori Veli-Pekka Tynkkynen sanoo, ett\u00e4 Eurooppa voisi vastata Ven\u00e4j\u00e4n toimiin sulkemalla Tanskan salmet Ven\u00e4j\u00e4n varjolaivaston aluksilta.\" class=\"_Img_tdqg8_1\" style=\"aspect-ratio:1.5\" loading=\"eager\"\/><\/p>\n<p class=\"article-picture-caption\">Aleksanteri-instituutin Ven\u00e4j\u00e4n ymp\u00e4rist\u00f6politiikan professori Veli-Pekka Tynkkynen sanoo, ett\u00e4 Eurooppa voisi vastata Ven\u00e4j\u00e4n toimiin sulkemalla Tanskan salmet Ven\u00e4j\u00e4n varjolaivaston aluksilta. Kuva:\u00a0Eriika Ahopelto \/ Aamulehti<\/p>\n<p class=\"article-body mb-nof-24 px-nof-16\">Tynkkysen mielest\u00e4 Euroopan pit\u00e4\u00e4 vastata Ven\u00e4j\u00e4n toimiin ja tehd\u00e4 selv\u00e4ksi, ett\u00e4 se ei voi toimia, miten haluaa. Pelkk\u00e4 puhe ei en\u00e4\u00e4 riit\u00e4.<\/p>\n<p class=\"article-body mb-nof-24 px-nof-16\">Tanskan tapahtumiin Eurooppa voisi reagoida esimerkiksi sulkemalla Tanskan salmet Ven\u00e4j\u00e4n varjolaivaston aluksilta, joilla ei ole vakuutusta. Salmien sulkeminen l\u00e4hett\u00e4isi Ven\u00e4j\u00e4lle viestin, ett\u00e4 sen toimilla on seurauksia.<\/p>\n<p class=\"article-body mb-nof-24 px-nof-16\">\u2013 Kaiken lis\u00e4ksi se olisi laillinen viesti, koska ne laivat ovat monestakin n\u00e4k\u00f6kulmasta laittomia.<\/p>\n<p class=\"article-body mb-nof-24 px-nof-16\">Tynkkynen sanoo, ett\u00e4 toistaiseksi Euroopassa on l\u00e4hinn\u00e4 puhuttu seurauksista, mutta teot ovat j\u00e4\u00e4neet v\u00e4hiin.<\/p>\n<p class=\"article-body mb-nof-24 px-nof-16\">\u2013 Seh\u00e4n on vain yllyke Ven\u00e4j\u00e4lle tehd\u00e4 samaa lis\u00e4\u00e4.<\/p>\n<p class=\"article-body mb-nof-24 px-nof-16\">Euroopan hybridiosaamiskeskuksen verkostojohtajan <a class=\"article-personlink\" href=\"https:\/\/www.is.fi\/haku\/?query=Jukka%20Savolaisen\" rel=\"nofollow noopener\" target=\"_blank\">Jukka Savolaisen<\/a> mielest\u00e4 Tanskan viranomaisten reaktio on ollut paras mahdollinen.<\/p>\n<p class=\"article-body mb-nof-24 px-nof-16\">\u2013 Tanska on reagoinut hyvin. Siell\u00e4 on sanottu, mit\u00e4 oli liikkeell\u00e4 ja ett\u00e4 siell\u00e4 oli taustalla vakava toimija. Siit\u00e4 syntyy tietysti mielikuva, ett\u00e4 se saattaa olla valtiollinen toimija.<\/p>\n<p class=\"article-body mb-nof-24 px-nof-16\">Tanskassa ei ole nimetty maanantain \u201ddroonihy\u00f6kk\u00e4yksen\u201d taustalla olevaa tahoa. My\u00f6sk\u00e4\u00e4n Savolainen ei nime\u00e4 tapahtumien taustalla olevaa toimijaa. H\u00e4n kuitenkin sanoo, ett\u00e4 mielikuva siit\u00e4, ett\u00e4 taustalla olisi Ven\u00e4j\u00e4 \u201dei ole v\u00e4ltt\u00e4m\u00e4tt\u00e4 v\u00e4\u00e4r\u00e4\u201d.<\/p>\n<p class=\"article-body mb-nof-24 px-nof-16\">H\u00e4n kuitenkin korostaa, ett\u00e4 droonihavaintojen taustalla olevaa tahoa ei v\u00e4ltt\u00e4m\u00e4tt\u00e4 koskaan saada selville, kuten ei saada monessa muussakaan hybridivaikuttamisen tapauksessa.<\/p>\n<p><img decoding=\"async\" src=\"https:\/\/www.europesays.com\/fi\/wp-content\/uploads\/2025\/09\/1758691989_961_468.jpg\" alt=\"Euroopan hybridiosaamiskeskuksen verkostojohtaja Jukka Savolainen sanoo, ett\u00e4 Tanska on reagoinut maanantain tapahtumiin hyvin.\" class=\"_Img_tdqg8_1\" style=\"aspect-ratio:1.5\" loading=\"eager\"\/><\/p>\n<p class=\"article-picture-caption\">Euroopan hybridiosaamiskeskuksen verkostojohtaja Jukka Savolainen sanoo, ett\u00e4 Tanska on reagoinut maanantain tapahtumiin hyvin. Kuva:\u00a0Roni Rekomaa \/ Lehtikuva<\/p>\n<p class=\"article-body mb-nof-24 px-nof-16\">Savolaisen mielest\u00e4 kyse ei ole \u201dmiss\u00e4\u00e4n tapauksessa\u201d vahingosta. Tynkkysen tavoin h\u00e4n n\u00e4kee maanantain tapahtumat osana kokonaisuutta.<\/p>\n<p class=\"article-body mb-nof-24 px-nof-16\">\u2013 On riski, ett\u00e4 t\u00e4m\u00e4 on testisarja, joka ennakoi koordinoidumpaa iskua, jonka aiheuttamat h\u00e4iri\u00f6t ovat valtavia.<\/p>\n<p class=\"article-body mb-nof-24 px-nof-16\">H\u00e4n sanoo, ett\u00e4 testatuksi tulee ensinn\u00e4kin menetelmien toimivuus eli millaista kaaosta esimerkiksi droonien lenn\u00e4tt\u00e4minen lentoaseman l\u00e4hist\u00f6ll\u00e4 saa aikaan. Toisekseen testiss\u00e4 on kohdemaiden reagointi.<\/p>\n<p class=\"article-body mb-nof-24 px-nof-16\">\u2013 Se p\u00e4\u00e4ttyy usein siihen, ett\u00e4 emme reagoi mitenk\u00e4\u00e4n, emmek\u00e4 pysty edes v\u00e4itt\u00e4m\u00e4\u00e4n, kuka sen olisi tehnyt.<\/p>\n<p class=\"article-body mb-nof-24 px-nof-16\">Jos menetelm\u00e4t toimivat ja reagointi on olematonta, se rohkaisee jatkamaan, Savolainen sanoo.<\/p>\n<p><img decoding=\"async\" src=\"https:\/\/www.europesays.com\/fi\/wp-content\/uploads\/2025\/09\/1758691989_278_468.jpg\" alt=\"Tanskalaispoliiseja K\u00f6\u00f6penhaminan lentoasemalla maanantaina.\" class=\"_Img_tdqg8_1\" style=\"aspect-ratio:1.4701378254211332\" loading=\"eager\"\/><\/p>\n<p class=\"article-picture-caption\">Tanskalaispoliiseja K\u00f6\u00f6penhaminan lentoasemalla maanantaina. Kuva:\u00a0STEVEN KNAP<\/p>\n<p class=\"article-body mb-nof-24 px-nof-16\">Testisarjalla tapahtumien taustalla oleva taho voi pyrki\u00e4 p\u00e4\u00e4ttelem\u00e4\u00e4n, mit\u00e4 koordinoitu hy\u00f6kk\u00e4ys moneen kohteeseen samanaikaisesti saisi aikaan.<\/p>\n<p class=\"article-body mb-nof-24 px-nof-16\">H\u00e4n pit\u00e4\u00e4 t\u00e4rke\u00e4n\u00e4, ett\u00e4 l\u00e4nsimaissa pystytt\u00e4isiin nime\u00e4m\u00e4\u00e4n taho, joka on tapahtumien taustalla, varsinkin, jos kyseess\u00e4 on samanaikainen operaatio useaa kohdetta vastaan.<\/p>\n<p class=\"article-body mb-nof-24 px-nof-16\">\u2013 Muutenhan kansalaiset j\u00e4\u00e4v\u00e4t todella vihaisiksi omalle hallitukselleen. Mutta jos osoitetaan ulkoinen tekij\u00e4, joka ne on tahallaan aiheuttanut, raivo suuntautuu sinne.<\/p>\n<p><img decoding=\"async\" src=\"https:\/\/www.europesays.com\/fi\/wp-content\/uploads\/2025\/09\/1758691989_560_468.jpg\" alt=\"K\u00f6\u00f6penhaminan lentoasemalla havaitut droonit aiheuttivat laajan h\u00e4iri\u00f6n lentoliikenteeseen maanantaina.\" class=\"_Img_tdqg8_1\" style=\"aspect-ratio:1.5011727912431587\" loading=\"eager\"\/><\/p>\n<p class=\"article-picture-caption\">K\u00f6\u00f6penhaminan lentoasemalla havaitut droonit aiheuttivat laajan h\u00e4iri\u00f6n lentoliikenteeseen maanantaina. Kuva:\u00a0Sergei Gapon \/ AFP<\/p>\n","protected":false},"excerpt":{"rendered":"Asiantuntijoiden mukaan taustalla vaikuttaa olevan laaja kokonaisuus. K\u00f6\u00f6penhaminan maanantaisissa droonihavainnoissa on kyse on Ven\u00e4j\u00e4n hybriditoiminnasta l\u00e4ntt\u00e4 vastaan, Ven\u00e4j\u00e4n&hellip;\n","protected":false},"author":2,"featured_media":43731,"comment_status":"","ping_status":"","sticky":false,"template":"","format":"standard","meta":{"footnotes":""},"categories":[14],"tags":[22,23,26,27,33,31,30,17,34,24,25,28,29,15,18,21,32,19,20,56,16,59,60,61],"class_list":{"0":"post-43730","1":"post","2":"type-post","3":"status-publish","4":"format-standard","5":"has-post-thumbnail","7":"category-ulkomaat","8":"tag-breaking-news","9":"tag-breakingnews","10":"tag-featured-news","11":"tag-featurednews","12":"tag-fi","13":"tag-finland","14":"tag-finnish","15":"tag-headlines","16":"tag-ilta-sanomat","17":"tag-latest-news","18":"tag-latestnews","19":"tag-main-news","20":"tag-mainnews","21":"tag-news","22":"tag-otsikot","23":"tag-paauutiset","24":"tag-suomi","25":"tag-top-stories","26":"tag-topstories","27":"tag-ulkomaat","28":"tag-uutiset","29":"tag-world","30":"tag-world-news","31":"tag-worldnews"},"share_on_mastodon":{"url":"","error":""},"_links":{"self":[{"href":"https:\/\/www.europesays.com\/fi\/wp-json\/wp\/v2\/posts\/43730","targetHints":{"allow":["GET"]}}],"collection":[{"href":"https:\/\/www.europesays.com\/fi\/wp-json\/wp\/v2\/posts"}],"about":[{"href":"https:\/\/www.europesays.com\/fi\/wp-json\/wp\/v2\/types\/post"}],"author":[{"embeddable":true,"href":"https:\/\/www.europesays.com\/fi\/wp-json\/wp\/v2\/users\/2"}],"replies":[{"embeddable":true,"href":"https:\/\/www.europesays.com\/fi\/wp-json\/wp\/v2\/comments?post=43730"}],"version-history":[{"count":0,"href":"https:\/\/www.europesays.com\/fi\/wp-json\/wp\/v2\/posts\/43730\/revisions"}],"wp:featuredmedia":[{"embeddable":true,"href":"https:\/\/www.europesays.com\/fi\/wp-json\/wp\/v2\/media\/43731"}],"wp:attachment":[{"href":"https:\/\/www.europesays.com\/fi\/wp-json\/wp\/v2\/media?parent=43730"}],"wp:term":[{"taxonomy":"category","embeddable":true,"href":"https:\/\/www.europesays.com\/fi\/wp-json\/wp\/v2\/categories?post=43730"},{"taxonomy":"post_tag","embeddable":true,"href":"https:\/\/www.europesays.com\/fi\/wp-json\/wp\/v2\/tags?post=43730"}],"curies":[{"name":"wp","href":"https:\/\/api.w.org\/{rel}","templated":true}]}}