{"id":43748,"date":"2025-09-24T06:00:07","date_gmt":"2025-09-24T06:00:07","guid":{"rendered":"https:\/\/www.europesays.com\/fi\/43748\/"},"modified":"2025-09-24T06:00:07","modified_gmt":"2025-09-24T06:00:07","slug":"pks-vaatii-1800e-vakuutta-sahkonsiirtoon","status":"publish","type":"post","link":"https:\/\/www.europesays.com\/fi\/43748\/","title":{"rendered":"PKS vaatii 1800\u20ac vakuutta s\u00e4hk\u00f6nsiirtoon"},"content":{"rendered":"<p>S\u00e4hk\u00f6nsiirtoyhti\u00f6 uhkaa katkaista Markolta s\u00e4hk\u00f6t, jos h\u00e4n ei maksa sen yll\u00e4tt\u00e4en m\u00e4\u00e4r\u00e4\u00e4m\u00e4\u00e4 vakuusmaksua.<\/p>\n<p class=\"article-body mb-nof-24 px-nof-16\">Pohjois-Karjalassa asuvan Markon, 47, kahvinkeitin ei ehk\u00e4 porise en\u00e4\u00e4 keskiviikkoaamuna. Kahvit voivat n\u00e4ill\u00e4 n\u00e4kymin j\u00e4\u00e4d\u00e4 keitt\u00e4m\u00e4tt\u00e4, koska siirtoyhti\u00f6 PKS on uhannut katkaista s\u00e4hk\u00f6nsiirron.<\/p>\n<p class=\"article-body mb-nof-24 px-nof-16\">Syyn\u00e4 on 1\u202f800 euron vakuusmaksu. PKS S\u00e4hk\u00f6nsiirto on vaatinut Markoa maksamaan summan s\u00e4hk\u00f6nsiirron varmistamiseksi.<\/p>\n<p class=\"article-body mb-nof-24 px-nof-16\">\u2013\u2009Mik\u00e4li et maksa vakuuslaskua er\u00e4p\u00e4iv\u00e4\u00e4n menness\u00e4, keskeyt\u00e4mme s\u00e4hk\u00f6ntoimituksen er\u00e4p\u00e4iv\u00e4\u00e4 seuraavana arkip\u00e4iv\u00e4n\u00e4, ja puramme verkkopalvelusopimuksen ilman eri ilmoitusta, Markon saamassa laskussa lukee.<\/p>\n<p class=\"article-body mb-nof-24 px-nof-16\">Ilta-Sanomat on n\u00e4hnyt laskun. Sen er\u00e4p\u00e4iv\u00e4 on tiistaina 23.9.<\/p>\n<p class=\"article-body mb-nof-24 px-nof-16\">\u2013\u2009En saa summaa kasaan, Marko sanoo ja kertoo olleensa puolisen vuotta ty\u00f6tt\u00f6m\u00e4n\u00e4.<\/p>\n<p class=\"article-body mb-nof-24 px-nof-16\">H\u00e4n on ollut yhteydess\u00e4 yhti\u00f6\u00f6n.<\/p>\n<p class=\"article-body mb-nof-24 px-nof-16\">\u2013\u2009Kohtuullistaminen ei k\u00e4y, eik\u00e4 osissa maksaminen. He eiv\u00e4t neuvottele asiasta. Jollen maksa summaa kerralla, s\u00e4hk\u00f6n tulo loppuu.<\/p>\n<p class=\"article-body mb-nof-24 px-nof-16\">Vaatimus vakuusmaksusta tuli Markolle sen j\u00e4lkeen, kun h\u00e4n uusi s\u00e4hk\u00f6energiaa koskevan sopimuksensa. H\u00e4nen aiempi kaksivuotinen m\u00e4\u00e4r\u00e4aikainen sopimuksensa p\u00e4\u00e4ttyi ja h\u00e4n solmi uuden sopimuksen Cheap Energyn kanssa. Se ei vaatinut vakuuksia.<\/p>\n<p class=\"article-body mb-nof-24 px-nof-16\">Marko ajatteli s\u00e4hk\u00f6nsiirron jatkuvan normaalisti. S\u00e4hk\u00f6nsiirtoa ei voi kilpailuttaa, vaan siirron hoitaa kullakin alueella siirtovelvollinen yhti\u00f6. Pohjois-Karjalan ja Koillis-Savon alueella s\u00e4hk\u00f6\u00e4 siirt\u00e4\u00e4 PKS S\u00e4hk\u00f6nsiirto.<\/p>\n<p class=\"article-body mb-nof-24 px-nof-16\">Markulla on maksuh\u00e4iri\u00f6merkint\u00e4, eik\u00e4 vakuus ei ole h\u00e4nelle uusi asia. H\u00e4n osti aikaisemmin s\u00e4hk\u00f6\u00e4 Aalto Energialta, joka niin ik\u00e4\u00e4n vaati vakuutta. Se oli sata euroa.<\/p>\n<p class=\"article-body mb-nof-24 px-nof-16\">\u2013\u20091\u202f800 euroa on aika korkea. En osaa sanoa, mihin summa perustuu, h\u00e4n sanoo.<\/p>\n<p class=\"article-body mb-nof-24 px-nof-16\">Marko asuu saunallisessa rivitalokolmiossa, jossa on s\u00e4hk\u00f6l\u00e4mmitys. Esimerkiksi Cheap Energyn viime kuukauden energialasku oli 66 euroa. S\u00e4hk\u00f6nsiirrosta PKS veloitti samalta ajalta 145 euroa.<\/p>\n<p class=\"article-body mb-nof-24 px-nof-16\">Maksuh\u00e4iri\u00f6merkinn\u00e4n Marko sai energiakriisin aikana. Tuolloin s\u00e4hk\u00f6 kallistui rajusti, ja Markon s\u00e4hk\u00f6lasku oli noin 700 euroa kuukaudessa. Kun summaan lis\u00e4ttiin viel\u00e4 s\u00e4hk\u00f6nsiirto, Markolta loppuivat rahat.<\/p>\n<p class=\"article-body mb-nof-24 px-nof-16\">\u2013 Vaikka kaikki hankkeeni olisin laittanut, en olisi pystynyt maksamaan laskua. Tuolloin minulta katkaistiin s\u00e4hk\u00f6t, Marko muistelee.<\/p>\n<p class=\"article-body mb-nof-24 px-nof-16\">H\u00e4n selvisi tilanteesta kunnan sosiaalitoimen avulla.<\/p>\n<p class=\"article-body mb-nof-24 px-nof-16\">Nyt Marko on ollut yhteydess\u00e4 my\u00f6s Kelaan. Asiaa py\u00f6ritettiin h\u00e4nen mukaansa siell\u00e4 pitk\u00e4\u00e4n ja h\u00e4nelt\u00e4 vaadittiin uusia selvityksi\u00e4.<\/p>\n<p class=\"article-body mb-nof-24 px-nof-16\">\u2013\u2009Lopputulos oli, ei makseta.<\/p>\n<p class=\"article-body mb-nof-24 px-nof-16\">Palvelup\u00e4\u00e4llikk\u00f6 <a class=\"article-personlink\" href=\"https:\/\/www.is.fi\/haku\/?query=Maria%20K%C3%A4hk%C3%B6nen\" rel=\"nofollow noopener\" target=\"_blank\">Maria K\u00e4hk\u00f6nen <\/a>PKS S\u00e4hk\u00f6nsiirrosta sanoo, ett\u00e4 vakuuden pyyt\u00e4minen perustuu yleisiin sopimusehtoihin, jotka ovat k\u00e4yt\u00f6ss\u00e4 kaikilla verkkoyhti\u00f6ill\u00e4.<\/p>\n<p class=\"article-body mb-nof-24 px-nof-16\">K\u00e4hk\u00f6nen kommentoi asiaa yleisesti. H\u00e4n kertoo tilanteita, joissa verkkoyhti\u00f6ill\u00e4 on oikeus pyyt\u00e4\u00e4 vakuutta. Sit\u00e4 voidaan esimerkiksi vaatia, jos s\u00e4hk\u00f6t on katkaistu maksulaiminly\u00f6nnin takia, tai jos asiakkaalla on er\u00e4\u00e4ntyneit\u00e4 verkkopalveluun liittyvi\u00e4 huomattavia laskuja.<\/p>\n<p class=\"article-body mb-nof-24 px-nof-16\">Kolmas syy voi olla se, ett\u00e4 luottotietojen perusteella voidaan olettaa, ett\u00e4 kuluttaja on kyvyt\u00f6n suoriutumaan verkkosopimukseen perustuvista maksuista.<\/p>\n<p class=\"article-body mb-nof-24 px-nof-16\">Maksun suuruus perustuu K\u00e4hk\u00f6sen mukaan sopimusehtoihin. Vakuus lasketaan kolmen kuukauden s\u00e4hk\u00f6nk\u00e4ytt\u00f6arvion perusteella. Kolme kuukautta on aika, joka j\u00e4\u00e4 laskutuskauden alun ja verkkopalvelun keskeytt\u00e4misen v\u00e4liin. K\u00e4hk\u00f6sen mukaan he voivat tarkastella kalleinta aikaa eli talvea.<\/p>\n<p class=\"article-body mb-nof-24 px-nof-16\">\u2013\u2009K\u00e4ytt\u00f6paikalla ilmeisesti k\u00e4ytet\u00e4\u00e4n paljon s\u00e4hk\u00f6\u00e4, h\u00e4n toteaa.<\/p>\n<p class=\"article-body mb-nof-24 px-nof-16\">Markon mielest\u00e4 summa on aivan yl\u00e4kanttiin: h\u00e4nell\u00e4 ei kulu talven aikana noin suurella summalla s\u00e4hk\u00f6\u00e4.<\/p>\n<p class=\"article-body mb-nof-24 px-nof-16\">Summan kohtuullistaminen ei K\u00e4hk\u00f6sen mukaan k\u00e4y yhdenvertaisuusperiaatteen vuoksi.<\/p>\n<p class=\"article-body mb-nof-24 px-nof-16\">\u2013\u2009Kohtelemme kaikkia asiakkaita samalla tavalla. Ep\u00e4ilen, ett\u00e4 asiakkaalla on maksamattomia laskuja.<\/p>\n<p class=\"article-body mb-nof-24 px-nof-16\">Vakuuden avulla verkkoyhti\u00f6 pyrkii varmistamaan, ett\u00e4 se saa rahansa.<\/p>\n<p class=\"article-body mb-nof-24 px-nof-16\">\u2013\u2009Kuluttaja-asiakkaalle vakuus palautetaan yhden vuoden kuluttua, kun h\u00e4n on maksanut laskunsa s\u00e4ntillisesti. Raha ei j\u00e4\u00e4 meille.<\/p>\n<p class=\"article-body mb-nof-24 px-nof-16\">Korkoa summasta ei makseta.<\/p>\n<p class=\"article-body mb-nof-24 px-nof-16\">Nykymaailmassa el\u00e4minen ilman s\u00e4hk\u00f6\u00e4 on aika vajavaista. Kaikki arjen toimet ruuan laitosta l\u00e4htien kuluttavat s\u00e4hk\u00f6\u00e4. Illat pimenev\u00e4t ja s\u00e4iden viiletess\u00e4, Markon koti kylmenee.<\/p>\n<p class=\"article-body mb-nof-24 px-nof-16\">\u2013\u2009Pit\u00e4\u00e4 varmaan menn\u00e4 y\u00f6majaan, jos ei tarkene, h\u00e4n miettii.<\/p>\n","protected":false},"excerpt":{"rendered":"S\u00e4hk\u00f6nsiirtoyhti\u00f6 uhkaa katkaista Markolta s\u00e4hk\u00f6t, jos h\u00e4n ei maksa sen yll\u00e4tt\u00e4en m\u00e4\u00e4r\u00e4\u00e4m\u00e4\u00e4 vakuusmaksua. Pohjois-Karjalassa asuvan Markon, 47, kahvinkeitin&hellip;\n","protected":false},"author":2,"featured_media":43749,"comment_status":"","ping_status":"","sticky":false,"template":"","format":"standard","meta":{"footnotes":""},"categories":[12],"tags":[22,23,26,27,33,31,30,17,34,24,25,28,29,15,18,21,32,19,20,16],"class_list":{"0":"post-43748","1":"post","2":"type-post","3":"status-publish","4":"format-standard","5":"has-post-thumbnail","7":"category-suomi","8":"tag-breaking-news","9":"tag-breakingnews","10":"tag-featured-news","11":"tag-featurednews","12":"tag-fi","13":"tag-finland","14":"tag-finnish","15":"tag-headlines","16":"tag-ilta-sanomat","17":"tag-latest-news","18":"tag-latestnews","19":"tag-main-news","20":"tag-mainnews","21":"tag-news","22":"tag-otsikot","23":"tag-paauutiset","24":"tag-suomi","25":"tag-top-stories","26":"tag-topstories","27":"tag-uutiset"},"share_on_mastodon":{"url":"","error":""},"_links":{"self":[{"href":"https:\/\/www.europesays.com\/fi\/wp-json\/wp\/v2\/posts\/43748","targetHints":{"allow":["GET"]}}],"collection":[{"href":"https:\/\/www.europesays.com\/fi\/wp-json\/wp\/v2\/posts"}],"about":[{"href":"https:\/\/www.europesays.com\/fi\/wp-json\/wp\/v2\/types\/post"}],"author":[{"embeddable":true,"href":"https:\/\/www.europesays.com\/fi\/wp-json\/wp\/v2\/users\/2"}],"replies":[{"embeddable":true,"href":"https:\/\/www.europesays.com\/fi\/wp-json\/wp\/v2\/comments?post=43748"}],"version-history":[{"count":0,"href":"https:\/\/www.europesays.com\/fi\/wp-json\/wp\/v2\/posts\/43748\/revisions"}],"wp:featuredmedia":[{"embeddable":true,"href":"https:\/\/www.europesays.com\/fi\/wp-json\/wp\/v2\/media\/43749"}],"wp:attachment":[{"href":"https:\/\/www.europesays.com\/fi\/wp-json\/wp\/v2\/media?parent=43748"}],"wp:term":[{"taxonomy":"category","embeddable":true,"href":"https:\/\/www.europesays.com\/fi\/wp-json\/wp\/v2\/categories?post=43748"},{"taxonomy":"post_tag","embeddable":true,"href":"https:\/\/www.europesays.com\/fi\/wp-json\/wp\/v2\/tags?post=43748"}],"curies":[{"name":"wp","href":"https:\/\/api.w.org\/{rel}","templated":true}]}}