{"id":43810,"date":"2025-09-24T11:15:09","date_gmt":"2025-09-24T11:15:09","guid":{"rendered":"https:\/\/www.europesays.com\/fi\/43810\/"},"modified":"2025-09-24T11:15:09","modified_gmt":"2025-09-24T11:15:09","slug":"expressen-karpat-teki-tarkean-hankinnan","status":"publish","type":"post","link":"https:\/\/www.europesays.com\/fi\/43810\/","title":{"rendered":"Expressen: K\u00e4rp\u00e4t teki t\u00e4rke\u00e4n hankinnan"},"content":{"rendered":"<p>K\u00e4rp\u00e4t reagoi Niklas Rubinin loukkaantumiseen. <\/p>\n<p><img decoding=\"async\" class=\"image image-show image-preview\" src=\"https:\/\/www.europesays.com\/fi\/wp-content\/uploads\/2025\/09\/ca3459561fb161fe5882c934e462df7fa353cdbb912aebe16adb98caf37b72a5.jpg\" alt=\"\"\/><img decoding=\"async\" class=\"image image-show\" src=\"https:\/\/www.europesays.com\/fi\/wp-content\/uploads\/2025\/09\/1758712509_363_ca3459561fb161fe5882c934e462df7fa353cdbb912aebe16adb98caf37b72a5.jpg\" alt=\"\"\/><\/p>\n<p>Felix Sandstr\u00f6m siirtyy K\u00e4rppiin.  AOP \/ USA TODAY SPORTS<\/p>\n<p class=\"paragraph\">K\u00e4rp\u00e4t vahvistaa maalivahtiosastoaan <strong>Felix Sandstr\u00f6mill\u00e4<\/strong>, 28, uutisoi Expressen.<\/p>\n<p class=\"paragraph\">Sandstr\u00f6m on pelannut viimeiset kahdeksan kautta Pohjois-Amerikassa. Philadelphia Oilersin organisaatiota edustanut ruotsalaisvahti on pelannut NHL:ss\u00e4 30 ottelua. Enimm\u00e4kseen entinen Bryn\u00e4sin mies torjui kiekkoja AHL:ss\u00e4.<\/p>\n<p class=\"paragraph\">Oululaisseura joutui reagoimaan maalivahtitilanteeseensa, kun Niklas Rubin loukkaantui. Entinen \u00c4ss\u00e4t-t\u00e4hti on sivussa marraskuun maajoukkuetaukoon saakka.<\/p>\n","protected":false},"excerpt":{"rendered":"K\u00e4rp\u00e4t reagoi Niklas Rubinin loukkaantumiseen. Felix Sandstr\u00f6m siirtyy K\u00e4rppiin. AOP \/ USA TODAY SPORTS K\u00e4rp\u00e4t vahvistaa maalivahtiosastoaan Felix&hellip;\n","protected":false},"author":2,"featured_media":43811,"comment_status":"","ping_status":"","sticky":false,"template":"","format":"standard","meta":{"footnotes":""},"categories":[158],"tags":[35,1274,33,31,30,1143,41,1146,159,32,1145,160],"class_list":{"0":"post-43810","1":"post","2":"type-post","3":"status-publish","4":"format-standard","5":"has-post-thumbnail","7":"category-urheilu","8":"tag-24h","9":"tag-ammattiurheilu","10":"tag-fi","11":"tag-finland","12":"tag-finnish","13":"tag-jaakiekko","14":"tag-liikunta-ja-urheilu","15":"tag-miesten-jaakiekko","16":"tag-sports","17":"tag-suomi","18":"tag-talviurheilu","19":"tag-urheilu"},"share_on_mastodon":{"url":"","error":""},"_links":{"self":[{"href":"https:\/\/www.europesays.com\/fi\/wp-json\/wp\/v2\/posts\/43810","targetHints":{"allow":["GET"]}}],"collection":[{"href":"https:\/\/www.europesays.com\/fi\/wp-json\/wp\/v2\/posts"}],"about":[{"href":"https:\/\/www.europesays.com\/fi\/wp-json\/wp\/v2\/types\/post"}],"author":[{"embeddable":true,"href":"https:\/\/www.europesays.com\/fi\/wp-json\/wp\/v2\/users\/2"}],"replies":[{"embeddable":true,"href":"https:\/\/www.europesays.com\/fi\/wp-json\/wp\/v2\/comments?post=43810"}],"version-history":[{"count":0,"href":"https:\/\/www.europesays.com\/fi\/wp-json\/wp\/v2\/posts\/43810\/revisions"}],"wp:featuredmedia":[{"embeddable":true,"href":"https:\/\/www.europesays.com\/fi\/wp-json\/wp\/v2\/media\/43811"}],"wp:attachment":[{"href":"https:\/\/www.europesays.com\/fi\/wp-json\/wp\/v2\/media?parent=43810"}],"wp:term":[{"taxonomy":"category","embeddable":true,"href":"https:\/\/www.europesays.com\/fi\/wp-json\/wp\/v2\/categories?post=43810"},{"taxonomy":"post_tag","embeddable":true,"href":"https:\/\/www.europesays.com\/fi\/wp-json\/wp\/v2\/tags?post=43810"}],"curies":[{"name":"wp","href":"https:\/\/api.w.org\/{rel}","templated":true}]}}