{"id":43943,"date":"2025-09-24T13:57:07","date_gmt":"2025-09-24T13:57:07","guid":{"rendered":"https:\/\/www.europesays.com\/fi\/43943\/"},"modified":"2025-09-24T13:57:07","modified_gmt":"2025-09-24T13:57:07","slug":"suora-lahetys-nyt-puhuu-zelenskyi-ilta-sanomat","status":"publish","type":"post","link":"https:\/\/www.europesays.com\/fi\/43943\/","title":{"rendered":"Suora l\u00e4hetys: Nyt puhuu Zelenskyi &#8211; Ilta-Sanomat"},"content":{"rendered":"<ol>\n<li><a href=\"https:\/\/news.google.com\/rss\/articles\/CBMiXkFVX3lxTE9zOWdZV1dLYWs4SWEwV05zejRiWkRkM1ZaMDF1SkM0TlJoUXlBTnF4TWViWmVoOE9tRkNWUWRRclA4WHdKOVMtYzBhc2h1LXB1VkhFME9uOGpYT2pISXc?oc=5\" target=\"_blank\" rel=\"nofollow noopener\">Suora l\u00e4hetys: Nyt puhuu Zelenskyi<\/a>&nbsp;&nbsp;Ilta-Sanomat<\/li>\n<li><a href=\"https:\/\/news.google.com\/rss\/articles\/CBMifEFVX3lxTE9TZGoycnFlWnE0Y1VVM2pWWURSU29ndlhRNE9JUGpaTnc0S2RyQ1ZBQ1h0M1k1UWZ4S3gzVkkzWnhQUWxCUXRLTkVLekFVRGNKbjVaUDB4N1dPNnJLRUlmZmQ0Q1N4T0tHRFhEX3hBQWVqVTlCd3lfcU45Wng?oc=5\" target=\"_blank\" rel=\"nofollow noopener\">Suora l\u00e4hetys: \u201dSuuri k\u00e4\u00e4nne\u201d Ukrainan sodassa \u2013 Nyt puhuu Volodymyr Zelenskyi<\/a>&nbsp;&nbsp;Iltalehti<\/li>\n<li><a href=\"https:\/\/news.google.com\/rss\/articles\/CBMiW0FVX3lxTE1XUUVHXzRrSjEyX0g1T2lYN2dBTFBhZWxIQUV2OUI1M0JZQkdOZVZIM09GS2NNQUNVeUxmRUllM3RYMHh0SmJTMVViaXpNQzRkSTd0Y25NMl9NdDQ?oc=5\" target=\"_blank\" rel=\"nofollow noopener\">Suomen presidenttipari osallistui salamyhk\u00e4iselle vastaanotolle Trumpien kanssa \u2013 t\u00e4m\u00e4 kaikki tilaisuudesta tiedet\u00e4\u00e4n<\/a>&nbsp;&nbsp;Ilta-Sanomat<\/li>\n<li><a href=\"https:\/\/news.google.com\/rss\/articles\/CBMiV0FVX3lxTFB1WjdQeGtNVElEbkZQVmhYcTNfd0VkTkZWWHpUSjNiMnhTaktpNHhTNkhrVGtTcUxISlZPM1BvOWwyYnRHUVJjanlBZDlWa2JZMWN3b0RrTQ?oc=5\" target=\"_blank\" rel=\"nofollow noopener\">Suora | Zelenskyi ja Stubb puhuvat YK:n yleiskokouksessa<\/a>&nbsp;&nbsp;Keskisuomalainen<\/li>\n<li><a href=\"https:\/\/news.google.com\/rss\/articles\/CBMifkFVX3lxTFBrYWNPRnpEb3ducUY0d0EyZjgzSmJMdmcyN09WWHNSLXJJTXRFSFotMTJSb1EzeVkteWVjR0ZLNXFlQ3BHR3hRRThTQzZjNFpOX2pPeG9tRUU1SHEtT1JsTDVwNXFmdmhILV82VFFYRG91NDBtLXM4S1ZQRjJVdw?oc=5\" target=\"_blank\" rel=\"nofollow noopener\">Stubbilla edess\u00e4 vilkas viikko YK:n yleiskokouksessa<\/a>&nbsp;&nbsp;Kauppalehti<\/li>\n<\/ol>\n","protected":false},"excerpt":{"rendered":"Suora l\u00e4hetys: Nyt puhuu Zelenskyi&nbsp;&nbsp;Ilta-Sanomat Suora l\u00e4hetys: \u201dSuuri k\u00e4\u00e4nne\u201d Ukrainan sodassa \u2013 Nyt puhuu Volodymyr Zelenskyi&nbsp;&nbsp;Iltalehti Suomen presidenttipari&hellip;\n","protected":false},"author":2,"featured_media":43944,"comment_status":"","ping_status":"","sticky":false,"template":"","format":"standard","meta":{"footnotes":""},"categories":[12],"tags":[22,23,26,27,33,31,30,17,34,24,25,28,29,15,18,21,32,19,20,16],"class_list":{"0":"post-43943","1":"post","2":"type-post","3":"status-publish","4":"format-standard","5":"has-post-thumbnail","7":"category-suomi","8":"tag-breaking-news","9":"tag-breakingnews","10":"tag-featured-news","11":"tag-featurednews","12":"tag-fi","13":"tag-finland","14":"tag-finnish","15":"tag-headlines","16":"tag-ilta-sanomat","17":"tag-latest-news","18":"tag-latestnews","19":"tag-main-news","20":"tag-mainnews","21":"tag-news","22":"tag-otsikot","23":"tag-paauutiset","24":"tag-suomi","25":"tag-top-stories","26":"tag-topstories","27":"tag-uutiset"},"share_on_mastodon":{"url":"","error":""},"_links":{"self":[{"href":"https:\/\/www.europesays.com\/fi\/wp-json\/wp\/v2\/posts\/43943","targetHints":{"allow":["GET"]}}],"collection":[{"href":"https:\/\/www.europesays.com\/fi\/wp-json\/wp\/v2\/posts"}],"about":[{"href":"https:\/\/www.europesays.com\/fi\/wp-json\/wp\/v2\/types\/post"}],"author":[{"embeddable":true,"href":"https:\/\/www.europesays.com\/fi\/wp-json\/wp\/v2\/users\/2"}],"replies":[{"embeddable":true,"href":"https:\/\/www.europesays.com\/fi\/wp-json\/wp\/v2\/comments?post=43943"}],"version-history":[{"count":0,"href":"https:\/\/www.europesays.com\/fi\/wp-json\/wp\/v2\/posts\/43943\/revisions"}],"wp:featuredmedia":[{"embeddable":true,"href":"https:\/\/www.europesays.com\/fi\/wp-json\/wp\/v2\/media\/43944"}],"wp:attachment":[{"href":"https:\/\/www.europesays.com\/fi\/wp-json\/wp\/v2\/media?parent=43943"}],"wp:term":[{"taxonomy":"category","embeddable":true,"href":"https:\/\/www.europesays.com\/fi\/wp-json\/wp\/v2\/categories?post=43943"},{"taxonomy":"post_tag","embeddable":true,"href":"https:\/\/www.europesays.com\/fi\/wp-json\/wp\/v2\/tags?post=43943"}],"curies":[{"name":"wp","href":"https:\/\/api.w.org\/{rel}","templated":true}]}}