{"id":43996,"date":"2025-09-24T15:14:08","date_gmt":"2025-09-24T15:14:08","guid":{"rendered":"https:\/\/www.europesays.com\/fi\/43996\/"},"modified":"2025-09-24T15:14:08","modified_gmt":"2025-09-24T15:14:08","slug":"kokoomuksen-kauma-pitaa-tynkkysen-yle-kritiikkia-trumpilaisena","status":"publish","type":"post","link":"https:\/\/www.europesays.com\/fi\/43996\/","title":{"rendered":"Kokoomuksen Kauma pit\u00e4\u00e4 Tynkkysen Yle-kritiikki\u00e4 \u201dtrumpilaisena\u201d"},"content":{"rendered":"<p>Media|Europarlamentaarikko Sebastian Tynkkynen (ps) v\u00e4l\u00e4ytteli my\u00f6s leikkauksia Ulkopoliittisen instituutin rahoitukseen.<\/p>\n<p>Lue tiivistelm\u00e4<\/p>\n<p>Tiivistelm\u00e4 on teko\u00e4lyn tekem\u00e4 ja ihmisen tarkistama.<\/p>\n<p class=\"article-body mb-nof-24 px-nof-16 sndp-summary-bullet-point-font\">Kokoomuksen kansanedustaja Pia Kauma kuvaa er\u00e4iden perussuomalaisten Yle-kritiikki\u00e4 \u201dtrumpilaisena\u201d.<\/p>\n<p class=\"article-body mb-nof-24 px-nof-16 sndp-summary-bullet-point-font\">Keskustelu k\u00e4ynnistyi Sebastian Tynkkysen (ps) v\u00e4l\u00e4ytetty\u00e4 leikkauksia Ulkopoliittisen instituutin rahoitukseen.<\/p>\n<p class=\"article-body mb-nof-24 px-nof-16 sndp-summary-bullet-point-font\">Kauman mukaan osa perussuomalaisista yritt\u00e4\u00e4 luoda Ylest\u00e4 ep\u00e4luotettavaa mielikuvaa poliittisista syist\u00e4.<\/p>\n<p class=\"article-body mb-nof-24 px-nof-16\">Kokoomuksen kansanedustaja <a class=\"article-personlink\" href=\"https:\/\/www.hs.fi\/haku\/?query=Pia%20Kauma\" rel=\"nofollow noopener\" target=\"_blank\">Pia Kauma<\/a> pit\u00e4\u00e4 perussuomalaisten Yle-kritiikki\u00e4 \u201dtrumpilaisena\u201d.<\/p>\n<p class=\"article-body mb-nof-24 px-nof-16\">Kauma <a class=\"article-genericlink\" href=\"https:\/\/x.com\/PiaKauma\/status\/1970742074086748506\" rel=\"nofollow\">osallistui<\/a> viestipalvelu X:ss\u00e4 perussuomalaisten europarlamentaarikko <a class=\"article-personlink\" href=\"https:\/\/www.hs.fi\/haku\/?query=Sebastian%20Tynkkysen\" rel=\"nofollow noopener\" target=\"_blank\">Sebastian Tynkkysen<\/a> k\u00e4ynnist\u00e4m\u00e4\u00e4n keskusteluun Ulkopoliittisen instituutin (UPI) rahoituksesta.<\/p>\n<p class=\"article-body mb-nof-24 px-nof-16\">\u201dPersuja harmittaa, kun Yleisradio ei kohtele heit\u00e4 heid\u00e4n toivomallaan tavalla\u201d, Kauma kirjoittaa.<\/p>\n<p class=\"article-body mb-nof-24 px-nof-16\">Tynkkynen <a class=\"article-genericlink\" href=\"https:\/\/x.com\/SebastianTyne\/status\/1970375490151006547\" rel=\"nofollow\">kyseenalaisti<\/a> alkuper\u00e4isess\u00e4 kirjoituksessaan X:ss\u00e4 UPI:n riippumattomuuden. Tynkkynen pit\u00e4\u00e4 er\u00e4iden UPI:n tutkijoiden toimintaa \u201daktivismina\u201d. Suukopu k\u00e4ynnistyi UPI:n tutkija <a class=\"article-personlink\" href=\"https:\/\/www.hs.fi\/haku\/?query=Toni%20Alarannan\" rel=\"nofollow noopener\" target=\"_blank\">Toni Alarannan<\/a> korjattua Tynkkysen ja kansanedustaja <a class=\"article-personlink\" href=\"https:\/\/www.hs.fi\/haku\/?query=Sari%20Tanuksen\" rel=\"nofollow noopener\" target=\"_blank\">Sari Tanuksen<\/a> (kd) A-studiossa esitt\u00e4mi\u00e4 v\u00e4itt\u00e4mi\u00e4.<\/p>\n<p class=\"article-body mb-nof-24 px-nof-16\">\u201dJos t\u00e4m\u00e4 aktivismi jatkuu, ehdotan, ett\u00e4 PS ottaa Ylen j\u00e4lkeen my\u00f6s UPI:n leikkuriin seuraavalle hallituskaudelle\u201d, Tynkkynen kirjoittaa lopuksi.<\/p>\n<p class=\"article-body mb-nof-24 px-nof-16\">HS tavoitti Kauman tarkentamaan ajatuksiaan Tynkkysen kommenteista.<\/p>\n<p class=\"article-body mb-nof-24 px-nof-16\">Kauman mielest\u00e4 osa perussuomalaisista yritt\u00e4\u00e4 luoda Ylest\u00e4 ep\u00e4luotettavaa mielikuvaa.<\/p>\n<p class=\"article-body mb-nof-24 px-nof-16\">\u201dJa ett\u00e4 sen viestint\u00e4 olisi poliittisesti v\u00e4rittynytt\u00e4\u201d, h\u00e4n jatkaa.<\/p>\n<p class=\"article-body mb-nof-24 px-nof-16\">Kauman mielest\u00e4 sosiaalisessa mediassa levi\u00e4v\u00e4 v\u00e4\u00e4r\u00e4 tieto ja viimeaikaiset esimerkit Yhdysvalloista alleviivaavat luotettavan median tarvetta.<\/p>\n<p class=\"article-body mb-nof-24 px-nof-16\">\u201dEmme voi menn\u00e4 siihen, ett\u00e4 joku poliittinen puolue rupeaa viem\u00e4\u00e4n eteenp\u00e4in sellaista agendaa, ettei yhteen meid\u00e4n keskeiseen tiedotusv\u00e4lineeseen voisi luottaa.\u201d<\/p>\n<p class=\"article-body mb-nof-24 px-nof-16\">Hallitus itse teki s\u00e4\u00e4st\u00f6toimena indeksij\u00e4\u00e4dytyksen my\u00f6s Ylen menoihin. Olisiko se pit\u00e4nyt j\u00e4tt\u00e4\u00e4 tekem\u00e4tt\u00e4?<\/p>\n<p class=\"article-body mb-nof-24 px-nof-16\">\u201dEi. Yleisradiohan on suuri organisaatio ja kaikissa suurissa organisaatioissa pit\u00e4\u00e4 ajoittain katsoa, onko sinne syntynyt r\u00f6nsyj\u00e4. Se on ihan normaalia toimintaa, etenkin, kun kaikkialta muualtakin s\u00e4\u00e4stet\u00e4\u00e4n.\u201d<\/p>\n<p class=\"article-body mb-nof-24 px-nof-16\">Pit\u00e4isik\u00f6 Yle j\u00e4tt\u00e4\u00e4 jatkossa leikkausten ulkopuolelle?<\/p>\n<p class=\"article-body mb-nof-24 px-nof-16\">\u201dSen arvioiminen on liian aikaista. Menn\u00e4\u00e4n nyt n\u00e4ill\u00e4 ja seuraava hallitus arvioi sitten, onko lis\u00e4s\u00e4\u00e4st\u00f6ille tarvetta. Mutta en l\u00e4htisi itseisarvoisesti jahtaamaan Yle\u00e4, ett\u00e4 sielt\u00e4 t\u00e4ytyisi leikata.\u201d<\/p>\n<p class=\"article-body mb-nof-24 px-nof-16\">Onko mielest\u00e4si perussuomalaisilla ollut t\u00e4h\u00e4n t\u00e4llainen kuvailemasi asenne, jossa Ylen leikkaukset ovat itseisarvoisia?<\/p>\n<p class=\"article-body mb-nof-24 px-nof-16\">\u201dHeist\u00e4 joillakin on t\u00e4llainen ideologinen ajojahti. He eiv\u00e4t halua tukea sit\u00e4, koska kokevat, ettei Yle tuo riitt\u00e4v\u00e4sti perussuomalaisten poliittista propagandaa esiin.\u201d<\/p>\n","protected":false},"excerpt":{"rendered":"Media|Europarlamentaarikko Sebastian Tynkkynen (ps) v\u00e4l\u00e4ytteli my\u00f6s leikkauksia Ulkopoliittisen instituutin rahoitukseen. Lue tiivistelm\u00e4 Tiivistelm\u00e4 on teko\u00e4lyn tekem\u00e4 ja ihmisen&hellip;\n","protected":false},"author":2,"featured_media":43997,"comment_status":"","ping_status":"","sticky":false,"template":"","format":"standard","meta":{"footnotes":""},"categories":[14],"tags":[22,23,26,27,33,31,30,17,46,24,25,28,29,15,18,21,32,19,20,56,16,59,60,61],"class_list":{"0":"post-43996","1":"post","2":"type-post","3":"status-publish","4":"format-standard","5":"has-post-thumbnail","7":"category-ulkomaat","8":"tag-breaking-news","9":"tag-breakingnews","10":"tag-featured-news","11":"tag-featurednews","12":"tag-fi","13":"tag-finland","14":"tag-finnish","15":"tag-headlines","16":"tag-helsingin-sanomat","17":"tag-latest-news","18":"tag-latestnews","19":"tag-main-news","20":"tag-mainnews","21":"tag-news","22":"tag-otsikot","23":"tag-paauutiset","24":"tag-suomi","25":"tag-top-stories","26":"tag-topstories","27":"tag-ulkomaat","28":"tag-uutiset","29":"tag-world","30":"tag-world-news","31":"tag-worldnews"},"share_on_mastodon":{"url":"","error":""},"_links":{"self":[{"href":"https:\/\/www.europesays.com\/fi\/wp-json\/wp\/v2\/posts\/43996","targetHints":{"allow":["GET"]}}],"collection":[{"href":"https:\/\/www.europesays.com\/fi\/wp-json\/wp\/v2\/posts"}],"about":[{"href":"https:\/\/www.europesays.com\/fi\/wp-json\/wp\/v2\/types\/post"}],"author":[{"embeddable":true,"href":"https:\/\/www.europesays.com\/fi\/wp-json\/wp\/v2\/users\/2"}],"replies":[{"embeddable":true,"href":"https:\/\/www.europesays.com\/fi\/wp-json\/wp\/v2\/comments?post=43996"}],"version-history":[{"count":0,"href":"https:\/\/www.europesays.com\/fi\/wp-json\/wp\/v2\/posts\/43996\/revisions"}],"wp:featuredmedia":[{"embeddable":true,"href":"https:\/\/www.europesays.com\/fi\/wp-json\/wp\/v2\/media\/43997"}],"wp:attachment":[{"href":"https:\/\/www.europesays.com\/fi\/wp-json\/wp\/v2\/media?parent=43996"}],"wp:term":[{"taxonomy":"category","embeddable":true,"href":"https:\/\/www.europesays.com\/fi\/wp-json\/wp\/v2\/categories?post=43996"},{"taxonomy":"post_tag","embeddable":true,"href":"https:\/\/www.europesays.com\/fi\/wp-json\/wp\/v2\/tags?post=43996"}],"curies":[{"name":"wp","href":"https:\/\/api.w.org\/{rel}","templated":true}]}}