{"id":44000,"date":"2025-09-24T15:16:08","date_gmt":"2025-09-24T15:16:08","guid":{"rendered":"https:\/\/www.europesays.com\/fi\/44000\/"},"modified":"2025-09-24T15:16:08","modified_gmt":"2025-09-24T15:16:08","slug":"telia-ja-kaleva-ilmoittivat-muutosneuvotteluista-synkalla-listalla-myos-mtv-wolt-veikkaus-sanoma","status":"publish","type":"post","link":"https:\/\/www.europesays.com\/fi\/44000\/","title":{"rendered":"Telia ja Kaleva ilmoittivat muutosneuvotteluista \u2013 Synk\u00e4ll\u00e4 listalla my\u00f6s MTV, Wolt, Veikkaus, Sanoma&#8230;"},"content":{"rendered":"<p>Telia Finland ilmoittaa 380 ty\u00f6teht\u00e4v\u00e4\u00e4 koskevista muutosneuvotteluista. Kalevan muutosneuvottelut koskevat liiketoimintayhti\u00f6it\u00e4, joissa ty\u00f6skentelee noin 350 henkil\u00f6\u00e4.<\/p>\n<p><img decoding=\"async\" class=\"image image-show image-preview\" src=\"https:\/\/www.europesays.com\/fi\/wp-content\/uploads\/2025\/09\/731215d5cf28e5bea82e5874b9b1c564a18cc49274a3ab93622a67abe94ca6c9.jpg\" alt=\"\"\/><img decoding=\"async\" class=\"image image-show\" src=\"https:\/\/www.europesays.com\/fi\/wp-content\/uploads\/2025\/09\/1758726968_821_731215d5cf28e5bea82e5874b9b1c564a18cc49274a3ab93622a67abe94ca6c9.jpg\" alt=\"\"\/><\/p>\n<p>Telia ilmoitti muutosneuvotteluista. Tiina Somerpuro<\/p>\n<p class=\"paragraph\">Teleoperaattori Telia Finland aloittaa muutosneuvottelut, joiden piiriss\u00e4 on noin 380 ty\u00f6teht\u00e4v\u00e4\u00e4. Yhti\u00f6n tiedotteen mukaan noin 48 henkil\u00f6\u00e4 voidaan irtisanoa. Uusia teht\u00e4vi\u00e4 avautuisi enimmill\u00e4\u00e4n 19.<\/p>\n<p class=\"paragraph\">Taustalla on Telian suunnitelma nykyist\u00e4 laajemman teknologiayksik\u00f6n rakentamisesta ja keskitt\u00e4misest\u00e4 yhteen organisaatioon. Se syntyisi yhdist\u00e4m\u00e4ll\u00e4 nykyiset Infrastruktuuri- ja IT-yksik\u00f6t.<\/p>\n<p class=\"paragraph\">My\u00f6s Kaleva Media aloittaa muutosneuvottelut, uutisoi <a href=\"https:\/\/www.kaleva.fi\/kaleva-media-aloittaa-muutosneuvottelut-medialiike\/11785023\" target=\"_blank\" rel=\"noopener nofollow\">Kaleva<\/a>. Muutosneuvottelut koskevat sen medialiiketoimintayhti\u00f6it\u00e4 I-Mediat Oy:t\u00e4 ja Kaleva365 Oy:t\u00e4. N\u00e4iss\u00e4 ty\u00f6skentelee noin 350 henkil\u00f6\u00e4 ja neuvottelut voivat johtaa enint\u00e4\u00e4n 26 ty\u00f6ntekij\u00e4n irtisanomiseen. Lis\u00e4ksi neuvotteluissa voidaan sopia ty\u00f6sopimuksen olennaisen ehdon yksipuolisista muutoksista 19 henkil\u00f6n osalta.<\/p>\n<p class=\"paragraph\">Neuvotteluiden piiriss\u00e4 ovat yritys- ja kuluttajapalvelut kummastakin yhti\u00f6st\u00e4 sek\u00e4 I-Mediat Oy:n Liiketoiminnan tuki ja kehitys -yksikk\u00f6. Sen sijaan toimitusten osalta neuvottelut koskevat vain taittoa tekevi\u00e4 henkil\u00f6it\u00e4.<\/p>\n<p class=\"paragraph\">Vain p\u00e4iv\u00e4\u00e4 aiemmin 1300 henkil\u00f6n muutosneuvotteluista kertoi Valmet Automotive.<\/p>\n<p class=\"paragraph\">Arvioitu sopeutustarve on enint\u00e4\u00e4n noin 1 075 henkil\u00f6ty\u00f6vuotta.<\/p>\n<p class=\"paragraph\">Syyskuun aikana muutosneuvotteluista on kertonut my\u00f6s muun muassa alkoholiyhti\u00f6 <a href=\"https:\/\/www.iltalehti.fi\/talous\/958c76ce-ac4b-4c33-ac5a-3e93c85a600e\" rel=\"nofollow noopener\" target=\"_blank\">Anora<\/a>, mediayhti\u00f6 <a href=\"https:\/\/www.iltalehti.fi\/kotimaa\/c11c23b7-dbb3-406d-8309-eb838676cb25\" rel=\"nofollow noopener\" target=\"_blank\">MTV<\/a> sek\u00e4 mediayhti\u00f6 <a href=\"https:\/\/www.hs.fi\/talous\/art-2000011487778.html\" target=\"_blank\" rel=\"noopener nofollow\">Sanoma<\/a> ja elokuun aikana peliyhti\u00f6 <a href=\"https:\/\/www.iltalehti.fi\/talous\/c7af2b88-5af3-44d0-b079-097d03476b98\" rel=\"nofollow noopener\" target=\"_blank\">Veikkaus<\/a>, vakuutusyhti\u00f6 <a href=\"https:\/\/www.iltalehti.fi\/talous\/b562acbd-3c51-45c6-a314-742c7e6d0064\" rel=\"nofollow noopener\" target=\"_blank\">L\u00e4hi-Tapiola<\/a> ja ruokakuljetuspalvelu <a href=\"https:\/\/www.iltalehti.fi\/kotimaa\/ea7f9765-caf0-4a71-827a-b33715ad5130\" rel=\"nofollow noopener\" target=\"_blank\">Wolt<\/a>.<\/p>\n<p class=\"paragraph\">Ty\u00f6tt\u00f6myysasteen trendi nousi elokuussa 10 prosenttiin. Ty\u00f6tt\u00f6myysaste on viimeksi ollut korkeampi elokuussa 1998, joskin luku ei ole t\u00e4ysin vertailukelpoinen.<\/p>\n","protected":false},"excerpt":{"rendered":"Telia Finland ilmoittaa 380 ty\u00f6teht\u00e4v\u00e4\u00e4 koskevista muutosneuvotteluista. Kalevan muutosneuvottelut koskevat liiketoimintayhti\u00f6it\u00e4, joissa ty\u00f6skentelee noin 350 henkil\u00f6\u00e4. Telia ilmoitti&hellip;\n","protected":false},"author":2,"featured_media":44001,"comment_status":"","ping_status":"","sticky":false,"template":"","format":"standard","meta":{"footnotes":"","_share_on_mastodon":"0"},"categories":[5],"tags":[35,22,23,26,27,33,31,30,17,24,25,5031,28,29,15,10161,18,21,32,19,20,860,3512,16,2253],"class_list":["post-44000","post","type-post","status-publish","format-standard","has-post-thumbnail","category-otsikot","tag-24h","tag-breaking-news","tag-breakingnews","tag-featured-news","tag-featurednews","tag-fi","tag-finland","tag-finnish","tag-headlines","tag-latest-news","tag-latestnews","tag-lomautukset-ja-irtisanomiset","tag-main-news","tag-mainnews","tag-news","tag-operaattorit","tag-otsikot","tag-paauutiset","tag-suomi","tag-top-stories","tag-topstories","tag-tyoelama","tag-tyontekijat","tag-uutiset","tag-yt-neuvottelut"],"share_on_mastodon":{"url":"","error":""},"_links":{"self":[{"href":"https:\/\/www.europesays.com\/fi\/wp-json\/wp\/v2\/posts\/44000","targetHints":{"allow":["GET"]}}],"collection":[{"href":"https:\/\/www.europesays.com\/fi\/wp-json\/wp\/v2\/posts"}],"about":[{"href":"https:\/\/www.europesays.com\/fi\/wp-json\/wp\/v2\/types\/post"}],"author":[{"embeddable":true,"href":"https:\/\/www.europesays.com\/fi\/wp-json\/wp\/v2\/users\/2"}],"replies":[{"embeddable":true,"href":"https:\/\/www.europesays.com\/fi\/wp-json\/wp\/v2\/comments?post=44000"}],"version-history":[{"count":0,"href":"https:\/\/www.europesays.com\/fi\/wp-json\/wp\/v2\/posts\/44000\/revisions"}],"wp:featuredmedia":[{"embeddable":true,"href":"https:\/\/www.europesays.com\/fi\/wp-json\/wp\/v2\/media\/44001"}],"wp:attachment":[{"href":"https:\/\/www.europesays.com\/fi\/wp-json\/wp\/v2\/media?parent=44000"}],"wp:term":[{"taxonomy":"category","embeddable":true,"href":"https:\/\/www.europesays.com\/fi\/wp-json\/wp\/v2\/categories?post=44000"},{"taxonomy":"post_tag","embeddable":true,"href":"https:\/\/www.europesays.com\/fi\/wp-json\/wp\/v2\/tags?post=44000"}],"curies":[{"name":"wp","href":"https:\/\/api.w.org\/{rel}","templated":true}]}}