{"id":44030,"date":"2025-09-24T16:07:10","date_gmt":"2025-09-24T16:07:10","guid":{"rendered":"https:\/\/www.europesays.com\/fi\/44030\/"},"modified":"2025-09-24T16:07:10","modified_gmt":"2025-09-24T16:07:10","slug":"pelastuslaitos-sammuttaa-suuren-teollisuusrakennuksen-paloa-laitilassa-kattoa-jouduttu-purkamaan-varsinais-suomi","status":"publish","type":"post","link":"https:\/\/www.europesays.com\/fi\/44030\/","title":{"rendered":"Pelastuslaitos sammuttaa suuren teollisuusrakennuksen paloa Laitilassa \u2013 kattoa jouduttu purkamaan | Varsinais-Suomi"},"content":{"rendered":"<p class=\"aw-1gybjub aw-5vja16 cmIuaG zKETg yle__article__paragraph\">H\u00e4lytys tuli pelastuslaitokselle keskiviikkona iltap\u00e4iv\u00e4ll\u00e4. Sammutusty\u00f6t jatkuvat viel\u00e4 ainakin parin tunnin ajan.<\/p>\n<p><img decoding=\"async\" alt=\"Pelastuslaitoksen ajoneuvoja teollisuusrakennuksen edustalla. Katolle viev\u00e4t tikkaat on nostettu pystyyn.\" src=\"https:\/\/www.europesays.com\/fi\/wp-content\/uploads\/2025\/09\/39-152820668d3f0c0253d0.jpeg\" class=\"aw-1l9m598 hKVVvP\"\/><\/p>\n<p>Avaa kuvien katselu<\/p>\n<p>Paikalle on h\u00e4lytetty parikymment\u00e4 pelastuslaitoksen yksikk\u00f6\u00e4. Kuva: Ari Welling \/ Yle<\/p>\n<p>15:35\u2022P\u00e4ivitetty 17:01<\/p>\n<p class=\"aw-1gybjub aw-1p7kakr cmIuaG fmSRng yle__article__paragraph\">Suuren teollisuuslaitoksen kattorakenteissa syttyi tulipalo Laitilassa Riihenkalliontiell\u00e4 keskiviikkona iltap\u00e4iv\u00e4ll\u00e4.<\/p>\n<p class=\"aw-1gybjub aw-1p7kakr cmIuaG fmSRng yle__article__paragraph\">Paikalla tulipaloa sammuttamassa on 26 pelastuslaitoksen yksikk\u00f6\u00e4.<\/p>\n<p class=\"aw-1gybjub aw-1p7kakr cmIuaG fmSRng yle__article__paragraph\">P\u00e4ivyst\u00e4v\u00e4 p\u00e4\u00e4llikk\u00f6 <strong class=\"aw-ak79eh KyCXm yle__article__strong\">Petri Nenonen<\/strong> kertoo, ett\u00e4 rakennuksen kattoa on jouduttu purkamaan isolta alueelta tulipalon sammuttamiseksi. T\u00e4ll\u00e4 hetkell\u00e4 tulipalopaikalla varmistetaan, ettei rakenteisiin j\u00e4\u00e4 palopes\u00e4kkeit\u00e4.<\/p>\n<p class=\"aw-1gybjub aw-1p7kakr cmIuaG fmSRng yle__article__paragraph\">\u2013 Ainakin pari tuntia menee viel\u00e4 sammutust\u00f6iss\u00e4, Nenonen kertoo.<\/p>\n<p><img decoding=\"async\" alt=\"Karttakuva palopaikasta.\" src=\"https:\/\/www.europesays.com\/fi\/wp-content\/uploads\/2025\/09\/39-152816268d3e6ff9317e.jpeg\" loading=\"lazy\" class=\"aw-1l9m598 hKVVvP\"\/><\/p>\n<p>Avaa kuvien katselu<\/p>\n<p>Palopaikka sijaitsee Laitilan keskustan l\u00e4nsipuolella. Kuva: Eino Kossila \/ Yle, Mapcreator<\/p>\n<p class=\"aw-1gybjub aw-1p7kakr cmIuaG fmSRng yle__article__paragraph\">Rakennuksessa ty\u00f6skennelleet ihmiset on evakuoitu, eik\u00e4 loukkaantumisia ole tiedossa.<\/p>\n<p class=\"aw-1gybjub aw-1p7kakr cmIuaG fmSRng yle__article__paragraph\">Teollisuusrakennuksen ty\u00f6ntekij\u00f6iden mukaan my\u00f6s savua on my\u00f6s rakennuksen sis\u00e4ll\u00e4. Ty\u00f6ntekij\u00f6iden mukaan rakennuksen katolla tehtiin korjaust\u00f6it\u00e4, joista tuli p\u00e4\u00e4si levi\u00e4m\u00e4\u00e4n rakennukseen.<\/p>\n<p class=\"aw-1gybjub aw-1p7kakr cmIuaG fmSRng yle__article__paragraph\">H\u00e4lytys tuli pelastuslaitokselle keskiviikkona iltap\u00e4iv\u00e4ll\u00e4 kello 15 j\u00e4lkeen.<\/p>\n","protected":false},"excerpt":{"rendered":"H\u00e4lytys tuli pelastuslaitokselle keskiviikkona iltap\u00e4iv\u00e4ll\u00e4. Sammutusty\u00f6t jatkuvat viel\u00e4 ainakin parin tunnin ajan. Avaa kuvien katselu Paikalle on h\u00e4lytetty&hellip;\n","protected":false},"author":2,"featured_media":44031,"comment_status":"","ping_status":"","sticky":false,"template":"","format":"standard","meta":{"footnotes":""},"categories":[12],"tags":[22,23,26,27,33,31,30,17,71,7650,24,25,28,29,15,837,18,21,127,3639,9616,32,19,20,1265,16,663],"class_list":{"0":"post-44030","1":"post","2":"type-post","3":"status-publish","4":"format-standard","5":"has-post-thumbnail","7":"category-suomi","8":"tag-breaking-news","9":"tag-breakingnews","10":"tag-featured-news","11":"tag-featurednews","12":"tag-fi","13":"tag-finland","14":"tag-finnish","15":"tag-headlines","16":"tag-kotimaa","17":"tag-laitila","18":"tag-latest-news","19":"tag-latestnews","20":"tag-main-news","21":"tag-mainnews","22":"tag-news","23":"tag-onnettomuudet","24":"tag-otsikot","25":"tag-paauutiset","26":"tag-pelastuslaitokset","27":"tag-rakennukset","28":"tag-rakennuspalo","29":"tag-suomi","30":"tag-top-stories","31":"tag-topstories","32":"tag-tulipalot","33":"tag-uutiset","34":"tag-varsinais-suomi"},"share_on_mastodon":{"url":"","error":""},"_links":{"self":[{"href":"https:\/\/www.europesays.com\/fi\/wp-json\/wp\/v2\/posts\/44030","targetHints":{"allow":["GET"]}}],"collection":[{"href":"https:\/\/www.europesays.com\/fi\/wp-json\/wp\/v2\/posts"}],"about":[{"href":"https:\/\/www.europesays.com\/fi\/wp-json\/wp\/v2\/types\/post"}],"author":[{"embeddable":true,"href":"https:\/\/www.europesays.com\/fi\/wp-json\/wp\/v2\/users\/2"}],"replies":[{"embeddable":true,"href":"https:\/\/www.europesays.com\/fi\/wp-json\/wp\/v2\/comments?post=44030"}],"version-history":[{"count":0,"href":"https:\/\/www.europesays.com\/fi\/wp-json\/wp\/v2\/posts\/44030\/revisions"}],"wp:featuredmedia":[{"embeddable":true,"href":"https:\/\/www.europesays.com\/fi\/wp-json\/wp\/v2\/media\/44031"}],"wp:attachment":[{"href":"https:\/\/www.europesays.com\/fi\/wp-json\/wp\/v2\/media?parent=44030"}],"wp:term":[{"taxonomy":"category","embeddable":true,"href":"https:\/\/www.europesays.com\/fi\/wp-json\/wp\/v2\/categories?post=44030"},{"taxonomy":"post_tag","embeddable":true,"href":"https:\/\/www.europesays.com\/fi\/wp-json\/wp\/v2\/tags?post=44030"}],"curies":[{"name":"wp","href":"https:\/\/api.w.org\/{rel}","templated":true}]}}