{"id":44061,"date":"2025-09-24T16:53:09","date_gmt":"2025-09-24T16:53:09","guid":{"rendered":"https:\/\/www.europesays.com\/fi\/44061\/"},"modified":"2025-09-24T16:53:09","modified_gmt":"2025-09-24T16:53:09","slug":"stagala-joutui-leikkaukseen-nain-han-kommentoi-jere-karalahtea","status":"publish","type":"post","link":"https:\/\/www.europesays.com\/fi\/44061\/","title":{"rendered":"Stagala joutui leikkaukseen \u2013 n\u00e4in h\u00e4n kommentoi Jere Karalahtea"},"content":{"rendered":"<p>Stagala uskoo Jere Karalahden mahdollisuuksiin.<\/p>\n<p>Stagalan olkap\u00e4\u00e4 meni sijoiltaan Ice Cage 5 -illassa.Video: Tommi Koivunen<\/p>\n<p class=\"article-body mb-nof-24 px-nof-16\">Kyseenalaisilla puheillaan ja somejulkaisuillaan tunnetuksi noussut <a class=\"article-personlink\" href=\"https:\/\/www.is.fi\/haku\/?query=Stagala\" rel=\"nofollow noopener\" target=\"_blank\">Stagala<\/a> eli <a class=\"article-personlink\" href=\"https:\/\/www.is.fi\/haku\/?query=Joni%20Takala\" rel=\"nofollow noopener\" target=\"_blank\">Joni Takala<\/a> leikattiin keskiviikkona.<\/p>\n<p class=\"article-body mb-nof-24 px-nof-16\">H\u00e4nen vasen olkap\u00e4\u00e4 meni sijoiltaan syyskuun alussa Ice Cage 5 -tapahtumassa. Se operoitiin Helsingiss\u00e4.<\/p>\n<p class=\"article-body mb-nof-24 px-nof-16\">Kuohuttava somepersoona avasi tilannettaan sairaalavuoteelta nopeasti leikkauksen j\u00e4lkeen. \u201dKuninkaana\u201d esiintyv\u00e4n 25-vuotiaan p\u00e4\u00e4h\u00e4n asetettiin tuttu kruunu haastattelua varten.<\/p>\n<p><img decoding=\"async\" src=\"https:\/\/www.europesays.com\/fi\/wp-content\/uploads\/2025\/09\/1758732788_996_320.jpg\" alt=\"Stagala esiintyi kameralle vain tunteja leikkauksen j\u00e4lkeen.\" class=\"_Img_tdqg8_1\" style=\"aspect-ratio:0.6666666666666666\" loading=\"eager\"\/><\/p>\n<p class=\"article-picture-caption\">Stagala esiintyi kameralle vain tunteja leikkauksen j\u00e4lkeen. Kuva:\u00a0Janne Aaltonen<\/p>\n<p class=\"article-body mb-nof-24 px-nof-16\">25-vuotiaan Takalan vasen olkap\u00e4\u00e4 meni sijoiltaan syyskuun alussa Ice Cage 5 -tapahtumassa, ja se operoitiin keskiviikkona Helsingiss\u00e4.<\/p>\n<p class=\"article-body mb-nof-24 px-nof-16\">\u2013\u2009Tosi hyvin meni, Takala toteaa leikkauksestaan.<\/p>\n<p class=\"article-body mb-nof-24 px-nof-16\">\u2013\u2009Treenitkin voi alkaa, totta kai joutuu jotain muutoksia tekem\u00e4\u00e4n t\u00e4h\u00e4n alkuun.<\/p>\n<p class=\"article-body mb-nof-24 px-nof-16\">Takalan olkap\u00e4\u00e4 meni sijoiltaan heti ensimm\u00e4isess\u00e4 er\u00e4ss\u00e4 syyskuun nyrkkeilyottelussa toista somepersoonaa <a class=\"article-personlink\" href=\"https:\/\/www.is.fi\/haku\/?query=Henrik%20Hopeaa\" rel=\"nofollow noopener\" target=\"_blank\">Henrik Hopeaa<\/a> eli <a class=\"article-personlink\" href=\"https:\/\/www.is.fi\/haku\/?query=Akamia\" rel=\"nofollow noopener\" target=\"_blank\">Akamia <\/a>vastaan.<\/p>\n<p class=\"article-body mb-nof-24 px-nof-16\">Loukkaantumisesta huolimatta h\u00e4n voitti ottelun kaikin tuomari\u00e4\u00e4nin. H\u00e4n kiitteli taustajoukkojaan tsemppaamisesta kamppailun aikana.<\/p>\n<p class=\"article-body mb-nof-24 px-nof-16\">\u2013\u2009Tuo <a class=\"article-personlink\" href=\"https:\/\/www.is.fi\/haku\/?query=Kristerkin\" rel=\"nofollow noopener\" target=\"_blank\">Kristerkin<\/a> (kirurgi) sanoi ett\u00e4 h\u00e4n on ollut n\u00e4iss\u00e4 jutuissa mukana pitk\u00e4\u00e4n ja n\u00e4hnyt paljon urheiluvammoja, mutta ei ollut koskaan n\u00e4hnyt, ett\u00e4 joku vet\u00e4isi t\u00e4llaisella k\u00e4dell\u00e4 loppuun asti, Takala hehkutti.<\/p>\n<p><img decoding=\"async\" src=\"https:\/\/www.europesays.com\/fi\/wp-content\/uploads\/2025\/09\/1758732789_228_468.jpg\" alt=\"Stagalan olkap\u00e4\u00e4 meni sijoiltaan kesken ottelun, ja se \u201dveivattiin\u201d paikoilleen kamppailun j\u00e4lkeen pukuhuoneessa,\" class=\"_Img_tdqg8_1\" style=\"aspect-ratio:1.5\" loading=\"eager\"\/><\/p>\n<p class=\"article-picture-caption\">Stagalan olkap\u00e4\u00e4 meni sijoiltaan kesken ottelun, ja se \u201dveivattiin\u201d paikoilleen kamppailun j\u00e4lkeen pukuhuoneessa, Kuva:\u00a0Janne Aaltonen<\/p>\n<p><img decoding=\"async\" src=\"https:\/\/www.europesays.com\/fi\/wp-content\/uploads\/2025\/09\/1758732789_801_468.jpg\" alt=\"Stagalan olkap\u00e4\u00e4 oli kantositeess\u00e4 Ice Cage 5 -tapahtumasta asti.\" class=\"_Img_tdqg8_1\" style=\"aspect-ratio:1.5\" loading=\"eager\"\/><\/p>\n<p class=\"article-picture-caption\">Stagalan olkap\u00e4\u00e4 oli kantositeess\u00e4 Ice Cage 5 -tapahtumasta asti. Kuva:\u00a0Janne Aaltonen<\/p>\n<p class=\"article-body mb-nof-24 px-nof-16\">Naisvihakommenteillaan raivostuttanut somenyrkkeilij\u00e4 haastoi voittonsa j\u00e4lkeen UFC-veteraani <a class=\"article-personlink\" href=\"https:\/\/www.is.fi\/haku\/?query=Makwan%20Amirkhanin\" rel=\"nofollow noopener\" target=\"_blank\">Makwan Amirkhanin<\/a>.<\/p>\n<p class=\"article-body mb-nof-24 px-nof-16\">Amirkhani kommentoi haastoa toteamalla Takalan olevan \u201dihan vitsi\u201d, muttei tyrm\u00e4nnyt ajatusta yll\u00e4tt\u00e4v\u00e4st\u00e4 ottelusta.<\/p>\n<p class=\"article-body mb-nof-24 px-nof-16\">Takalan mukaan leikkauksella ei ole vaikutusta h\u00e4nen jatkosuunnitelmiinsa. H\u00e4n on allekirjoittanut sopimuksen seuraavasta ottelusta joka toteutuu kuntoutumisen j\u00e4lkeen.<\/p>\n<p class=\"article-body mb-nof-24 px-nof-16\">Ice Cage 5 -tapahtuman ottelu oli Takalalle vasta h\u00e4nen uransa toinen.<\/p>\n<p class=\"article-body mb-nof-24 px-nof-16\">Ensimm\u00e4isess\u00e4\u00e4n h\u00e4n tyrm\u00e4si 54-vuotiaan <a class=\"article-personlink\" href=\"https:\/\/www.is.fi\/haku\/?query=Mika%20%E2%80%9DImmu%E2%80%9D%20Ilm%C3%A9nin\" rel=\"nofollow noopener\" target=\"_blank\">Mika \u201dImmu\u201d Ilm\u00e9nin<\/a> 15 sekunnissa Ice Cage -illassa toukokuussa.<\/p>\n<p class=\"article-body mb-nof-24 px-nof-16\">Takalan ja Ilm\u00e9nin kohtaaminen toistuu jollain tapaa viikonloppuna, kun ex-kiekkot\u00e4hti <a class=\"article-personlink\" href=\"https:\/\/www.is.fi\/haku\/?query=Jere%20Karalahti\" rel=\"nofollow noopener\" target=\"_blank\">Jere Karalahti<\/a>, 50, nyrkkeilee kehonrakentaja <a class=\"article-personlink\" href=\"https:\/\/www.is.fi\/haku\/?query=Matias%20Nieme%C3%A4\" rel=\"nofollow noopener\" target=\"_blank\">Matias Nieme\u00e4<\/a>, 35, vastaan Helsingin j\u00e4\u00e4hallissa.<\/p>\n<p class=\"article-body mb-nof-24 px-nof-16\">Ilm\u00e9n ennusti <a class=\"article-genericlink\" href=\"https:\/\/www.is.fi\/nyrkkeily\/art-2000011510651.html\" rel=\"nofollow noopener\" target=\"_blank\">tiistaina Ilta-Sanomille<\/a>, ettei vuosien varrella kovia kokenut Karalahti kest\u00e4 lauantain ottelussa ik\u00e4ns\u00e4 vuoksi.<\/p>\n<p class=\"article-body mb-nof-24 px-nof-16\">\u2013\u2009H\u00e4n (Karalahti) k\u00e4y sen verran hitaalla, ett\u00e4 Matias vie matsin. Ottelu ei kest\u00e4 t\u00e4ytt\u00e4 aikaa, Immu povasi.<\/p>\n<p><img decoding=\"async\" src=\"https:\/\/www.europesays.com\/fi\/wp-content\/uploads\/2025\/09\/1758732789_693_468.jpg\" alt=\"Joni \u201dStagala\u201d Takala on voittanut molemmat ottelunsa altavastaajia vastaan.\" class=\"_Img_tdqg8_1\" style=\"aspect-ratio:1.5\" loading=\"eager\"\/><\/p>\n<p class=\"article-picture-caption\">Joni \u201dStagala\u201d Takala on voittanut molemmat ottelunsa altavastaajia vastaan. Kuva:\u00a0Janne Aaltonen<\/p>\n<p class=\"article-body mb-nof-24 px-nof-16\">Stagala uskoo, ett\u00e4 Karalahdella on mahdollisuudet voittoon lauantaina.<\/p>\n<p class=\"article-body mb-nof-24 px-nof-16\">\u2013\u2009Toi matsi on v\u00e4h\u00e4n eri asia, l\u00e4ht\u00f6kohdat on tosi erilaiset, Takala vertaa otteluunsa Ilm\u00e9ni\u00e4 vastaan.<\/p>\n<p class=\"article-body mb-nof-24 px-nof-16\">Immu pudotti painoaan l\u00e4hes 30 kiloa ottelua varten.<\/p>\n<p class=\"article-body mb-nof-24 px-nof-16\">\u2013\u2009H\u00e4n tiputti tosi paljon painoa, eik\u00e4 h\u00e4nell\u00e4 ollut samanlaista urheilutaustaa kuin Karalahdella, Takala toteaa.<\/p>\n<p class=\"article-body mb-nof-24 px-nof-16\">\u2013\u2009Karalahdella on p\u00e4\u00e4 ja se mentaliteetti ihan eri luokkaa, kyll\u00e4 siit\u00e4 l\u00e4tk\u00e4st\u00e4 on varmasti jollain tasolla hy\u00f6ty\u00e4.<\/p>\n<p class=\"article-body mb-nof-24 px-nof-16\">Takalan mielest\u00e4 Niemi on teknisesti \u201dihan hyv\u00e4\u201d nyrkkeilij\u00e4.<\/p>\n<p class=\"article-body mb-nof-24 px-nof-16\">Karalahti on harrastanut thainyrkkeily\u00e4, mutta h\u00e4nell\u00e4 ei ole aktiivikamppailijan taustaa.<\/p>\n<p class=\"article-body mb-nof-24 px-nof-16\">\u2013\u2009Kyll\u00e4 m\u00e4 uskon, ett\u00e4 Karalahdella on ihan yll\u00e4tt\u00e4v\u00e4n hyv\u00e4t mahdollisuudet loistaa siin\u00e4 matsissa. Siin\u00e4 voi k\u00e4yd\u00e4 mit\u00e4 tahansa, Takala sanoo.<\/p>\n<p class=\"article-body mb-nof-24 px-nof-16\">\u2013\u2009Kun on kyseess\u00e4 molemmille ensimm\u00e4inen matsi eli jos p\u00e4\u00e4 kest\u00e4\u00e4, niin sill\u00e4 se vied\u00e4\u00e4n, h\u00e4n p\u00e4\u00e4tt\u00e4\u00e4 arvionsa.<\/p>\n","protected":false},"excerpt":{"rendered":"Stagala uskoo Jere Karalahden mahdollisuuksiin. Stagalan olkap\u00e4\u00e4 meni sijoiltaan Ice Cage 5 -illassa.Video: Tommi Koivunen Kyseenalaisilla puheillaan ja&hellip;\n","protected":false},"author":2,"featured_media":44062,"comment_status":"","ping_status":"","sticky":false,"template":"","format":"standard","meta":{"footnotes":""},"categories":[158],"tags":[33,31,30,34,159,32,160],"class_list":{"0":"post-44061","1":"post","2":"type-post","3":"status-publish","4":"format-standard","5":"has-post-thumbnail","7":"category-urheilu","8":"tag-fi","9":"tag-finland","10":"tag-finnish","11":"tag-ilta-sanomat","12":"tag-sports","13":"tag-suomi","14":"tag-urheilu"},"share_on_mastodon":{"url":"","error":""},"_links":{"self":[{"href":"https:\/\/www.europesays.com\/fi\/wp-json\/wp\/v2\/posts\/44061","targetHints":{"allow":["GET"]}}],"collection":[{"href":"https:\/\/www.europesays.com\/fi\/wp-json\/wp\/v2\/posts"}],"about":[{"href":"https:\/\/www.europesays.com\/fi\/wp-json\/wp\/v2\/types\/post"}],"author":[{"embeddable":true,"href":"https:\/\/www.europesays.com\/fi\/wp-json\/wp\/v2\/users\/2"}],"replies":[{"embeddable":true,"href":"https:\/\/www.europesays.com\/fi\/wp-json\/wp\/v2\/comments?post=44061"}],"version-history":[{"count":0,"href":"https:\/\/www.europesays.com\/fi\/wp-json\/wp\/v2\/posts\/44061\/revisions"}],"wp:featuredmedia":[{"embeddable":true,"href":"https:\/\/www.europesays.com\/fi\/wp-json\/wp\/v2\/media\/44062"}],"wp:attachment":[{"href":"https:\/\/www.europesays.com\/fi\/wp-json\/wp\/v2\/media?parent=44061"}],"wp:term":[{"taxonomy":"category","embeddable":true,"href":"https:\/\/www.europesays.com\/fi\/wp-json\/wp\/v2\/categories?post=44061"},{"taxonomy":"post_tag","embeddable":true,"href":"https:\/\/www.europesays.com\/fi\/wp-json\/wp\/v2\/tags?post=44061"}],"curies":[{"name":"wp","href":"https:\/\/api.w.org\/{rel}","templated":true}]}}