{"id":44106,"date":"2025-09-24T17:52:09","date_gmt":"2025-09-24T17:52:09","guid":{"rendered":"https:\/\/www.europesays.com\/fi\/44106\/"},"modified":"2025-09-24T17:52:09","modified_gmt":"2025-09-24T17:52:09","slug":"ylen-tiedot-essayahin-poissaolo-avaa-tien-alkoholin-kotiinkuljetuslain-etenemiselle-kotimaa","status":"publish","type":"post","link":"https:\/\/www.europesays.com\/fi\/44106\/","title":{"rendered":"Ylen tiedot: Essayahin poissaolo avaa tien alkoholin kotiinkuljetuslain etenemiselle | Kotimaa"},"content":{"rendered":"<p class=\"aw-1gybjub aw-5vja16 cmIuaG zKETg yle__article__paragraph\">Kristillisdemokraatit vaativat jo kerran esityksen poistamista valtioneuvoston yleisistunnon asialistalta.<\/p>\n<p><img decoding=\"async\" alt=\"Maa- ja mets\u00e4talousministeri Sari Essayah.\" src=\"https:\/\/www.europesays.com\/fi\/wp-content\/uploads\/2025\/09\/39-151636468b73d811178f.jpeg\" class=\"aw-1l9m598 hKVVvP\"\/><\/p>\n<p>Avaa kuvien katselu<\/p>\n<p>Kristillisdemokraattien puheenjohtaja, maa- ja mets\u00e4talousministeri Sari Essayahin on tarkoitus aloittaa keskiviikkona kaksip\u00e4iv\u00e4inen vierailunsa Japanin Osakassa. Kuva: Henrietta Hassinen \/ Yle<\/p>\n<p>19:15\u2022P\u00e4ivitetty 19:58<\/p>\n<p class=\"aw-1gybjub aw-1p7kakr cmIuaG fmSRng yle__article__paragraph\">Ylen tietojen mukaan kristillisdemokraattien puheenjohtaja, maa- ja mets\u00e4talousministeri <strong class=\"aw-ak79eh KyCXm yle__article__strong\">Sari Essayah<\/strong> ei osallistu huomiseen valtioneuvoston yleisistuntoon.<\/p>\n<p class=\"aw-1gybjub aw-1p7kakr cmIuaG fmSRng yle__article__paragraph\">Yleisistunnon asialistalla on kristillisdemokraattien vastustama alkoholin kotiinkuljetusta ja et\u00e4myynnin muuttamista koskeva esitys. Alkoholin et\u00e4myynti on t\u00e4ll\u00e4kin hetkell\u00e4 mahdollista. Hallitusohjelmassa ei ole sovittu et\u00e4myynnin kielt\u00e4misest\u00e4 tai rajoittamisesta.<\/p>\n<p class=\"aw-1gybjub aw-1p7kakr cmIuaG fmSRng yle__article__paragraph\">N\u00e4ytt\u00e4\u00e4 silt\u00e4, ett\u00e4 kristillisdemokraatit eiv\u00e4t siis en\u00e4\u00e4 pysty jarruttamaan lain etenemist\u00e4 eduskuntaan.<\/p>\n<p class=\"aw-1gybjub aw-1p7kakr cmIuaG fmSRng yle__article__paragraph\">Toinen kristillisdemokraattien ministereist\u00e4, liikunta-, urheilu- ja nuorisoministeri <strong class=\"aw-ak79eh KyCXm yle__article__strong\">Mika Poutala<\/strong>, <a class=\"aw-iao6s4 iHOxEa yle__article__link\" href=\"https:\/\/yle.fi\/a\/74-20184319\" role=\"link\" rel=\"nofollow noopener\" target=\"_blank\">pyysi jo kertaalleen<\/a> asiakirjat perehtymist\u00e4 varten, mink\u00e4 vuoksi hallitus ei voinut hyv\u00e4ksy\u00e4 kiistelty\u00e4 esityst\u00e4.<\/p>\n<ul class=\"aw-1jjocuh iJTSwP yle__article__list yle__article__list--ul\">\n<li class=\"aw-1j7gwms kUeLji\"><a class=\"aw-iao6s4 iHOxEa yle__article__link\" href=\"https:\/\/yle.fi\/a\/74-20184319\" role=\"link\" rel=\"nofollow noopener\" target=\"_blank\">Katso t\u00e4st\u00e4 Ylen viime maanantain jutusta, mit\u00e4 kiista koskee.<\/a><\/li>\n<\/ul>\n<p class=\"aw-1gybjub aw-1p7kakr cmIuaG fmSRng yle__article__paragraph\">Jokainen ministeri voi esitt\u00e4\u00e4 pyynn\u00f6n saman esityksen poistamisesta istunnon k\u00e4sittelyst\u00e4 vain kerran.<\/p>\n<p class=\"aw-1gybjub aw-1p7kakr cmIuaG fmSRng yle__article__paragraph\">K\u00e4yt\u00e4nn\u00f6ss\u00e4 siis p\u00e4\u00e4t\u00f6ksenteon lykk\u00e4\u00e4minen kristillisdemokraattien voimin uudelleen edellytt\u00e4isi Essayahin pyynt\u00f6\u00e4.<\/p>\n<p class=\"aw-1gybjub aw-1p7kakr cmIuaG fmSRng yle__article__paragraph\">Ylen tietojen mukaan Essayhin nime\u00e4 ei kuitenkaan l\u00f6ydy kokouksen osallistujalistalta. Tiett\u00e4v\u00e4sti t\u00e4m\u00e4 tarkoittaa my\u00f6skin sit\u00e4, ett\u00e4 h\u00e4n ei ole osallistumassa kokoukseen et\u00e4n\u00e4.<\/p>\n<p class=\"aw-1gybjub aw-1p7kakr cmIuaG fmSRng yle__article__paragraph\">Kynnyst\u00e4 et\u00e4osallistumiseen valtioneuvoston yleisistuntoihin on muutenkin pidetty korkeana.<\/p>\n<p class=\"aw-1gybjub aw-1p7kakr cmIuaG fmSRng yle__article__paragraph\">Essayahin on m\u00e4\u00e4r\u00e4 aloittaa keskiviikkona kaksip\u00e4iv\u00e4inen <a class=\"aw-iao6s4 iHOxEa yle__article__link\" href=\"https:\/\/valtioneuvosto.fi\/-\/1410837\/suomen-biotalousosaaminen-esilla-osakan-maailmannayttelyssa-ministeri-essayah-vierailee-japanissa-1\" role=\"link\" rel=\"nofollow noopener\" target=\"_blank\">vierailunsa<\/a> Japanin Osakassa.<\/p>\n<p>T\u00e4st\u00e4 kiistassa on kyse<\/p>\n<p class=\"aw-1gybjub aw-1p7kakr cmIuaG fmSRng yle__article__paragraph\">Riitaisan lain eteenp\u00e4in puskemisella on kiire, sill\u00e4 laki on tarkoitus k\u00e4sitell\u00e4 eduskunnassa muiden budjettilakien yhteydess\u00e4.<\/p>\n<p class=\"aw-1gybjub aw-1p7kakr cmIuaG fmSRng yle__article__paragraph\">Ylen tietojen mukaan asiaa koskevat neuvottelut jatkuvat edelleen.<\/p>\n<p class=\"aw-1gybjub aw-1p7kakr cmIuaG fmSRng yle__article__paragraph\">Kristillisdemokraatit vastustavat ulkomailta tilattavan alkoholin vapauttamista esityksess\u00e4 olevalla tavalla. KD katsoo esityksen murtavan Alkon monopolia hallitusohjelman vastaisesti.<\/p>\n<p class=\"aw-1gybjub aw-1p7kakr cmIuaG fmSRng yle__article__paragraph\">Kokoomuksessa sen sijaan katsotaan esityksen olevan hallitusohjelman mukainen.<\/p>\n<p class=\"aw-1gybjub aw-1p7kakr cmIuaG fmSRng yle__article__paragraph\">Mik\u00e4li neuvotteluissa ei synny tulosta, yksi todenn\u00e4k\u00f6inen kehityskulku on, ett\u00e4 KD:n paikalla oleva ministeri Mika Poutala \u00e4\u00e4nest\u00e4\u00e4 huomenna esityst\u00e4 vastaan ja esitys etenee eduskuntaan yhden hallituspuolueen vastustuksesta huolimatta.<\/p>\n<p class=\"aw-1gybjub aw-1p7kakr cmIuaG fmSRng yle__article__paragraph\">Periaatteessa on my\u00f6s mahdollista, ett\u00e4 esitys riitaisa esitys p\u00e4\u00e4tett\u00e4isiin poistaa kokouksen esityslistalta yhteistuumin. T\u00e4m\u00e4 on kuitenkin ep\u00e4todenn\u00e4k\u00f6ist\u00e4.<\/p>\n<p>N\u00e4in alkoholin kotiinkuljetus toimisi<\/p>\n<p class=\"aw-1gybjub aw-1p7kakr cmIuaG fmSRng yle__article__paragraph\">Lakiluonnoksen mukaan alkoholin kuljettamiseen asiakkaille pit\u00e4\u00e4 olla toimituslupa.<\/p>\n<ul class=\"aw-1jjocuh iJTSwP yle__article__list yle__article__list--ul\">\n<li class=\"aw-1j7gwms kUeLji\">Toimitusluvan tarvitsee yhti\u00f6, joka hoitaa alkoholin kuljetuksen asiakkaalle. K\u00e4yt\u00e4nn\u00f6ss\u00e4 se tarkoittaa alkoholin toimituksen hoitavaa kuljetusyhti\u00f6t\u00e4.<\/li>\n<li class=\"aw-1j7gwms kUeLji\">Kaikkiin toimituksiin pit\u00e4\u00e4 merkit\u00e4, sis\u00e4lt\u00e4v\u00e4tk\u00f6 ne alkoholia. Pakettiin tulisi merkit\u00e4 my\u00f6s erikseen v\u00e4kev\u00e4 alkoholi. T\u00e4m\u00e4n katsotaan auttavan alkoholikaupan viranomaisvalvontaa.<\/li>\n<li class=\"aw-1j7gwms kUeLji\">L\u00e4hetilt\u00e4 vaaditaan alkoholitoimituksiin toimituspassin suorittaminen. T\u00e4ll\u00e4 todennetaan alkoholilain tuntemus samaan tapaan kuin ravintoloiden anniskelupassilla.<\/li>\n<li class=\"aw-1j7gwms kUeLji\">L\u00e4hetti ei saa luovuttaa alkoholijuomia esimerkiksi alaik\u00e4iselle, p\u00e4ihtyneelle tai h\u00e4iritsev\u00e4sti k\u00e4ytt\u00e4ytyv\u00e4lle tai jos on syyt\u00e4 olettaa ett\u00e4 alkoholijuomia v\u00e4litet\u00e4\u00e4n eteenp\u00e4in. Alkoholijuomien luovuttaminen ostajalle olisi sallittua vain kello 9\u201321 v\u00e4lisen\u00e4 aikana tai Alkon aukioloaikojen puitteissa.<\/li>\n<li class=\"aw-1j7gwms kUeLji\">Alkoholin toimittaminen on kielletty esimerkiksi kouluihin, p\u00e4iv\u00e4koteihin, p\u00e4ihdehuollon yksik\u00f6ihin ja lastensuojelulaitoksiin. Viimeisen\u00e4 listaan on lis\u00e4tty yleiset leikkikent\u00e4t.<\/li>\n<li class=\"aw-1j7gwms kUeLji\">Viranomaiset valvovat toimituksia tekem\u00e4ll\u00e4 koeostoja ja yritys voisi saada seuraamusmaksuja lain rikkomuksista.<\/li>\n<\/ul>\n<p class=\"aw-1gybjub aw-1p7kakr cmIuaG fmSRng yle__article__paragraph\">Korjattu 24.9.2025 kello 19.45 jutun lopun faktalaatikon alkuun sit\u00e4, kuka tarvitsee toimitusluvan. Jutussa luki alun perin, ett\u00e4: \u201dToimitusluvan voivat hankkia kaikki v\u00e4hitt\u00e4ismyyntiluvan haltijat, Alko sek\u00e4 kuljetus- ja ruokal\u00e4hettipalvelut. Ulkomailla sijaitsevalle yritykselle lupa ei ole pakollinen. Ne k\u00e4ytt\u00e4v\u00e4t alkoholin toimitukseen yleens\u00e4 kuljetusyhti\u00f6it\u00e4.\u201d<\/p>\n","protected":false},"excerpt":{"rendered":"Kristillisdemokraatit vaativat jo kerran esityksen poistamista valtioneuvoston yleisistunnon asialistalta. Avaa kuvien katselu Kristillisdemokraattien puheenjohtaja, maa- ja mets\u00e4talousministeri Sari&hellip;\n","protected":false},"author":2,"featured_media":44107,"comment_status":"","ping_status":"","sticky":false,"template":"","format":"standard","meta":{"footnotes":""},"categories":[5],"tags":[22,23,11470,11469,26,27,33,31,30,17,71,24,25,28,29,15,18,21,637,11466,11467,887,32,19,20,16,11468],"class_list":{"0":"post-44106","1":"post","2":"type-post","3":"status-publish","4":"format-standard","5":"has-post-thumbnail","7":"category-otsikot","8":"tag-breaking-news","9":"tag-breakingnews","10":"tag-esityslistat","11":"tag-etamyynti","12":"tag-featured-news","13":"tag-featurednews","14":"tag-fi","15":"tag-finland","16":"tag-finnish","17":"tag-headlines","18":"tag-kotimaa","19":"tag-latest-news","20":"tag-latestnews","21":"tag-main-news","22":"tag-mainnews","23":"tag-news","24":"tag-otsikot","25":"tag-paauutiset","26":"tag-politiikka","27":"tag-sari-essayah","28":"tag-suomen-kristillisdemokraatit-kd","29":"tag-suomen-politiikka","30":"tag-suomi","31":"tag-top-stories","32":"tag-topstories","33":"tag-uutiset","34":"tag-valtioneuvosto"},"share_on_mastodon":{"url":"","error":""},"_links":{"self":[{"href":"https:\/\/www.europesays.com\/fi\/wp-json\/wp\/v2\/posts\/44106","targetHints":{"allow":["GET"]}}],"collection":[{"href":"https:\/\/www.europesays.com\/fi\/wp-json\/wp\/v2\/posts"}],"about":[{"href":"https:\/\/www.europesays.com\/fi\/wp-json\/wp\/v2\/types\/post"}],"author":[{"embeddable":true,"href":"https:\/\/www.europesays.com\/fi\/wp-json\/wp\/v2\/users\/2"}],"replies":[{"embeddable":true,"href":"https:\/\/www.europesays.com\/fi\/wp-json\/wp\/v2\/comments?post=44106"}],"version-history":[{"count":0,"href":"https:\/\/www.europesays.com\/fi\/wp-json\/wp\/v2\/posts\/44106\/revisions"}],"wp:featuredmedia":[{"embeddable":true,"href":"https:\/\/www.europesays.com\/fi\/wp-json\/wp\/v2\/media\/44107"}],"wp:attachment":[{"href":"https:\/\/www.europesays.com\/fi\/wp-json\/wp\/v2\/media?parent=44106"}],"wp:term":[{"taxonomy":"category","embeddable":true,"href":"https:\/\/www.europesays.com\/fi\/wp-json\/wp\/v2\/categories?post=44106"},{"taxonomy":"post_tag","embeddable":true,"href":"https:\/\/www.europesays.com\/fi\/wp-json\/wp\/v2\/tags?post=44106"}],"curies":[{"name":"wp","href":"https:\/\/api.w.org\/{rel}","templated":true}]}}