{"id":44148,"date":"2025-09-24T18:44:08","date_gmt":"2025-09-24T18:44:08","guid":{"rendered":"https:\/\/www.europesays.com\/fi\/44148\/"},"modified":"2025-09-24T18:44:08","modified_gmt":"2025-09-24T18:44:08","slug":"oulun-kaupunginjohtaja-soitti-ilmakitaraa-ja-kertoi-kaupungin-velan-nousevan-sadoilla-miljoonilla-kotimaa","status":"publish","type":"post","link":"https:\/\/www.europesays.com\/fi\/44148\/","title":{"rendered":"Oulun kaupunginjohtaja soitti ilmakitaraa ja kertoi kaupungin velan nousevan sadoilla miljoonilla | Kotimaa"},"content":{"rendered":"<p class=\"aw-1gybjub aw-5vja16 cmIuaG zKETg yle__article__paragraph\">Oulun kaupungin lainakanta on nousemassa yli miljardiin euroon. Kolmessa vuodessa lainaa tarvitaan lis\u00e4\u00e4 yli 400 miljoonaa euroa.<\/p>\n<p><img decoding=\"async\" alt=\"Oulun budjetti-info alkoi vauhdikkaasti, kun ilmakitaran maailmanmestari Aapo Rautio ja kaupunginjohtaja Ari Alatossava irroittelivat valtuustosalissa.\" src=\"https:\/\/www.europesays.com\/fi\/wp-content\/uploads\/2025\/09\/39-152817768d3ebcdb29a9.jpeg\" class=\"aw-1l9m598 hKVVvP\"\/><\/p>\n<p>Avaa kuvien katselu<\/p>\n<p>Kaupunginjohtaja Ari Alatossava aloitti talousarvioesityksens\u00e4 ilmakitaran maailmanmestari Aapo Raution kanssa. Kuva: Paulus Markkula \/ Yle<\/p>\n<p class=\"aw-1gybjub aw-1p7kakr cmIuaG fmSRng yle__article__paragraph\">Oulun kaupungin budjetti-info alkoi keskiviikkona vauhdikkaasti, kun ilmakitaransoiton oululainen maailmanmestari <strong class=\"aw-ak79eh KyCXm yle__article__strong\">Aapo \u201dThe Angus\u201d Rautio<\/strong> ja kaupunginjohtaja <strong class=\"aw-ak79eh KyCXm yle__article__strong\">Ari Alatossava<\/strong> irrottelivat valtuustosalissa.<\/p>\n<p class=\"aw-1gybjub aw-1p7kakr cmIuaG fmSRng yle__article__paragraph\">Vauhdikasta menoa kaupungilla on odotettavissa my\u00f6s investoinneissa ja velkaantumisessa.<\/p>\n<p class=\"aw-1gybjub aw-1p7kakr cmIuaG fmSRng yle__article__paragraph\">Kolmessa vuodessa velkam\u00e4\u00e4r\u00e4n ennakoidaan nousevan yli 400 miljoonaa euroa t\u00e4m\u00e4n vuoden lopun tilanteesta. Isoin syy ovat investoinnit, joiden arvo on ensi vuonna yli 200 miljoonaa euroa.<\/p>\n<p class=\"aw-1gybjub aw-1p7kakr cmIuaG fmSRng yle__article__paragraph\">\u2013 Emme ota niin sanotusti sy\u00f6m\u00e4velkaa, vaan investointeja tarvitaan kaupungin rakentamiseen, kertoo kaupunginjohtaja Ari Alatossava.<\/p>\n<p class=\"aw-1gybjub aw-1p7kakr cmIuaG fmSRng yle__article__paragraph\">Ensi vuonna valmistuvan Museo- ja tiedekeskus Tiiman hinta on noin 36 miljoonaa euroa. Valmistumassa on my\u00f6s iso p\u00e4\u00e4kirjaston peruskorjaus ja uuden lastenkulttuurikeskus Kotilon rakentaminen. J\u00e4\u00e4k\u00e4rinkankaan koulun kustannusarvio on yli 40 miljoonaa euroa.<\/p>\n<p class=\"aw-1gybjub aw-1p7kakr cmIuaG fmSRng yle__article__paragraph\">Oulu varautuu my\u00f6s historiansa kalleimpaan yksitt\u00e4iseen hankkeeseen. Tulevina vuosina rakennettavan Raksilan vesiliikuntakeskuksen hinta-arvio on noin 80 miljoonaa euroa.<\/p>\n<p><img decoding=\"async\" alt=\"Oulun kaupunginjohtaja Ari Alatossava esitt\u00e4\u00e4 talousarvioesityksens\u00e4 vuodelle 2026 ja taloussuunnitelman vuosille 2027-2028.\" src=\"https:\/\/www.europesays.com\/fi\/wp-content\/uploads\/2025\/09\/39-152794068d3c46f7e22a.jpeg\" loading=\"lazy\" class=\"aw-1l9m598 hKVVvP\"\/><\/p>\n<p>Avaa kuvien katselu<\/p>\n<p>Oulun kaupunginjohtaja Ari Alatossavan mukaan ensi vuosi n\u00e4ytt\u00e4\u00e4 paremmalta kuin t\u00e4m\u00e4 vuosi. Kuva: Paulus Markkula \/ Yle<\/p>\n<p class=\"aw-1gybjub aw-1p7kakr cmIuaG fmSRng yle__article__paragraph\">Kulttuurip\u00e4\u00e4kaupunkivuosi 2026 on n\u00e4kynyt jo aiempien vuosien budjeteissa, mutta j\u00e4rjestelyihin isoin osuus kaikkiaan 20 miljoonan euron rahoituksesta on tulossa ensi vuonna.<\/p>\n<p class=\"aw-1gybjub aw-1p7kakr cmIuaG fmSRng yle__article__paragraph\">Vaikka lainakanta onkin nousemassa yli miljardiin euroon, kaupunginjohtaja ei ole huolissaan. Aiemmilta vuosilta kassaan on kertynyt ylij\u00e4\u00e4m\u00e4\u00e4 miljardi euroa.<\/p>\n<p class=\"aw-1gybjub aw-1p7kakr cmIuaG fmSRng yle__article__paragraph\">Oulun ensi vuoden talousarvio on l\u00e4hes 30 miljoonaa euroa alij\u00e4\u00e4m\u00e4inen. Se on v\u00e4hemm\u00e4n kuin t\u00e4m\u00e4n vuoden ennuste, mutta selv\u00e4sti enemm\u00e4n kuin vuosina 2023 ja 2024.<\/p>\n<p>Veroihin ei esitet\u00e4 muutoksia<\/p>\n<p class=\"aw-1gybjub aw-1p7kakr cmIuaG fmSRng yle__article__paragraph\">Kaupunginjohtaja Alatossavan mukaan budjettiesityksen my\u00f6nteisi\u00e4 asioita kuntalaisille on veroprosenttien ennallaan pit\u00e4minen.<\/p>\n<p class=\"aw-1gybjub aw-1p7kakr cmIuaG fmSRng yle__article__paragraph\">Lopullisesti veroprosenteista ja budjetista p\u00e4\u00e4tt\u00e4\u00e4 joulukuussa kaupunginvaltuusto.<\/p>\n<p class=\"aw-1gybjub aw-1p7kakr cmIuaG fmSRng yle__article__paragraph\">Ty\u00f6llisyystilanne on heikentynyt my\u00f6s Oulussa tuntuvasti viimeisen vuoden aikana, mutta kaupunki odottaa verotuloihin ensi vuonna noin 35 miljoonan euron kasvua.<\/p>\n<p class=\"aw-1gybjub aw-1p7kakr cmIuaG fmSRng yle__article__paragraph\">Ensi vuosi n\u00e4ytt\u00e4\u00e4 paremmalta kuin t\u00e4m\u00e4 vuosi, kertoo Alatossava.<\/p>\n<p class=\"aw-1gybjub aw-1p7kakr cmIuaG fmSRng yle__article__paragraph\">\u2013 Ennusteet perustuvat valtiovarainministeri\u00f6n ja Kuntaliiton arvioihin, joiden mukaan talous l\u00e4htisi kasvuun ja ty\u00f6tt\u00f6myys laskuun.<\/p>\n<p class=\"aw-1gybjub aw-1p7kakr cmIuaG fmSRng yle__article__paragraph\">Ty\u00f6tt\u00f6myys haastaa kuitenkin my\u00f6s Oulua.<\/p>\n<p class=\"aw-1gybjub aw-1p7kakr cmIuaG fmSRng yle__article__paragraph\">\u2013 Se on iso ongelma, ihan yksitt\u00e4isten kotitalouksien tasolla mutta my\u00f6s kaupungille. Maksamme ty\u00f6tt\u00f6myysturvaan kuuluvia maksuja 34 miljoonaa euroa, mink\u00e4 lis\u00e4ksi ty\u00f6tt\u00f6myydest\u00e4 aiheutuu muitakin ongelmia, Alatossava toteaa.<\/p>\n","protected":false},"excerpt":{"rendered":"Oulun kaupungin lainakanta on nousemassa yli miljardiin euroon. Kolmessa vuodessa lainaa tarvitaan lis\u00e4\u00e4 yli 400 miljoonaa euroa. Avaa&hellip;\n","protected":false},"author":2,"featured_media":44149,"comment_status":"","ping_status":"","sticky":false,"template":"","format":"standard","meta":{"footnotes":"","_share_on_mastodon":"0"},"categories":[12],"tags":[22,23,4115,26,27,33,31,30,17,5790,71,1835,1833,24,25,28,29,15,18,952,21,728,32,11482,19,20,16],"class_list":["post-44148","post","type-post","status-publish","format-standard","has-post-thumbnail","category-suomi","tag-breaking-news","tag-breakingnews","tag-budjetit","tag-featured-news","tag-featurednews","tag-fi","tag-finland","tag-finnish","tag-headlines","tag-kaupungit","tag-kotimaa","tag-kunnallishallinto","tag-kunnat","tag-latest-news","tag-latestnews","tag-main-news","tag-mainnews","tag-news","tag-otsikot","tag-oulu","tag-paauutiset","tag-pohjois-pohjanmaa","tag-suomi","tag-talousarvioesitykset","tag-top-stories","tag-topstories","tag-uutiset"],"share_on_mastodon":{"url":"","error":""},"_links":{"self":[{"href":"https:\/\/www.europesays.com\/fi\/wp-json\/wp\/v2\/posts\/44148","targetHints":{"allow":["GET"]}}],"collection":[{"href":"https:\/\/www.europesays.com\/fi\/wp-json\/wp\/v2\/posts"}],"about":[{"href":"https:\/\/www.europesays.com\/fi\/wp-json\/wp\/v2\/types\/post"}],"author":[{"embeddable":true,"href":"https:\/\/www.europesays.com\/fi\/wp-json\/wp\/v2\/users\/2"}],"replies":[{"embeddable":true,"href":"https:\/\/www.europesays.com\/fi\/wp-json\/wp\/v2\/comments?post=44148"}],"version-history":[{"count":0,"href":"https:\/\/www.europesays.com\/fi\/wp-json\/wp\/v2\/posts\/44148\/revisions"}],"wp:featuredmedia":[{"embeddable":true,"href":"https:\/\/www.europesays.com\/fi\/wp-json\/wp\/v2\/media\/44149"}],"wp:attachment":[{"href":"https:\/\/www.europesays.com\/fi\/wp-json\/wp\/v2\/media?parent=44148"}],"wp:term":[{"taxonomy":"category","embeddable":true,"href":"https:\/\/www.europesays.com\/fi\/wp-json\/wp\/v2\/categories?post=44148"},{"taxonomy":"post_tag","embeddable":true,"href":"https:\/\/www.europesays.com\/fi\/wp-json\/wp\/v2\/tags?post=44148"}],"curies":[{"name":"wp","href":"https:\/\/api.w.org\/{rel}","templated":true}]}}